{"id":545272,"date":"2025-11-19T19:09:13","date_gmt":"2025-11-19T19:09:13","guid":{"rendered":"https:\/\/www.europesays.com\/fr\/545272\/"},"modified":"2025-11-19T19:09:13","modified_gmt":"2025-11-19T19:09:13","slug":"les-entreprises-visent-la-rentabilite-pas-la-sante-des-consommateurs-liberation","status":"publish","type":"post","link":"https:\/\/www.europesays.com\/fr\/545272\/","title":{"rendered":"\u00abLes entreprises visent la rentabilit\u00e9, pas la sant\u00e9 des consommateurs\u00bb \u2013 Lib\u00e9ration"},"content":{"rendered":"<p>Interview <\/p>\n<p class=\"sc-cPiKLX sc-leXBFf AiZTS iSucVa\">La revue m\u00e9dicale \u00abThe Lancet\u00bb confirme, dans des articles publi\u00e9s mercredi 19\u00a0novembre, le lien entre la consommation de produits transform\u00e9s et une douzaine de maladies. M\u00e9lissa Mialon, chercheuse \u00e0 l\u2019Inserm ayant particip\u00e9 \u00e0 l\u2019\u00e9tude, d\u00e9nonce la logique \u00e9conomique qui conduit des produits n\u00e9fastes pour la sant\u00e9 \u00e0 s\u2019imposer dans les rayons des supermarch\u00e9s.<\/p>\n","protected":false},"excerpt":{"rendered":"Interview La revue m\u00e9dicale \u00abThe Lancet\u00bb confirme, dans des articles publi\u00e9s mercredi 19\u00a0novembre, le lien entre la consommation&hellip;\n","protected":false},"author":2,"featured_media":545273,"comment_status":"","ping_status":"","sticky":false,"template":"","format":"standard","meta":{"footnotes":""},"categories":[10],"tags":[25339,234,1011,27,72,71],"class_list":{"0":"post-545272","1":"post","2":"type-post","3":"status-publish","4":"format-standard","5":"has-post-thumbnail","7":"category-sante","8":"tag-alimentation-la-recette-pour-tout-changer","9":"tag-diabete","10":"tag-fr","11":"tag-france","12":"tag-health","13":"tag-sante"},"share_on_mastodon":{"url":"https:\/\/pubeurope.com\/@fr\/115577943833830764","error":""},"_links":{"self":[{"href":"https:\/\/www.europesays.com\/fr\/wp-json\/wp\/v2\/posts\/545272","targetHints":{"allow":["GET"]}}],"collection":[{"href":"https:\/\/www.europesays.com\/fr\/wp-json\/wp\/v2\/posts"}],"about":[{"href":"https:\/\/www.europesays.com\/fr\/wp-json\/wp\/v2\/types\/post"}],"author":[{"embeddable":true,"href":"https:\/\/www.europesays.com\/fr\/wp-json\/wp\/v2\/users\/2"}],"replies":[{"embeddable":true,"href":"https:\/\/www.europesays.com\/fr\/wp-json\/wp\/v2\/comments?post=545272"}],"version-history":[{"count":0,"href":"https:\/\/www.europesays.com\/fr\/wp-json\/wp\/v2\/posts\/545272\/revisions"}],"wp:featuredmedia":[{"embeddable":true,"href":"https:\/\/www.europesays.com\/fr\/wp-json\/wp\/v2\/media\/545273"}],"wp:attachment":[{"href":"https:\/\/www.europesays.com\/fr\/wp-json\/wp\/v2\/media?parent=545272"}],"wp:term":[{"taxonomy":"category","embeddable":true,"href":"https:\/\/www.europesays.com\/fr\/wp-json\/wp\/v2\/categories?post=545272"},{"taxonomy":"post_tag","embeddable":true,"href":"https:\/\/www.europesays.com\/fr\/wp-json\/wp\/v2\/tags?post=545272"}],"curies":[{"name":"wp","href":"https:\/\/api.w.org\/{rel}","templated":true}]}}