{"id":545276,"date":"2025-11-19T19:11:13","date_gmt":"2025-11-19T19:11:13","guid":{"rendered":"https:\/\/www.europesays.com\/fr\/545276\/"},"modified":"2025-11-19T19:11:13","modified_gmt":"2025-11-19T19:11:13","slug":"beaucoup-de-musiciens-voudront-lui-rendre-hommage-les-obseques-derik-marchand-se-derouleront-vendredi-a-poullaouen","status":"publish","type":"post","link":"https:\/\/www.europesays.com\/fr\/545276\/","title":{"rendered":"\u00ab\u00a0Beaucoup de musiciens voudront lui rendre hommage\u00a0\u00bb\u00a0: les obs\u00e8ques d\u2019Erik Marchand se d\u00e9rouleront vendredi\u00a0\u00e0 Poullaouen"},"content":{"rendered":"<p>Dans un message post\u00e9 sur <a href=\"https:\/\/www.facebook.com\/florian.baron\/?locale=fr_FR\" title=\"www.facebook.com\" target=\"_blank\" rel=\"noopener\">son profil Facebook<\/a>, le musicien Florian Baron, annon\u00e7ait, mardi, que les obs\u00e8ques d\u2019Erik Marchand se d\u00e9rouleraient ce vendredi 21 novembre 2025, \u00e0 Poullaouen, commune o\u00f9 il r\u00e9sidait. \u00ab\u00a0L\u2019onde de choc continue de secouer mon corps et mes pens\u00e9es\u00a0! Combien sommes-nous \u00e0 \u00eatre esseul\u00e9s par le d\u00e9part d\u2019Erik\u00a0\u00bb, lan\u00e7ait-il dans un tr\u00e8s bel hommage au musicien qu\u2019il a longuement c\u00f4toy\u00e9.<\/p>\n<p>C\u00e9r\u00e9monie la\u00efque \u00e0 14\u00a0h\u00a030<\/p>\n<p>Selon le photographe \u00c9ric Legret, qui documente l\u2019actualit\u00e9 musicale bretonne depuis pr\u00e8s de trente ans, c\u2019est <a href=\"https:\/\/www.drom-kba.eu\/-L-association-DROM-.html\" target=\"_blank\" rel=\"noopener\">l\u2019association Drom<\/a> qui organisera la c\u00e9r\u00e9monie de vendredi avec la compagne du <a href=\"https:\/\/www.letelegramme.fr\/culture-loisirs\/deces-du-musicien-breton-erik-marchand-6919574.php\" target=\"_blank\" rel=\"noopener\">musicien d\u00e9c\u00e9d\u00e9 le 30 octobre en Roumanie<\/a>. Cette association avait \u00e9t\u00e9 cr\u00e9\u00e9e en 2001 par Erik Marchand et Gaby Kerdoncuff pour \u0153uvrer \u00e0 la promotion et \u00e0 la transmission des cultures populaires de tradition orale et de la musique modale.<\/p>\n<p>Une c\u00e9r\u00e9monie la\u00efque est pr\u00e9vue \u00e0 14\u00a0h\u00a030, \u00e0 la salle Amzer Zo de Poullaouen, et une d\u00e9ambulation suivra jusqu\u2019au cimeti\u00e8re, avant un retour \u00e0 la salle des f\u00eates pour un pot. \u00ab\u00a0Il est pr\u00e9vu que Drom organise un \u00e9v\u00e9nement artistique de plus grande ampleur en sa m\u00e9moire en d\u00e9but d\u2019ann\u00e9e prochaine\u00a0\u00bb, signale \u00c9ric Legret.<\/p>\n<p>\u00ab\u00a0Il va s\u00fbrement y avoir pas mal de chanteurs et musiciens\u00a0\u00bb<\/p>\n<p>Pour \u00c9ric Legret, il est probable que de tr\u00e8s nombreux musiciens auront \u00e0 c\u0153ur de venir saluer une derni\u00e8re fois Erik Marchand. \u00ab\u00a0Il va s\u00fbrement y avoir pas mal de chanteurs et musiciens et il n\u2019est pas exclu qu\u2019un hommage spontan\u00e9 lui soit rendu.\u00a0\u00bb Le photographe souligne qu\u2019avec le d\u00e9part d\u2019Erik Marchand et <a href=\"https:\/\/www.letelegramme.fr\/finistere\/carhaix-29270\/il-na-jamais-cherche-la-lumiere-a-carhaix-pres-dun-millier-de-personnes-ont-rendu-hommage-au-guitariste-soig-siberil-6795934.php\" title=\"www.letelegramme.fr\" target=\"_blank\" rel=\"noopener\">So\u00efg Sib\u00e9ril<\/a>, cette ann\u00e9e, \u00ab\u00a0ce sont deux monuments de la musique et de la culture bretonne qui s\u2019en sont all\u00e9s. Tous deux avaient \u00e9volu\u00e9 au sein de la formation mythique Gwerz, une v\u00e9ritable r\u00e9f\u00e9rence culturelle. Beaucoup d\u2019artistes se sont nourris de cette d\u00e9marche\u00a0\u00bb, pr\u00e9cise-t-il.<\/p>\n<p>La KBA, un \u00ab\u00a0formidable condens\u00e9\u00a0\u00bb du travail d\u2019Erik Marchand<\/p>\n<p>Il ajoute qu\u2019Erik Marchand a toujours \u00e9t\u00e9 tr\u00e8s pr\u00e9sent dans le domaine de la transmission, la Kreiz Breizh Akademi (KBA) qu\u2019il a cr\u00e9\u00e9e en \u00e9tant sans doute le plus bel exemple. \u00ab\u00a0On retrouve \u00e9norm\u00e9ment de musiciens \u00e9tant pass\u00e9s par l\u00e0 dans beaucoup de groupes actuels de la sc\u00e8ne bretonne, assure-t-il. Tout son travail autour de la musique modale a \u00e9t\u00e9 int\u00e9gr\u00e9 par ces jeunes musiciens. C\u2019est le plus bel hommage qu\u2019on puisse lui rendre\u00a0!\u00a0\u00bb.<\/p>\n<p>\u00c9ric Legret, qui connaissait Erik Marchand depuis 1998 et qui a r\u00e9alis\u00e9 toutes les photos de la Kreiz Breizh Akademi depuis le d\u00e9but, rappelle que la onzi\u00e8me promotion de la KBA, <a href=\"https:\/\/www.letelegramme.fr\/morbihan\/ploerdut-56160\/un-spectacle-grandiose-avec-le-kreiz-breizh-akademi-a-lespace-koed-noz-de-ploerdut-6819577.php\" title=\"www.letelegramme.fr\" target=\"_blank\" rel=\"noopener\">\u00ab\u00a0M\u00e9m\u00e9 K7\u00a0\u00bb, actuellement en tourn\u00e9e<\/a>, constitue \u00ab\u00a0un formidable condens\u00e9 de ce travail men\u00e9 par Erik Marchand. C\u2019est sans doute ce qui fait que la musique bretonne, nourrie par d\u2019autres influences, va perdurer\u00a0\u00bb, estime-t-il.<\/p>\n","protected":false},"excerpt":{"rendered":"Dans un message post\u00e9 sur son profil Facebook, le musicien Florian Baron, annon\u00e7ait, mardi, que les obs\u00e8ques d\u2019Erik&hellip;\n","protected":false},"author":2,"featured_media":545277,"comment_status":"","ping_status":"","sticky":false,"template":"","format":"standard","meta":{"footnotes":""},"categories":[8],"tags":[829,5934,58,765,59,3321,1011,27,873,1391,32937],"class_list":{"0":"post-545276","1":"post","2":"type-post","3":"status-publish","4":"format-standard","5":"has-post-thumbnail","7":"category-divertissement","8":"tag-bretagne","9":"tag-carhaix-plouguer","10":"tag-divertissement","11":"tag-en-continu","12":"tag-entertainment","13":"tag-finistere","14":"tag-fr","15":"tag-france","16":"tag-musique","17":"tag-necrologie","18":"tag-poullaouen"},"share_on_mastodon":{"url":"https:\/\/pubeurope.com\/@fr\/115577952227341583","error":""},"_links":{"self":[{"href":"https:\/\/www.europesays.com\/fr\/wp-json\/wp\/v2\/posts\/545276","targetHints":{"allow":["GET"]}}],"collection":[{"href":"https:\/\/www.europesays.com\/fr\/wp-json\/wp\/v2\/posts"}],"about":[{"href":"https:\/\/www.europesays.com\/fr\/wp-json\/wp\/v2\/types\/post"}],"author":[{"embeddable":true,"href":"https:\/\/www.europesays.com\/fr\/wp-json\/wp\/v2\/users\/2"}],"replies":[{"embeddable":true,"href":"https:\/\/www.europesays.com\/fr\/wp-json\/wp\/v2\/comments?post=545276"}],"version-history":[{"count":0,"href":"https:\/\/www.europesays.com\/fr\/wp-json\/wp\/v2\/posts\/545276\/revisions"}],"wp:featuredmedia":[{"embeddable":true,"href":"https:\/\/www.europesays.com\/fr\/wp-json\/wp\/v2\/media\/545277"}],"wp:attachment":[{"href":"https:\/\/www.europesays.com\/fr\/wp-json\/wp\/v2\/media?parent=545276"}],"wp:term":[{"taxonomy":"category","embeddable":true,"href":"https:\/\/www.europesays.com\/fr\/wp-json\/wp\/v2\/categories?post=545276"},{"taxonomy":"post_tag","embeddable":true,"href":"https:\/\/www.europesays.com\/fr\/wp-json\/wp\/v2\/tags?post=545276"}],"curies":[{"name":"wp","href":"https:\/\/api.w.org\/{rel}","templated":true}]}}