{"id":545311,"date":"2025-11-19T19:34:16","date_gmt":"2025-11-19T19:34:16","guid":{"rendered":"https:\/\/www.europesays.com\/fr\/545311\/"},"modified":"2025-11-19T19:34:16","modified_gmt":"2025-11-19T19:34:16","slug":"le-temps-des-semailles-dans-le-quartier-archipel-2-un-arbre-pour-jane-goodall","status":"publish","type":"post","link":"https:\/\/www.europesays.com\/fr\/545311\/","title":{"rendered":"le temps des semailles dans le quartier Archipel 2, un arbre pour Jane Goodall"},"content":{"rendered":"<p>\u00ab Ici, on s\u00e8me les graines de l\u2019avenir. \u00bb Pour le coup d\u2019envoi de la sixi\u00e8me saison du Plan Canop\u00e9e, consacr\u00e9 \u00e0 la v\u00e9g\u00e9talisation urbaine, la ville de Strasbourg aura pris de l\u2019avance sur la Sainte-Catherine (25 novembre), jour de plantation selon la tradition.<\/p>\n<p>Mardi 18 novembre, Suzanne Brolly, adjointe \u00e0 la maire en charge de la ville r\u00e9siliente, a d\u00e9clench\u00e9 la seconde tranche du programme de dix ans pour la r\u00e9duction des \u00eelots de chaleur. <a href=\"https:\/\/www.dna.fr\/environnement\/2025\/05\/06\/plan-canopee-contre-les-coups-de-chaud-deja-plus-de-5-000-arbres-plantes\" target=\"_blank\" rel=\"nofollow noopener\">Au tournant de la premi\u00e8re, 5 589 plantations sont r\u00e9pertori\u00e9es<\/a> sur les 10 000 pr\u00e9vues d\u2019ici 2030, dans l\u2019optique d\u2019atteindre 30 % de surface arbor\u00e9e \u00e0 l\u2019horizon 2050.<\/p>\n<p>Un projet&#8230;                        <\/p>\n","protected":false},"excerpt":{"rendered":"\u00ab Ici, on s\u00e8me les graines de l\u2019avenir. \u00bb Pour le coup d\u2019envoi de la sixi\u00e8me saison du&hellip;\n","protected":false},"author":2,"featured_media":545312,"comment_status":"","ping_status":"","sticky":false,"template":"","format":"standard","meta":{"footnotes":""},"categories":[2820],"tags":[1111,11,2880,4188,436,1777,674,107,1011,27,775,12,5140,25,640,2879],"class_list":{"0":"post-545311","1":"post","2":"type-post","3":"status-publish","4":"format-standard","5":"has-post-thumbnail","7":"category-strasbourg","8":"tag-actu","9":"tag-actualites","10":"tag-edition-strasbourg","11":"tag-elections-municipales","12":"tag-environnement","13":"tag-eu","14":"tag-europe","15":"tag-fil-info","16":"tag-fr","17":"tag-france","18":"tag-grand-est","19":"tag-news","20":"tag-rechauffement-climatique","21":"tag-republique-francaise","22":"tag-strasbourg","23":"tag-strasbourg-ville"},"share_on_mastodon":{"url":"https:\/\/pubeurope.com\/@fr\/115578042151707341","error":""},"_links":{"self":[{"href":"https:\/\/www.europesays.com\/fr\/wp-json\/wp\/v2\/posts\/545311","targetHints":{"allow":["GET"]}}],"collection":[{"href":"https:\/\/www.europesays.com\/fr\/wp-json\/wp\/v2\/posts"}],"about":[{"href":"https:\/\/www.europesays.com\/fr\/wp-json\/wp\/v2\/types\/post"}],"author":[{"embeddable":true,"href":"https:\/\/www.europesays.com\/fr\/wp-json\/wp\/v2\/users\/2"}],"replies":[{"embeddable":true,"href":"https:\/\/www.europesays.com\/fr\/wp-json\/wp\/v2\/comments?post=545311"}],"version-history":[{"count":0,"href":"https:\/\/www.europesays.com\/fr\/wp-json\/wp\/v2\/posts\/545311\/revisions"}],"wp:featuredmedia":[{"embeddable":true,"href":"https:\/\/www.europesays.com\/fr\/wp-json\/wp\/v2\/media\/545312"}],"wp:attachment":[{"href":"https:\/\/www.europesays.com\/fr\/wp-json\/wp\/v2\/media?parent=545311"}],"wp:term":[{"taxonomy":"category","embeddable":true,"href":"https:\/\/www.europesays.com\/fr\/wp-json\/wp\/v2\/categories?post=545311"},{"taxonomy":"post_tag","embeddable":true,"href":"https:\/\/www.europesays.com\/fr\/wp-json\/wp\/v2\/tags?post=545311"}],"curies":[{"name":"wp","href":"https:\/\/api.w.org\/{rel}","templated":true}]}}