{"id":545350,"date":"2025-11-19T19:59:15","date_gmt":"2025-11-19T19:59:15","guid":{"rendered":"https:\/\/www.europesays.com\/fr\/545350\/"},"modified":"2025-11-19T19:59:15","modified_gmt":"2025-11-19T19:59:15","slug":"lhomme-au-couteau-de-la-gare-montparnasse-place-en-detention-provisoire","status":"publish","type":"post","link":"https:\/\/www.europesays.com\/fr\/545350\/","title":{"rendered":"L\u2019homme au couteau de la gare Montparnasse plac\u00e9 en d\u00e9tention provisoire"},"content":{"rendered":"<p><a href=\"https:\/\/www.20minutes.fr\/faits_divers\/4185689-20251114-paris-homme-blesse-balles-police-gare-montparnasse-apres-avoir-exhibe-couteau-gare-evacuee\" target=\"_blank\" class=\"c-link c-link--is-underlined\" rel=\"noopener\">Le quadrag\u00e9naire bless\u00e9 vendredi \u00e0 la gare Montparnasse<\/a>, apr\u00e8s s\u2019\u00eatre port\u00e9 plusieurs coups de couteau et avoir \u00e9t\u00e9 touch\u00e9 par un tir policier, a \u00e9t\u00e9 mis en examen puis plac\u00e9 en d\u00e9tention provisoire mercredi, selon le parquet. L\u2019homme de 44 ans, arriv\u00e9 en train de <a href=\"https:\/\/www.20minutes.fr\/rennes\/\" target=\"_blank\" class=\"c-link c-link--is-underlined\" rel=\"noopener\">Rennes<\/a>, \u00e9tait recherch\u00e9 dans le cadre d\u2019une enqu\u00eate pour violences conjugales, apr\u00e8s une condamnation remontant \u00e0 septembre.<\/p>\n<p>Les \u00e9l\u00e9ments de l\u2019enqu\u00eate montrent que l\u2019individu transportait un <a href=\"https:\/\/www.20minutes.fr\/dossier\/couteau\" target=\"_blank\" class=\"c-link c-link--is-underlined\" rel=\"noopener\">couteau<\/a> de cuisine, un cutter, une bouteille d\u2019alcool et un pistolet \u00e0 billes d\u00e9pourvu de munitions. Lors de l\u2019intervention, il a ignor\u00e9 les injonctions r\u00e9p\u00e9t\u00e9es d\u2019un policier qui a d\u00e9clar\u00e9 lui avoir \u00ab\u00a0intim\u00e9 \u00e0 quatre reprises de l\u00e2cher son arme\u00a0\u00bb. L\u2019agent affirme avoir ensuite observ\u00e9 l\u2019homme \u00ab\u00a0commencer \u00e0 se mutiler\u00a0\u00bb, avant de lui demander \u00ab\u00a0deux fois d\u2019arr\u00eater\u00a0\u00bb et de tirer en direction de ses jambes. Ces d\u00e9clarations ont \u00e9t\u00e9 confirm\u00e9es par l\u2019exploitation de sa cam\u00e9ra-pi\u00e9ton, pr\u00e9cise le parquet.<\/p>\n<\/p>\n<p>\u00ab\u00a0Des traits de personnalit\u00e9 antisociale\u00a0\u00bb<\/p>\n<p>Les d\u00e9bats judiciaires se sont d\u00e9roul\u00e9s \u00e0 l\u2019h\u00f4pital, o\u00f9 le <a href=\"https:\/\/www.20minutes.fr\/dossier\/suspect\" target=\"_blank\" class=\"c-link c-link--is-underlined\" rel=\"noopener\">suspect<\/a> \u00e9tait pris en charge pour une blessure \u00e0 la gorge provoqu\u00e9e par son couteau et une plaie \u00e0 la cuisse travers\u00e9e par la balle polici\u00e8re. Un passant, \u00e2g\u00e9 d\u2019une cinquantaine d\u2019ann\u00e9es, a \u00e9galement \u00e9t\u00e9 touch\u00e9 au pied lors du tir. Le policier, lui, a \u00e9t\u00e9 hospitalis\u00e9 en \u00e9tat de choc apr\u00e8s l\u2019intervention\u00a0; sa garde \u00e0 vue a \u00e9t\u00e9 lev\u00e9e apr\u00e8s audition et son arme saisie.<\/p>\n<p><a href=\"https:\/\/www.20minutes.fr\/paris\/\" target=\"_blank\" class=\"c-link c-btn c-btn--primary\" rel=\"noopener\">Toute l&rsquo;actualit\u00e9 \u00e0 Paris<\/a><\/p>\n<p>Le minist\u00e8re public souligne que l\u2019examen <a href=\"https:\/\/www.20minutes.fr\/dossier\/psychiatrie\" target=\"_blank\" class=\"c-link c-link--is-underlined\" rel=\"noopener\">psychiatrique<\/a> fait appara\u00eetre chez le suspect \u00ab\u00a0des traits de personnalit\u00e9 antisociale\u00a0\u00bb et \u00ab\u00a0une faible tol\u00e9rance \u00e0 la frustration\u00a0\u00bb, aggrav\u00e9s par une consommation excessive d\u2019alcool pouvant atteindre \u00ab\u00a0jusqu\u2019\u00e0 2 litres de whisky par jour\u00a0\u00bb. Une information judiciaire pour violences sur personne d\u00e9positaire de l\u2019autorit\u00e9 publique avec usage d\u2019arme (sans incapacit\u00e9 totale de travail) a \u00e9t\u00e9 ouverte dans la foul\u00e9e.<\/p>\n","protected":false},"excerpt":{"rendered":"Le quadrag\u00e9naire bless\u00e9 vendredi \u00e0 la gare Montparnasse, apr\u00e8s s\u2019\u00eatre port\u00e9 plusieurs coups de couteau et avoir \u00e9t\u00e9&hellip;\n","protected":false},"author":2,"featured_media":545351,"comment_status":"","ping_status":"","sticky":false,"template":"","format":"standard","meta":{"footnotes":""},"categories":[1888],"tags":[47,11,7623,1777,674,1011,27,8037,662,303,12,626,235,25,809],"class_list":{"0":"post-545350","1":"post","2":"type-post","3":"status-publish","4":"format-standard","5":"has-post-thumbnail","7":"category-paris","8":"tag-actualite","9":"tag-actualites","10":"tag-coup-de-couteau","11":"tag-eu","12":"tag-europe","13":"tag-fr","14":"tag-france","15":"tag-gare-montparnasse","16":"tag-ile-de-france","17":"tag-justice","18":"tag-news","19":"tag-paris","20":"tag-psychiatrie","21":"tag-republique-francaise","22":"tag-violence"},"share_on_mastodon":{"url":"https:\/\/pubeurope.com\/@fr\/115578140421056296","error":""},"_links":{"self":[{"href":"https:\/\/www.europesays.com\/fr\/wp-json\/wp\/v2\/posts\/545350","targetHints":{"allow":["GET"]}}],"collection":[{"href":"https:\/\/www.europesays.com\/fr\/wp-json\/wp\/v2\/posts"}],"about":[{"href":"https:\/\/www.europesays.com\/fr\/wp-json\/wp\/v2\/types\/post"}],"author":[{"embeddable":true,"href":"https:\/\/www.europesays.com\/fr\/wp-json\/wp\/v2\/users\/2"}],"replies":[{"embeddable":true,"href":"https:\/\/www.europesays.com\/fr\/wp-json\/wp\/v2\/comments?post=545350"}],"version-history":[{"count":0,"href":"https:\/\/www.europesays.com\/fr\/wp-json\/wp\/v2\/posts\/545350\/revisions"}],"wp:featuredmedia":[{"embeddable":true,"href":"https:\/\/www.europesays.com\/fr\/wp-json\/wp\/v2\/media\/545351"}],"wp:attachment":[{"href":"https:\/\/www.europesays.com\/fr\/wp-json\/wp\/v2\/media?parent=545350"}],"wp:term":[{"taxonomy":"category","embeddable":true,"href":"https:\/\/www.europesays.com\/fr\/wp-json\/wp\/v2\/categories?post=545350"},{"taxonomy":"post_tag","embeddable":true,"href":"https:\/\/www.europesays.com\/fr\/wp-json\/wp\/v2\/tags?post=545350"}],"curies":[{"name":"wp","href":"https:\/\/api.w.org\/{rel}","templated":true}]}}