{"id":545363,"date":"2025-11-19T20:07:18","date_gmt":"2025-11-19T20:07:18","guid":{"rendered":"https:\/\/www.europesays.com\/fr\/545363\/"},"modified":"2025-11-19T20:07:18","modified_gmt":"2025-11-19T20:07:18","slug":"les-occupants-ont-eu-le-temps-de-sortir-a-temps","status":"publish","type":"post","link":"https:\/\/www.europesays.com\/fr\/545363\/","title":{"rendered":"les occupants ont eu le temps de sortir \u00e0 temps"},"content":{"rendered":"<p>La s\u00e9r\u00e9nit\u00e9 de la petite commune rurale de Charleville-sous-Bois a \u00e9t\u00e9 perturb\u00e9e ce mercredi 19 novembre. Le feu a pris, rue Principale, dans une maison de cette localit\u00e9 de moins de 300 habitants situ\u00e9e dans la communaut\u00e9 de communes Haut-Chemin Pays-de-Pange.<\/p>\n<p>Aux alentours de midi, le feu s\u2019est d\u00e9clar\u00e9 dans un logement familial compos\u00e9 d\u2019un rez-de-chauss\u00e9e et d\u2019un \u00e9tage. Selon nos informations, l\u2019incendie serait parti de l\u2019une des chambres de la maison. Par chance, les occupants des lieux ont eu le temps de sortir avant l\u2019arriv\u00e9e des secours.<\/p>\n<p>Ce contenu est bloqu\u00e9 car vous n&rsquo;avez pas accept\u00e9 les cookies et autres traceurs.<\/p>\n<p>En cliquant sur \u00ab J\u2019accepte \u00bb, les cookies et autres traceurs seront d\u00e9pos\u00e9s et vous pourrez visualiser les contenus  (<a href=\"\" class=\"consentModule_policy\" target=\"_blank\" title=\"Consulter la politique de protection des donn\u00e9es du fournisseur\">plus d&rsquo;informations<\/a>).<\/p>\n<p>En cliquant sur \u00ab J\u2019accepte tous les cookies \u00bb, vous autorisez des d\u00e9p\u00f4ts de cookies et autres traceurs pour le stockage de vos donn\u00e9es sur nos sites et applications \u00e0 des fins de personnalisation et de ciblage publicitaire.<\/p>\n<p class=\"consentModule_secondaryText\">Vous gardez la possibilit\u00e9 de retirer votre consentement \u00e0 tout moment en consultant notre <a href=\"https:\/\/www.republicain-lorrain.fr\/protection-des-donnees\" target=\"_blank\" title=\"Consulter notre politique de protection des donn\u00e9es\" rel=\"noopener\">politique de protection des donn\u00e9es<\/a>. <br \/>&#13;<br \/>\n            <a href=\"https:\/\/www.republicain-lorrain.fr\/faits-divers-justice\/2025\/11\/19\/javascript:Didomi.notice.show()\" class=\"consentModule_cmp\" target=\"_blank\" rel=\"noopener\">G\u00e9rer mes choix<\/a>&#13;\n        <\/p>\n<p>&#13;<br \/>\n                        J&rsquo;accepte&#13;<br \/>\n            J&rsquo;accepte tous les cookies&#13;\n        <\/p>\n<p>Sur place, un important dispositif de sapeurs-pompiers a \u00e9t\u00e9 d\u00e9ploy\u00e9. Les soldats du feu ont lutt\u00e9 contre les flammes, qui sont parvenues \u00e0 gagner la toiture, jusque 15h30. Ce mercredi soir, \u00e0 18h, ils se trouvaient encore sur place pour proc\u00e9der aux derni\u00e8res op\u00e9rations de d\u00e9garnissage. La circulation a \u00e9t\u00e9 impact\u00e9e le temps des op\u00e9rations.<\/p>\n<p>Une partie de la maison est d\u00e9sormais inhabitable.<\/p>\n","protected":false},"excerpt":{"rendered":"La s\u00e9r\u00e9nit\u00e9 de la petite commune rurale de Charleville-sous-Bois a \u00e9t\u00e9 perturb\u00e9e ce mercredi 19 novembre. Le feu&hellip;\n","protected":false},"author":2,"featured_media":545364,"comment_status":"","ping_status":"","sticky":false,"template":"","format":"standard","meta":{"footnotes":""},"categories":[1586],"tags":[11,66364,66363,5598,1777,674,1779,274,1011,27,1310,5599,12,25,1778,364],"class_list":{"0":"post-545363","1":"post","2":"type-post","3":"status-publish","4":"format-standard","5":"has-post-thumbnail","7":"category-europe","8":"tag-actualites","9":"tag-cc-haut-chemin-pays-de-pange-57b","10":"tag-charleville-sous-bois","11":"tag-edition-metz-et-agglomeration","12":"tag-eu","13":"tag-europe","14":"tag-european-union","15":"tag-faits-divers-justice","16":"tag-fr","17":"tag-france","18":"tag-incendie","19":"tag-moselle","20":"tag-news","21":"tag-republique-francaise","22":"tag-ue","23":"tag-union-europeenne"},"share_on_mastodon":{"url":"https:\/\/pubeurope.com\/@fr\/115578171864190073","error":""},"_links":{"self":[{"href":"https:\/\/www.europesays.com\/fr\/wp-json\/wp\/v2\/posts\/545363","targetHints":{"allow":["GET"]}}],"collection":[{"href":"https:\/\/www.europesays.com\/fr\/wp-json\/wp\/v2\/posts"}],"about":[{"href":"https:\/\/www.europesays.com\/fr\/wp-json\/wp\/v2\/types\/post"}],"author":[{"embeddable":true,"href":"https:\/\/www.europesays.com\/fr\/wp-json\/wp\/v2\/users\/2"}],"replies":[{"embeddable":true,"href":"https:\/\/www.europesays.com\/fr\/wp-json\/wp\/v2\/comments?post=545363"}],"version-history":[{"count":0,"href":"https:\/\/www.europesays.com\/fr\/wp-json\/wp\/v2\/posts\/545363\/revisions"}],"wp:featuredmedia":[{"embeddable":true,"href":"https:\/\/www.europesays.com\/fr\/wp-json\/wp\/v2\/media\/545364"}],"wp:attachment":[{"href":"https:\/\/www.europesays.com\/fr\/wp-json\/wp\/v2\/media?parent=545363"}],"wp:term":[{"taxonomy":"category","embeddable":true,"href":"https:\/\/www.europesays.com\/fr\/wp-json\/wp\/v2\/categories?post=545363"},{"taxonomy":"post_tag","embeddable":true,"href":"https:\/\/www.europesays.com\/fr\/wp-json\/wp\/v2\/tags?post=545363"}],"curies":[{"name":"wp","href":"https:\/\/api.w.org\/{rel}","templated":true}]}}