{"id":545365,"date":"2025-11-19T20:08:15","date_gmt":"2025-11-19T20:08:15","guid":{"rendered":"https:\/\/www.europesays.com\/fr\/545365\/"},"modified":"2025-11-19T20:08:15","modified_gmt":"2025-11-19T20:08:15","slug":"voici-ou-les-premiers-flocons-de-neige-annonces-pourraient-tomber-en-ile-de-france","status":"publish","type":"post","link":"https:\/\/www.europesays.com\/fr\/545365\/","title":{"rendered":"voici o\u00f9 les premiers flocons de neige annonc\u00e9s pourraient tomber en \u00cele-de-France"},"content":{"rendered":"<p>                    Par<br \/>\n        <strong><br \/>\n            <a href=\"https:\/\/actu.fr\/auteur\/redaction-paris\" title=\"Consulter tous les articles de R\u00e9daction Paris\" rel=\"nofollow noopener\" target=\"_blank\">R\u00e9daction Paris<\/a><br \/>\n                    <\/strong><\/p>\n<p>        Publi\u00e9 le<\/p>\n<p>            19 nov. 2025 \u00e0 18h59        <\/p>\n<p>Les <a href=\"https:\/\/actu.fr\/ile-de-france\/paris_75056\/meteo-chute-brutale-des-temperatures-a-paris-et-en-ile-de-france-les-premiers-flocons-de-neige-annonces_63445171.html\" rel=\"nofollow noopener\" target=\"_blank\">premiers flocons de neige<\/a> en \u00cele-de-France vont-ils tomber jeudi 20 novembre comme le pr\u00e9voit <a href=\"https:\/\/actu.fr\/tag\/meteo-france\" rel=\"nofollow noopener\" target=\"_blank\">M\u00e9t\u00e9o France<\/a> ? Toutes les conditions semblent en effet r\u00e9unies pour que ce soit le cas. Mais, l\u2019ensemble de la r\u00e9gion ne sera pas concern\u00e9 \u00e0 commencer par Paris et la petite couronne qui devraient \u00eatre \u00e9pargn\u00e9es.\u00a0<\/p>\n<p>Un matin glac\u00e9 en \u00cele-de-France<\/p>\n<p class=\" wall-content\">L\u2019hiver a d\u00e9cid\u00e9 de prendre un peu d\u2019avance. La r\u00e9gion s\u2019appr\u00eate \u00e0 vivre l\u2019une de ses premi\u00e8res vraies journ\u00e9es hivernales de la saison, avec un cocktail de gel\u00e9es matinales, d\u2019averses instables et, localement, les premiers flocons.<\/p>\n<p class=\" wall-content\">D\u00e8s l\u2019aube, le froid s\u2019impose, d\u2019o\u00f9 le placement de l\u2019ensemble de la r\u00e9gion en <a href=\"https:\/\/actu.fr\/ile-de-france\/paris_75056\/un-air-polaire-arrive-a-paris-et-en-ile-de-france-meteo-france-active-la-vigilance-neige-verglas_63457140.html\" rel=\"nofollow noopener\" target=\"_blank\">vigilance jaune neige\/verglas<\/a> : sous un ciel souvent d\u00e9gag\u00e9, le thermom\u00e8tre plonge au niveau de 0\u00b0C en grande couronne.\u00a0 Dans la journ\u00e9e, les temp\u00e9ratures peineront \u00e0 d\u00e9passer les 6 \u00b0C selon les secteurs, ce qui entretient une atmosph\u00e8re froide.<\/p>\n<p class=\" wall-content\">Dans ce contexte, la neige devrait rester un ph\u00e9nom\u00e8ne marginal en \u00cele-de-France, mais certaines zones pourraient tout de m\u00eame voir les premiers flocons de la saison.<\/p>\n<p class=\" wall-content\">C\u2019est surtout dans le sud de la r\u00e9gion que le risque est le plus marqu\u00e9 dans la matin\u00e9e : le Pays de Fontainebleau, o\u00f9 le relief et les vastes zones bois\u00e9es favorisent un refroidissement rapide ; et toujours en Seine-et-Marne les secteurs de Nemours, Nangis, o\u00f9 les averses pourraient temporairement se transformer en neige. Dans l\u2019est du d\u00e9partement, Coulommiers et la Fert\u00e9-Gaucher pourraient aussi \u00eatre concern\u00e9es.\u00a0<\/p>\n<p class=\" wall-content\">Dans le sud de l\u2019Essonne (Etampes, Milly-la-For\u00eat) tout comme dans les Yvelines (Versailles, Rambouillet), les flocons pourraient appara\u00eetre de mani\u00e8re anecdotique.<\/p>\n<p>    <img   decoding=\"async\" loading=\"lazy\" src=\"https:\/\/www.europesays.com\/fr\/wp-content\/uploads\/2025\/11\/image-37-960x640.png\" alt=\"La Seine-et-Marne sera principalement concern\u00e9e par les premiers flocons de neige\" width=\"960\" height=\"640\"\/><br \/>\n    La Seine-et-Marne sera principalement concern\u00e9e par les premiers flocons de neige (\u00a9AdobeStock)<\/p>\n<p>Votre r\u00e9gion, votre actu !<\/p>\n<p>Recevez chaque jour les infos qui comptent pour vous.<\/p>\n<p>\t<a href=\"https:\/\/actu.fr\/newsletter\" class=\"ac-btn ac-btn--corner ac-btn--medium ac-btn--blue800\" rel=\"nofollow noopener\" target=\"_blank\">S&rsquo;incrire<\/a><\/p>\n<p class=\" wall-content\">Les nuages devraient ensuite se disperser progressivement, laissant place \u00e0 un ciel d\u00e9gag\u00e9\u2026 et \u00e0 une nouvelle chute des temp\u00e9ratures. Les gel\u00e9es pourraient faire leur retour d\u00e8s la nuit tomb\u00e9e, prolongeant les risques de verglas jusqu\u2019au lendemain matin.<\/p>\n<p class=\" wall-content\">Quant \u00e0 la neige, elle pourrait faire son retour dans la r\u00e9gion, dans la soir\u00e9e de samedi. Des pr\u00e9visions \u00e0 suivre dans les prochains jours.\u00a0<\/p>\n<p class=\" wall-content\">Personnalisez votre actualit\u00e9 en ajoutant vos villes et m\u00e9dias en favori avec <a href=\"https:\/\/moncompte.actu.fr\" title=\"D\u00e9couvez Mon Actu\" rel=\"nofollow noopener\" data-trk=\"{&quot;cta&quot;:{&quot;action&quot;:&quot;https:\\\/\\\/moncompte.actu.fr&quot;,&quot;category&quot;:&quot;mon compte&quot;,&quot;from&quot;:&quot;article footer&quot;,&quot;name&quot;:&quot;Mon actu&quot;,&quot;type&quot;:&quot;cta&quot;}}\" target=\"_blank\">Mon Actu<\/a>.<\/p>\n","protected":false},"excerpt":{"rendered":"Par R\u00e9daction Paris Publi\u00e9 le 19 nov. 2025 \u00e0 18h59 Les premiers flocons de neige en \u00cele-de-France vont-ils&hellip;\n","protected":false},"author":2,"featured_media":545366,"comment_status":"","ping_status":"","sticky":false,"template":"","format":"standard","meta":{"footnotes":""},"categories":[2],"tags":[11,1011,27,2487,2357,10584,12,25],"class_list":{"0":"post-545365","1":"post","2":"type-post","3":"status-publish","4":"format-standard","5":"has-post-thumbnail","7":"category-actualites","8":"tag-actualites","9":"tag-fr","10":"tag-france","11":"tag-meteo","12":"tag-meteo-france","13":"tag-neige","14":"tag-news","15":"tag-republique-francaise"},"share_on_mastodon":{"url":"https:\/\/pubeurope.com\/@fr\/115578176535788593","error":""},"_links":{"self":[{"href":"https:\/\/www.europesays.com\/fr\/wp-json\/wp\/v2\/posts\/545365","targetHints":{"allow":["GET"]}}],"collection":[{"href":"https:\/\/www.europesays.com\/fr\/wp-json\/wp\/v2\/posts"}],"about":[{"href":"https:\/\/www.europesays.com\/fr\/wp-json\/wp\/v2\/types\/post"}],"author":[{"embeddable":true,"href":"https:\/\/www.europesays.com\/fr\/wp-json\/wp\/v2\/users\/2"}],"replies":[{"embeddable":true,"href":"https:\/\/www.europesays.com\/fr\/wp-json\/wp\/v2\/comments?post=545365"}],"version-history":[{"count":0,"href":"https:\/\/www.europesays.com\/fr\/wp-json\/wp\/v2\/posts\/545365\/revisions"}],"wp:featuredmedia":[{"embeddable":true,"href":"https:\/\/www.europesays.com\/fr\/wp-json\/wp\/v2\/media\/545366"}],"wp:attachment":[{"href":"https:\/\/www.europesays.com\/fr\/wp-json\/wp\/v2\/media?parent=545365"}],"wp:term":[{"taxonomy":"category","embeddable":true,"href":"https:\/\/www.europesays.com\/fr\/wp-json\/wp\/v2\/categories?post=545365"},{"taxonomy":"post_tag","embeddable":true,"href":"https:\/\/www.europesays.com\/fr\/wp-json\/wp\/v2\/tags?post=545365"}],"curies":[{"name":"wp","href":"https:\/\/api.w.org\/{rel}","templated":true}]}}