{"id":545369,"date":"2025-11-19T20:10:19","date_gmt":"2025-11-19T20:10:19","guid":{"rendered":"https:\/\/www.europesays.com\/fr\/545369\/"},"modified":"2025-11-19T20:10:19","modified_gmt":"2025-11-19T20:10:19","slug":"miss-france-2026-je-reverais-detre-actrice-linterview-decalee-de-kamillat-hervian-miss-mayotte","status":"publish","type":"post","link":"https:\/\/www.europesays.com\/fr\/545369\/","title":{"rendered":"Miss France 2026 &#8211; \u00ab\u00a0Je r\u00eaverais d&rsquo;\u00eatre actrice\u00a0\u00bb : l&rsquo;interview d\u00e9cal\u00e9e de Kamillat Hervian, Miss Mayotte"},"content":{"rendered":"<ul class=\"jsx-862013697 ArticleChapo__List\">\n<li class=\"jsx-862013697 ArticleChapo__List_Item flex\">Kamillat Hervian, Miss Mayotte, est candidate \u00e0 l\u2019\u00e9lection de Miss France 2026 qui aura lieu le 6 d\u00e9cembre au Z\u00e9nith d\u2019Amiens.<\/li>\n<li class=\"jsx-862013697 ArticleChapo__List_Item flex\">Pour TF1info, elle s\u2019est pr\u00eat\u00e9e \u00e0 un portrait chinois remani\u00e9.<\/li>\n<\/ul>\n<p><a href=\"https:\/\/www.tf1info.fr\/actualite\/miss-france-2026-nord-pas-de-calais-ile-de-france-provence-quelle-candidate-succedera-a-angelique-angarni-filopon-14419\/\" rel=\"noopener\" class=\"jsx-484472199 Link jsx-1428418400 jsx-798756813\" target=\"_blank\"><\/p>\n<p style=\"font-weight:400\" class=\"jsx-1837267516\">Suivez la couverture compl\u00e8te<\/p>\n<p style=\"font-weight:800\" class=\"jsx-1837267516\">Miss France 2026 : quelle candidate succ\u00e8dera \u00e0 Ang\u00e9lique Angarni-Filopon ?<\/p>\n<p><\/a><\/p>\n<p data-module=\"article-paragraph\" class=\"jsx-3046738180 Paragraph\">Qui sera couronn\u00e9e par Ang\u00e9lique Angarni-Filopon, <a href=\"https:\/\/www.tf1info.fr\/culture\/interview-miss-france-2025-apres-son-sacre-angelique-angarni-filopon-a-hate-de-tout-ma-troisieme-participation-aura-ete-la-bonne-2339974.html\" target=\"_blank\" rel=\"noopener\">premi\u00e8re Martiniquaise et premi\u00e8re trentenaire \u00e9lue Miss France<\/a> ? Avant de d\u00e9couvrir les traditionnels portraits des candidates lors de l&rsquo;\u00e9lection, <a href=\"https:\/\/www.tf1info.fr\/culture\/miss-france-2026-concours-la-nouvelle-sera-elue-dans-une-ville-chere-a-jean-pierre-pernaut-a-amiens-2398165.html\" target=\"_blank\" rel=\"noopener\">qui aura lieu le 6 d\u00e9cembre au Z\u00e9nith d\u2019Amiens<\/a>, TF1info vous propose de faire connaissance avec les 30 reines de beaut\u00e9 en lice pour le titre de Miss France 2026.<\/p>\n<p data-module=\"article-paragraph\" class=\"jsx-3046738180 Paragraph Paragraph__End\">Toutes ont r\u00e9pondu \u00e0 un portrait chinois remani\u00e9 dans lequel elles d\u00e9voilent leur film culte, leur chanson inavouable, leur petite manie au quotidien, leur job de r\u00eave ou leur blague qui marche \u00e0 tous les coups. D\u00e9couvrez les r\u00e9ponses de Kamillat Hervian, Miss Mayotte, 24 ans.<\/p>\n<p><img decoding=\"async\" src=\"https:\/\/www.europesays.com\/fr\/wp-content\/uploads\/2025\/11\/miss-france-2026-miss-mayotte-kamillat-hervian-c4ba0d-0@1x.jpeg\" alt=\"BENJAMIN DECOIN \/ SIPA \/ TF1\" loading=\"lazy\" importance=\"low\" fetchpriority=\"low\" class=\"\" data-module=\"article-image\"\/>BENJAMIN DECOIN \/ SIPA \/ TF1<\/p>\n<p data-module=\"article-paragraph\" class=\"jsx-3046738180 Paragraph\"><strong>Mon film culte<\/strong><\/p>\n<p data-module=\"article-paragraph\" class=\"jsx-3046738180 Paragraph\">My Beautiful Boy avec Timoth\u00e9e Chalamet.<\/p>\n<p data-module=\"article-paragraph\" class=\"jsx-3046738180 Paragraph\"><strong>Ma s\u00e9rie pr\u00e9f\u00e9r\u00e9e<\/strong><\/p>\n<p data-module=\"article-paragraph\" class=\"jsx-3046738180 Paragraph\">Empire.<\/p>\n<p data-module=\"article-paragraph\" class=\"jsx-3046738180 Paragraph\"><strong>Ma chanson inavouable<\/strong><\/p>\n<p data-module=\"article-paragraph\" class=\"jsx-3046738180 Paragraph Paragraph__End\">\u00ab\u00a0Move your feet\u00a0\u00bb de Junior Senior.<\/p>\n<p data-module=\"article-paragraph\" class=\"jsx-3046738180 Paragraph\"><strong>Mon ic\u00f4ne<\/strong><\/p>\n<p data-module=\"article-paragraph\" class=\"jsx-3046738180 Paragraph\">Michael Jackson.<\/p>\n<p data-module=\"article-paragraph\" class=\"jsx-3046738180 Paragraph\"><strong>Mon crush c\u00e9l\u00e8bre<\/strong><\/p>\n<p data-module=\"article-paragraph\" class=\"jsx-3046738180 Paragraph\">L&rsquo;acteur Nick Sagar.<\/p>\n<p data-module=\"article-paragraph\" class=\"jsx-3046738180 Paragraph\"><strong>Ma petite manie au quotidien<\/strong><\/p>\n<p data-module=\"article-paragraph\" class=\"jsx-3046738180 Paragraph\">Manger mes fruits obligatoirement froids.<\/p>\n<p data-module=\"article-paragraph\" class=\"jsx-3046738180 Paragraph\"><strong>Ma plus grosse b\u00eatise<\/strong><\/p>\n<p data-module=\"article-paragraph\" class=\"jsx-3046738180 Paragraph Paragraph__End\">Avoir organis\u00e9 un anniversaire \u00e0 8 ans toute seule, sans informer mes parents et les avoir mis devant le fait accompli.<\/p>\n<blockquote class=\"jsx-2786790838 Quote__Text\"><p>Je suis engag\u00e9e dans la lutte contre le racisme et les violences faites aux femmes<\/p><\/blockquote>\n<p>Kamillat Hervian, Miss Mayotte<\/p>\n<p data-module=\"article-paragraph\" class=\"jsx-3046738180 Paragraph\"><strong>Mon job de r\u00eave<\/strong><\/p>\n<p data-module=\"article-paragraph\" class=\"jsx-3046738180 Paragraph\">Metteur en sc\u00e8ne, actrice de th\u00e9\u00e2tre et cin\u00e9ma.<\/p>\n<p data-module=\"article-paragraph\" class=\"jsx-3046738180 Paragraph\"><strong>Le r\u00e9seau social que j&rsquo;utilise le plus<\/strong><\/p>\n<p data-module=\"article-paragraph\" class=\"jsx-3046738180 Paragraph\">Instagram parce que c&rsquo;est le r\u00e9seau sur lequel je suis la plus \u00e0 l&rsquo;aise.<\/p>\n<p data-module=\"article-paragraph\" class=\"jsx-3046738180 Paragraph\"><strong>Le truc que tout le monde adore et que je d\u00e9teste le plus<\/strong><\/p>\n<p data-module=\"article-paragraph\" class=\"jsx-3046738180 Paragraph\">L&rsquo;ananas.<\/p>\n<p data-module=\"article-paragraph\" class=\"jsx-3046738180 Paragraph\"><strong>Mon produit local indispensable<\/strong><\/p>\n<p data-module=\"article-paragraph\" class=\"jsx-3046738180 Paragraph Paragraph__End\">Pierre d&rsquo;alun brute achet\u00e9e au Maghreb.<\/p>\n<p><a href=\"https:\/\/www.tf1info.fr\/culture\/miss-france-2026-candidates-de-l-alsace-a-tahiti-qui-representera-votre-region-2382342.html\" rel=\"noopener\" class=\"jsx-3308031228 Link flex\" target=\"_blank\"><img decoding=\"async\" src=\"https:\/\/www.europesays.com\/fr\/wp-content\/uploads\/2025\/10\/miss-france-2025-2-deae74-0@1x.jpeg\" alt=\"ROMAIN PERROCHEAU \/ AFP\" loading=\"lazy\" importance=\"low\" fetchpriority=\"low\" class=\"\" aria-hidden=\"true\"\/><\/p>\n<p class=\"jsx-3657663356 ReadMoreArticle__Title\">Lire aussi<\/p>\n<p class=\"jsx-3657663356\">Miss France 2026 : de l&rsquo;Alsace \u00e0 Tahiti, qui repr\u00e9sentera votre r\u00e9gion ?<\/p>\n<p><\/a><\/p>\n<p data-module=\"article-paragraph\" class=\"jsx-3046738180 Paragraph\"><strong>Pourquoi je participe \u00e0 Miss France<\/strong><\/p>\n<p data-module=\"article-paragraph\" class=\"jsx-3046738180 Paragraph\">C&rsquo;est un accomplissement pour moi. Devenir Miss France serait une belle opportunit\u00e9 de grandir, de voyager, dans des lieux incroyables et qui ne sont pas \u00e0 notre port\u00e9e. Ce serait l&rsquo;opportunit\u00e9 d&rsquo;apprendre des autres et de moi. C&rsquo;est recevoir et donner de l&rsquo;amour pendant une ann\u00e9e et bien plus encore. C&rsquo;est mettre les femmes en avant, les encourager \u00e0 se d\u00e9passer et \u00e0 s&rsquo;accomplir. Devenir Miss France, ce serait aussi prouver que tout peut arriver \u00e0 celui qui croit en ses r\u00eaves et que rien n&rsquo;est impossible aux yeux d&rsquo;une jeune fille, d&rsquo;une femme qui se bat, poursuit ses r\u00eaves et se donne la chance d&rsquo;exister, aux yeux des autres et du monde dans son authenticit\u00e9 et sa v\u00e9rit\u00e9. Se projeter dans ce concours et devenir une ambassadrice de la France serait une victoire pour moi-m\u00eame, ma famille et pour Mayotte. Car porter fi\u00e8rement les couleurs de ma r\u00e9gion et de ma nation, pouvoir soutenir et servir des causes et les mettre en lumi\u00e8re et en avant, porter des engagements, des projets, aller \u00e0 la rencontre des Fran\u00e7ais serait d&rsquo;une grande richesse.<\/p>\n<p data-module=\"article-paragraph\" class=\"jsx-3046738180 Paragraph\"><strong>Ma cause de c\u0153ur<\/strong><\/p>\n<p data-module=\"article-paragraph\" class=\"jsx-3046738180 Paragraph\">La lutte contre le racisme et les violences faites aux femmes.<\/p>\n<p data-module=\"article-paragraph\" class=\"jsx-3046738180 Paragraph\"><strong>Ma pire crainte le soir de l&rsquo;\u00e9lection<\/strong><\/p>\n<p data-module=\"article-paragraph\" class=\"jsx-3046738180 Paragraph Paragraph__End\">Ma crainte est de tomber.<\/p>\n<p>Delphine DE FREITAS<\/p>\n","protected":false},"excerpt":{"rendered":"Kamillat Hervian, Miss Mayotte, est candidate \u00e0 l\u2019\u00e9lection de Miss France 2026 qui aura lieu le 6 d\u00e9cembre&hellip;\n","protected":false},"author":2,"featured_media":545370,"comment_status":"","ping_status":"","sticky":false,"template":"","format":"standard","meta":{"footnotes":""},"categories":[4],"tags":[1111,11,1921,1011,27,1922,2440,2041,35268,3034,64682,12,25,199,13427,133,2040],"class_list":{"0":"post-545369","1":"post","2":"type-post","3":"status-publish","4":"format-standard","5":"has-post-thumbnail","7":"category-france","8":"tag-actu","9":"tag-actualites","10":"tag-article-video","11":"tag-fr","12":"tag-france","13":"tag-info","14":"tag-instagram","15":"tag-medias-et-divertissement","16":"tag-michael-jackson","17":"tag-miss-france","18":"tag-miss-france-2026-quelle-candidate-succedera-a-angelique-angarni-filopon","19":"tag-news","20":"tag-republique-francaise","21":"tag-tf1","22":"tag-timothee-chalamet","23":"tag-video","24":"tag-video-culture"},"share_on_mastodon":{"url":"https:\/\/pubeurope.com\/@fr\/115578184718460639","error":""},"_links":{"self":[{"href":"https:\/\/www.europesays.com\/fr\/wp-json\/wp\/v2\/posts\/545369","targetHints":{"allow":["GET"]}}],"collection":[{"href":"https:\/\/www.europesays.com\/fr\/wp-json\/wp\/v2\/posts"}],"about":[{"href":"https:\/\/www.europesays.com\/fr\/wp-json\/wp\/v2\/types\/post"}],"author":[{"embeddable":true,"href":"https:\/\/www.europesays.com\/fr\/wp-json\/wp\/v2\/users\/2"}],"replies":[{"embeddable":true,"href":"https:\/\/www.europesays.com\/fr\/wp-json\/wp\/v2\/comments?post=545369"}],"version-history":[{"count":0,"href":"https:\/\/www.europesays.com\/fr\/wp-json\/wp\/v2\/posts\/545369\/revisions"}],"wp:featuredmedia":[{"embeddable":true,"href":"https:\/\/www.europesays.com\/fr\/wp-json\/wp\/v2\/media\/545370"}],"wp:attachment":[{"href":"https:\/\/www.europesays.com\/fr\/wp-json\/wp\/v2\/media?parent=545369"}],"wp:term":[{"taxonomy":"category","embeddable":true,"href":"https:\/\/www.europesays.com\/fr\/wp-json\/wp\/v2\/categories?post=545369"},{"taxonomy":"post_tag","embeddable":true,"href":"https:\/\/www.europesays.com\/fr\/wp-json\/wp\/v2\/tags?post=545369"}],"curies":[{"name":"wp","href":"https:\/\/api.w.org\/{rel}","templated":true}]}}