{"id":545373,"date":"2025-11-19T20:13:12","date_gmt":"2025-11-19T20:13:12","guid":{"rendered":"https:\/\/www.europesays.com\/fr\/545373\/"},"modified":"2025-11-19T20:13:12","modified_gmt":"2025-11-19T20:13:12","slug":"lidee-du-rc-vannes-qui-va-permettre-au-club-breton-daugmenter-son-budget-de-2-millions-deuros","status":"publish","type":"post","link":"https:\/\/www.europesays.com\/fr\/545373\/","title":{"rendered":"L\u2019id\u00e9e du RC Vannes qui va permettre au club Breton d\u2019augmenter son budget de 2 millions d\u2019euros !"},"content":{"rendered":"<p>Le pr\u00e9sident du RC Vannes, Olivier Cloarec s\u2019est confi\u00e9 dans les colonnes du journal <a href=\"https:\/\/www.letelegramme.fr\/sports\/rugby\/rc-vannes\/le-nouvel-espace-dhospitalite-nous-permettra-daller-chercher-2-millions-deuros-de-budget-supplementaire-le-president-du-rc-vannes-aborde-les-travaux-au-stade-de-la-rabine-6931810.php\" rel=\"nofollow noopener\" target=\"_blank\">Telegramme<\/a>.<\/p>\n<p><strong>Au cours de cet entretien, il explique comment le club Breton va r\u00e9ussi \u00e0 augmenter son budget de 2 millions d\u2019euros gr\u00e2ce \u00e0 des travaux tr\u00e8s importants. Extrait:<\/strong><\/p>\n<p>\u00ab\u00a0Actuellement, on a 2 200 hospitalit\u00e9s chaque jour de match \u00e0 La Rabine. On a des demandes suppl\u00e9mentaires de partenaires auxquelles on n\u2019arrive pas \u00e0 r\u00e9pondre. C\u2019est frustrant parce qu\u2019on a besoin d\u2019aller chercher plus d\u2019\u00e9conomies et plus de budget pour approcher l\u2019objectif des 30 millions d\u2019euros pour exister dans ce plus grand championnat (Top 14). <\/p>\n<p>La premi\u00e8re \u00e9tape pour nous, c\u2019\u00e9tait de cr\u00e9er ce r\u00e9ceptif suppl\u00e9mentaire avec des travaux en cours qui auront lieu tout au long de l\u2019ann\u00e9e, financ\u00e9s en grande partie par la ville de Vannes (propri\u00e9taire du stade) avec un peu d\u2019aide des autres collectivit\u00e9s et pour une petite partie par le RCV. Et ce nouvel espace d\u2019hospitalit\u00e9, c\u2019est pr\u00e8s de 800 m2 de r\u00e9ceptif suppl\u00e9mentaire qui devrait nous permettre d\u2019y int\u00e9grer \u00e0 peu pr\u00e8s 350 personnes pour des partenaires nouveaux et d\u2019aller chercher \u00e0 peu pr\u00e8s 2 millions d\u2019euros de budget suppl\u00e9mentaire, pour nous c\u2019est \u00e9norme.\u00a0\u00bb<\/p>\n<p><strong>Ces travaux dureront un an. Extrait:<\/strong><\/p>\n<p>\u00ab\u00a0Oui, c\u2019est un an de travaux pour le nouveau r\u00e9ceptif. Ensuite, on a une saison (2026-2027) o\u00f9 il n\u2019y aura que des petits travaux et la nouvelle tribune, \u00e7a sera l\u2019ann\u00e9e suivante avec une ann\u00e9e de travaux. \u00c7a va \u00eatre des travaux lourds et extr\u00eamement importants.\u00a0\u00bb<\/p>\n<p><strong>Il pr\u00e9cise dans la foul\u00e9e que le stade de la Rabine sera en travaux pendant trois ans. Des d\u00e9localisations pourraient \u00eatre organis\u00e9es. Extrait:<\/strong><\/p>\n<p>\u00ab\u00a0Je sais que ce stade de la Rabine va \u00eatre en travaux pour les trois prochaines ann\u00e9es, avec un gros projet de construction de tribune dans deux ans. Pendant cette ann\u00e9e-l\u00e0, notre stade pourra accueillir moins de 10 000 personnes. L\u2019ampleur des travaux pourrait parfois provoquer des difficult\u00e9s \u00e0 y jouer. Je dis \u00e7a sans aucune arri\u00e8re-pens\u00e9e, juste que c\u2019est notre boulot d\u2019anticiper \u00e7a. <\/p>\n<p>Si dans deux ans, dans trois ans, on devait d\u00e9localiser une ou deux rencontres, parce qu\u2019en termes de s\u00e9curit\u00e9, \u00e7a serait trop dangereux d\u2019accueillir 9 000 ou 9 500 supporters, il faudra bien trouver un plan B. Donc le fait d\u2019avoir organis\u00e9 (des rencontres) au Roudourou et au Roazhon Park nous donne un peu de s\u00e9curit\u00e9 sur la suite.\u00a0\u00bb<\/p>\n","protected":false},"excerpt":{"rendered":"Le pr\u00e9sident du RC Vannes, Olivier Cloarec s\u2019est confi\u00e9 dans les colonnes du journal Telegramme. Au cours de&hellip;\n","protected":false},"author":2,"featured_media":545374,"comment_status":"","ping_status":"","sticky":false,"template":"","format":"standard","meta":{"footnotes":""},"categories":[1416],"tags":[1011,27,479,1468,60],"class_list":{"0":"post-545373","1":"post","2":"type-post","3":"status-publish","4":"format-standard","5":"has-post-thumbnail","7":"category-rugby","8":"tag-fr","9":"tag-france","10":"tag-rugby","11":"tag-rugby-football","12":"tag-sports"},"share_on_mastodon":{"url":"https:\/\/pubeurope.com\/@fr\/115578195583216655","error":""},"_links":{"self":[{"href":"https:\/\/www.europesays.com\/fr\/wp-json\/wp\/v2\/posts\/545373","targetHints":{"allow":["GET"]}}],"collection":[{"href":"https:\/\/www.europesays.com\/fr\/wp-json\/wp\/v2\/posts"}],"about":[{"href":"https:\/\/www.europesays.com\/fr\/wp-json\/wp\/v2\/types\/post"}],"author":[{"embeddable":true,"href":"https:\/\/www.europesays.com\/fr\/wp-json\/wp\/v2\/users\/2"}],"replies":[{"embeddable":true,"href":"https:\/\/www.europesays.com\/fr\/wp-json\/wp\/v2\/comments?post=545373"}],"version-history":[{"count":0,"href":"https:\/\/www.europesays.com\/fr\/wp-json\/wp\/v2\/posts\/545373\/revisions"}],"wp:featuredmedia":[{"embeddable":true,"href":"https:\/\/www.europesays.com\/fr\/wp-json\/wp\/v2\/media\/545374"}],"wp:attachment":[{"href":"https:\/\/www.europesays.com\/fr\/wp-json\/wp\/v2\/media?parent=545373"}],"wp:term":[{"taxonomy":"category","embeddable":true,"href":"https:\/\/www.europesays.com\/fr\/wp-json\/wp\/v2\/categories?post=545373"},{"taxonomy":"post_tag","embeddable":true,"href":"https:\/\/www.europesays.com\/fr\/wp-json\/wp\/v2\/tags?post=545373"}],"curies":[{"name":"wp","href":"https:\/\/api.w.org\/{rel}","templated":true}]}}