{"id":545380,"date":"2025-11-19T20:20:15","date_gmt":"2025-11-19T20:20:15","guid":{"rendered":"https:\/\/www.europesays.com\/fr\/545380\/"},"modified":"2025-11-19T20:20:15","modified_gmt":"2025-11-19T20:20:15","slug":"lea-drucker-53-ans-ne-jure-que-par-cette-creme-vendue-en-pharmacie-pour-chouchouter-sa-peau","status":"publish","type":"post","link":"https:\/\/www.europesays.com\/fr\/545380\/","title":{"rendered":"L\u00e9a Drucker (53 ans) ne jure que par cette cr\u00e8me vendue en pharmacie pour chouchouter sa peau"},"content":{"rendered":"<p><strong>Sublime L\u00e9a Drucker<\/strong>. Aussi d\u00e9sarmante de<br \/>\nnaturel \u00e0 l\u2019\u00e9cran que glamour sur le tapis rouge, l\u2019actrice<br \/>\nc\u00e9saris\u00e9e irradie devant tous les objectifs. Abonn\u00e9e aux<br \/>\nprestations remarqu\u00e9es, celle qui a brill\u00e9 dans\u00a0Le Tableau<br \/>\nvol\u00e9, Couleurs de l\u2019incendie, Le M\u00e9lange des<br \/>\ngenres ou encore L\u2019Int\u00e9r\u00eat d\u2019Adam est de retour dans<br \/>\nles salles obscures avec Dossier 137, un film policier de<br \/>\nDominik Moll. Elle y incarne une enqu\u00eatrice de la \u00ab\u00a0police des<br \/>\npolices\u00a0\u00bb durant la crise des Gilets jaunes.<\/p>\n<p>Pas de mise en beaut\u00e9 spectaculaire pour ce r\u00f4le de femme<br \/>\nd\u2019action, et tant mieux. \u00c0 la ville, la \u00ab\u00a0ni\u00e8ce de\u00a0\u00bb (Michel Drucker)<br \/>\nest partisane du less is more. La com\u00e9dienne incarne \u00e0 merveille<br \/>\ncette Parisienne qui ma\u00eetrise sur le bout des doigts son<br \/>\nje-ne-sais-quoi. En juin 2020, elle avait d\u2019ailleurs d\u00e9taill\u00e9<br \/>\n<strong>sa routine maquillage minimaliste<\/strong> dans les<br \/>\ncolonnes de Madame Figaro.<\/p>\n<p>Les indispensables beaut\u00e9 de L\u00e9a<br \/>\nDrucker<\/p>\n<p>D\u00e8s que le metteur en sc\u00e8ne crie \u00ab\u00a0coupez\u00a0\u00bb, <strong>L\u00e9a Drucker<br \/>\nse \u00ab\u00a0lib\u00e8re\u00a0\u00bb d\u2019un maximum de couches<\/strong>. \u00ab\u00a0J\u2019\u00e9vite le fond<br \/>\nde teint, on m\u00a0\u00bben met d\u00e9j\u00e0 trop sur les tournages. En revanche,<br \/>\n<a href=\"https:\/\/www.grazia.fr\/beaute\/maquillage\/kim-kardashian-ne-jure-que-par-ce-blush-parfait-pour-rajeunir-les-traits-apres-45-ans-sans-marquer-les-rides-1198056.html\" target=\"_blank\" rel=\"noopener\"><br \/>\nje suis une inconditionnelle du blush rose<\/a>, genre poup\u00e9e. Je le<br \/>\npose le matin au saut du lit et, le soir, j&rsquo;accentue. J&rsquo;adorerais<br \/>\nporter de vrais rouges \u00e0 l\u00e8vres, mais mes l\u00e8vres sont trop fines.<br \/>\nJe me rabats sur des couleurs plus classiques comme le bois de<br \/>\nrose, le Grace dans la gamme Rouge G de Guerlain. Je me maquille<br \/>\nles yeux avec le Liquid Eye-Liner de M.A.C. Je suis une experte, je<br \/>\nl&rsquo;applique en deux secondes\u00a0\u00bb, a-t-elle confi\u00e9.<\/p>\n<p>Et si <a href=\"https:\/\/www.grazia.fr\/people\/lea-drucker-quel-est-le-lien-de-parente-de-lactrice-avec-michel-et-marie-drucker-1201831.html\" target=\"_blank\" rel=\"noopener\"><br \/>\nla cousine de Maris Drucker<\/a> ne devait garder que <strong>trois<br \/>\nessentiels<\/strong> ? \u00ab\u00a0Le Baume Confort Extr\u00eame pour les l\u00e8vres<br \/>\nde Sisley, la Cr\u00e8me Cr\u00e9aline DS de Bioderma pour ma peau qui rougit<br \/>\net un mascara. Je suis plut\u00f4t infid\u00e8le, alors en ce moment, c&rsquo;est<br \/>\nle 2 de Guerlain ou le Mascara Pro Lash de M.A.C\u00a0\u00bb, a-t-elle<br \/>\najout\u00e9.<\/p>\n<p>La Cr\u00e8me Cr\u00e9aline DS de Bioderma apaise et prot\u00e8ge<\/p>\n<p><strong>C\u2019est une v\u00e9ritable p\u00e9pite !<\/strong> Comme de<br \/>\nnombreuses consommatrices bien inform\u00e9es, qui privil\u00e9gient des<br \/>\nsoins efficaces aux compositions respectueuses, L\u00e9a Drucker a eu un<br \/>\nvrai coup de c\u0153ur pour cette cr\u00e8me qui chouchoute les peaux<br \/>\nsensibles sujettes aux rougeurs et aux squames. <a href=\"https:\/\/www.easypara.fr\/creme-apaisante-assainissante-40ml-crealine-ds-bioderma.html\" target=\"_blank\" rel=\"nofollow noopener\">La Cr\u00e8me Cr\u00e9aline DS de<br \/>\nBioderma<\/a> apaise instantan\u00e9ment, hydrate en profondeur et<br \/>\napporte un confort durable, tout en restant l\u00e9g\u00e8re sur<br \/>\nl\u2019\u00e9piderme.<\/p>\n<p><strong>Sujette aux squames ou aux rougeurs ?<\/strong> Vous avez<br \/>\ntout int\u00e9r\u00eat \u00e0 int\u00e9grer cette cr\u00e8me \u00e0 votre routine beaut\u00e9.<br \/>\n<a href=\"https:\/\/www.grazia.fr\/beaute\/soins-visage-corps\/voici-lastuce-simple-pour-trouver-le-meilleur-soin-pour-proteger-sa-peau-en-hiver-1130934.html\" target=\"_blank\" rel=\"noopener\"><br \/>\nEn automne et en hiver<\/a>, votre peau a besoin d\u2019un soin capable<br \/>\nde l\u2019hydrater en profondeur tout en la prot\u00e9geant des agressions<br \/>\next\u00e9rieures.<\/p>\n<blockquote class=\"tiktok-embed\" cite=\"https:\/\/www.tiktok.com\/@biodermafrance\/video\/7499113853083602198\" data-video-id=\"7499113853083602198\" style=\"max-width: 605px;min-width: 325px;\"><p>\n<a target=\"_blank\" href=\"https:\/\/www.tiktok.com\/@biodermafrance\/video\/7499113853083602198\" rel=\"noopener\"><img decoding=\"async\" src=\"https:\/\/www.tiktok.com\/img\/logo.png\" alt=\"TikTok Logo\"\/><\/a>\n<\/p><\/blockquote>\n<p>Conseils d&rsquo;utilisation<\/p>\n<p><strong>Pour des r\u00e9sultats optimaux<\/strong>, appliquez la Cr\u00e8me<br \/>\nCr\u00e9aline DS de Bioderma matin et soir sur une peau pr\u00e9alablement<br \/>\nnettoy\u00e9e. Massez d\u00e9licatement jusqu\u2019\u00e0 compl\u00e8te absorption pour<br \/>\nprofiter pleinement de ses bienfaits apaisants et protecteurs.<\/p>\n<p><script async src=\"\/\/www.tiktok.com\/embed.js\"><\/script><\/p>\n","protected":false},"excerpt":{"rendered":"Sublime L\u00e9a Drucker. Aussi d\u00e9sarmante de naturel \u00e0 l\u2019\u00e9cran que glamour sur le tapis rouge, l\u2019actrice c\u00e9saris\u00e9e irradie&hellip;\n","protected":false},"author":2,"featured_media":545381,"comment_status":"","ping_status":"","sticky":false,"template":"","format":"standard","meta":{"footnotes":""},"categories":[1359],"tags":[38443,1764,3477,66365,29789,58,63415,3026,59,1011,27,61952,19727,16285,5912,9854,973,15299,471,746,10649,33106],"class_list":{"0":"post-545380","1":"post","2":"type-post","3":"status-publish","4":"format-standard","5":"has-post-thumbnail","7":"category-people","8":"tag-38443","9":"tag-ans","10":"tag-cette","11":"tag-chouchouter","12":"tag-creme","13":"tag-divertissement","14":"tag-drucker","15":"tag-en","16":"tag-entertainment","17":"tag-fr","18":"tag-france","19":"tag-jure","20":"tag-lea","21":"tag-ne","22":"tag-par","23":"tag-peau","24":"tag-people","25":"tag-pharmacie","26":"tag-pour","27":"tag-que","28":"tag-sa","29":"tag-vendue"},"share_on_mastodon":{"url":"https:\/\/pubeurope.com\/@fr\/115578223703754057","error":""},"_links":{"self":[{"href":"https:\/\/www.europesays.com\/fr\/wp-json\/wp\/v2\/posts\/545380","targetHints":{"allow":["GET"]}}],"collection":[{"href":"https:\/\/www.europesays.com\/fr\/wp-json\/wp\/v2\/posts"}],"about":[{"href":"https:\/\/www.europesays.com\/fr\/wp-json\/wp\/v2\/types\/post"}],"author":[{"embeddable":true,"href":"https:\/\/www.europesays.com\/fr\/wp-json\/wp\/v2\/users\/2"}],"replies":[{"embeddable":true,"href":"https:\/\/www.europesays.com\/fr\/wp-json\/wp\/v2\/comments?post=545380"}],"version-history":[{"count":0,"href":"https:\/\/www.europesays.com\/fr\/wp-json\/wp\/v2\/posts\/545380\/revisions"}],"wp:featuredmedia":[{"embeddable":true,"href":"https:\/\/www.europesays.com\/fr\/wp-json\/wp\/v2\/media\/545381"}],"wp:attachment":[{"href":"https:\/\/www.europesays.com\/fr\/wp-json\/wp\/v2\/media?parent=545380"}],"wp:term":[{"taxonomy":"category","embeddable":true,"href":"https:\/\/www.europesays.com\/fr\/wp-json\/wp\/v2\/categories?post=545380"},{"taxonomy":"post_tag","embeddable":true,"href":"https:\/\/www.europesays.com\/fr\/wp-json\/wp\/v2\/tags?post=545380"}],"curies":[{"name":"wp","href":"https:\/\/api.w.org\/{rel}","templated":true}]}}