{"id":545390,"date":"2025-11-19T20:24:21","date_gmt":"2025-11-19T20:24:21","guid":{"rendered":"https:\/\/www.europesays.com\/fr\/545390\/"},"modified":"2025-11-19T20:24:21","modified_gmt":"2025-11-19T20:24:21","slug":"dijon-un-rappeur-americain-aya-nakamura-damso-les-premiers-noms-du-golden-coast-festival-2026","status":"publish","type":"post","link":"https:\/\/www.europesays.com\/fr\/545390\/","title":{"rendered":"Dijon. Un rappeur am\u00e9ricain, Aya Nakamura, Damso&#8230; Les premiers noms du Golden Coast festival 2026"},"content":{"rendered":"<p>Le mois d&rsquo;ao\u00fbt 2026 para\u00eet encore bien loin. Mais l&rsquo;annonce des premiers noms de l&rsquo;\u00e9dition 2026 du Golden Coast nous rapproche un peu plus de ce grand \u00e9v\u00e9nement.<\/p>\n<p>Pour cette troisi\u00e8me \u00e9dition, pr\u00e9vue les 28, 29 et 30 ao\u00fbt, l&rsquo;\u00e9quipe du Golden Coast frappe tr\u00e8s fort en annon\u00e7ant un rappeur am\u00e9ricain \u00a0: Macklemore. L&rsquo;artiste originaire de Seattle encha\u00eene les tubes plan\u00e9taires depuis plusieurs ann\u00e9es comme Can&rsquo;t Hold Us\u00a0et Thrift Shop, deux morceaux qui ont d\u00e9pass\u00e9 le milliard de vues sur YouTube&#8230;<\/p>\n<p>Le rappeur de 42 ans fait autant danser que r\u00e9fl\u00e9chir, \u00e0 l&rsquo;image de la chanson Same Love.\u00a0<\/p>\n<p>Djadja va r\u00e9sonner dans la combe \u00e0 la Serpent<\/p>\n<p>\u00a0Elle aussi a cumul\u00e9 un milliard de vues sur son titre phare Djadja \u00a0: celle qui a fait danser la Garde r\u00e9publicaine pour les JO, foulera l&rsquo;une des sc\u00e8nes du Golden Coast. Aya Nakamura reviendra \u00e0 Dijon, \u00e0 la combe \u00e0 la Serpent, l\u00e0 m\u00eame o\u00f9 elle avait chant\u00e9 <a href=\"https:\/\/www.bienpublic.com\/culture-loisirs\/2023\/06\/11\/la-grande-aya-nakamura-cloture-le-vyv-festival-2023-de-dijon\" target=\"_blank\" rel=\"noopener\">pour le VYV Festival en 2023<\/a>.\u00a0Son nouvel album Destin\u00e9e, sortira ce vendredi.<\/p>\n<p>\u00a0Autre grand nom annonc\u00e9 : Damso. L&rsquo;artiste congolo-belge, qui a sorti son 7e album le 1er octobre dernier, est un des piliers du rap francophone.<\/p>\n<p>\u00a0Avant d&rsquo;investir le stade de France en septembre 2026, le rappeur PLK fera un passage \u00e0 Dijon. Le Parisien a sorti un titre, Astrid, en duo avec JRK 19, il y a tout juste un mois.<\/p>\n<p>Un duo de hip-hop am\u00e9ricain<\/p>\n<p>Le festival s&rsquo;ouvre bien \u00e0 l&rsquo;international avec un deuxi\u00e8me nom am\u00e9ricain : Partyof2, un duo de hip-hop originaire de Los Angeles qui traversera l&rsquo;Atlantique pour rejoindre le Goco.\u00a0<\/p>\n<p>Il s&rsquo;est produit au Golden Coast en septembre dernier, il reviendra en ao\u00fbt prochain : La Mano 1.9 fait \u00e9galement partie de cette premi\u00e8re salve de noms. Tout comme Guy2bezbar qui interp\u00e8tera son tube Melrose Place.<\/p>\n<p>Des valeurs s\u00fbres figurent parmi la programmation comme Fianso, Sniper ou encore Disiz. Ce dernier sortira son prochain album le 21 novembre, dont on conna\u00eet d\u00e9j\u00e0 deux morceaux : La Ros\u00e9e et melodrama, son duo qui cartonne avec Theodora. On note \u00e9galement la pr\u00e9sence de Naza, qui vient de se produire \u00e0\u00a0\u00e0 l\u2019Accor Arena de Paris.<\/p>\n<p>Des nouvelles t\u00eates\u00a0<\/p>\n<p>Place aussi \u00e0 la nouvelle g\u00e9n\u00e9ration avec\u00a0La Rvfleuze et Ino Casablanca mais aussi\u00a0Shayne, le grand gagnant de la saison 4 de Nouvelle Ecole. Autre ancienne \u00e9l\u00e8ve de cette saison\u00a0: Eve La Marka, dont les streams ont explos\u00e9 depuis sa participation \u00e0 la s\u00e9rie Netflix, sera aussi de la partie.\u00a0<\/p>\n<p>Mais aussi Ebony, la demi-finaliste de la Star Academy 2024, qui a sorti son titre Rage,\u00a0aux sonorit\u00e9s afro et \u00e9lectro percutantes. Autre pas de c\u00f4t\u00e9 en dehors de l&rsquo;univers rap, la chanteuse Miki, figure \u00e9mergente de la pop.\u00a0<\/p>\n<p>\u00a0Enfin, le Golden Coast s&rsquo;ouvre \u00e0 la techno avec le DJ Nico Moreno.\u00a0<\/p>\n<p>        &#13;<br \/>\n          <a href=\"https:\/\/cdn-s-www.bienpublic.com\/images\/6c117b1a-6325-4c8f-b0d2-a51fc67bb58b\/NW_raw\/photo-emma-buoncristiani-1763542463.jpg\" title=\"Photo Emma Buoncristiani\" class=\"chocolat-image GA-tracking\" data-ga_type=\"click\" data-ga_category=\"D\u00e9tail\" data-ga_action=\"zoomer\" data-ga_label=\"agrandir image\" target=\"_blank\" rel=\"noopener\">&#13;<br \/>\n            <img loading=\"lazy\" decoding=\"async\" src=\"https:\/\/www.europesays.com\/fr\/wp-content\/uploads\/2025\/11\/photo-emma-buoncristiani-1763542463.jpg\" alt=\"Photo Emma Buoncristiani\"\/>&#13;<br \/>\n          <\/a>&#13;<br \/>\n          &#13;<\/p>\n<p class=\"insetTitle\">Des nouveaut\u00e9s : changement de dates et des prix qui baissent<\/p>\n<p>Le festival aura lieu fin ao\u00fbt les 28, 29 et 30 ao\u00fbt, toujours sur le site de la combe \u00e0 la Serpent.<\/p>\n<p>Le prix du pass 3 jours passe de 214 \u00e0 199 euros.<\/p>\n<p class=\"note\">Renseignements et r\u00e9servations \u00a0: goldencoastfestival.com<\/p>\n","protected":false},"excerpt":{"rendered":"Le mois d&rsquo;ao\u00fbt 2026 para\u00eet encore bien loin. Mais l&rsquo;annonce des premiers noms de l&rsquo;\u00e9dition 2026 du Golden&hellip;\n","protected":false},"author":2,"featured_media":545391,"comment_status":"","ping_status":"","sticky":false,"template":"","format":"standard","meta":{"footnotes":""},"categories":[1355],"tags":[66366,2931,1687,2930,8587,58,59,107,1011,27,43794,1361,873,3140],"class_list":{"0":"post-545390","1":"post","2":"type-post","3":"status-publish","4":"format-standard","5":"has-post-thumbnail","7":"category-musique","8":"tag-corcelles-les-monts","9":"tag-cote-dor","10":"tag-culture-loisirs","11":"tag-dijon","12":"tag-dijon-ville","13":"tag-divertissement","14":"tag-entertainment","15":"tag-fil-info","16":"tag-fr","17":"tag-france","18":"tag-golden-coast-festival","19":"tag-music","20":"tag-musique","21":"tag-spectacle"},"share_on_mastodon":{"url":"https:\/\/pubeurope.com\/@fr\/115578239744529046","error":""},"_links":{"self":[{"href":"https:\/\/www.europesays.com\/fr\/wp-json\/wp\/v2\/posts\/545390","targetHints":{"allow":["GET"]}}],"collection":[{"href":"https:\/\/www.europesays.com\/fr\/wp-json\/wp\/v2\/posts"}],"about":[{"href":"https:\/\/www.europesays.com\/fr\/wp-json\/wp\/v2\/types\/post"}],"author":[{"embeddable":true,"href":"https:\/\/www.europesays.com\/fr\/wp-json\/wp\/v2\/users\/2"}],"replies":[{"embeddable":true,"href":"https:\/\/www.europesays.com\/fr\/wp-json\/wp\/v2\/comments?post=545390"}],"version-history":[{"count":0,"href":"https:\/\/www.europesays.com\/fr\/wp-json\/wp\/v2\/posts\/545390\/revisions"}],"wp:featuredmedia":[{"embeddable":true,"href":"https:\/\/www.europesays.com\/fr\/wp-json\/wp\/v2\/media\/545391"}],"wp:attachment":[{"href":"https:\/\/www.europesays.com\/fr\/wp-json\/wp\/v2\/media?parent=545390"}],"wp:term":[{"taxonomy":"category","embeddable":true,"href":"https:\/\/www.europesays.com\/fr\/wp-json\/wp\/v2\/categories?post=545390"},{"taxonomy":"post_tag","embeddable":true,"href":"https:\/\/www.europesays.com\/fr\/wp-json\/wp\/v2\/tags?post=545390"}],"curies":[{"name":"wp","href":"https:\/\/api.w.org\/{rel}","templated":true}]}}