{"id":545410,"date":"2025-11-19T20:34:25","date_gmt":"2025-11-19T20:34:25","guid":{"rendered":"https:\/\/www.europesays.com\/fr\/545410\/"},"modified":"2025-11-19T20:34:25","modified_gmt":"2025-11-19T20:34:25","slug":"saint-etienne-le-theatre-le-verso-invite-le-public-a-ramener-sa-fraise","status":"publish","type":"post","link":"https:\/\/www.europesays.com\/fr\/545410\/","title":{"rendered":"Saint-\u00c9tienne. Le th\u00e9\u00e2tre le Verso invite le public \u00e0 \u00ab\u00a0Ramener sa fraise\u00a0\u00bb"},"content":{"rendered":"<p>Marjorie Luron a succ\u00e9d\u00e9, l\u2019an dernier, \u00e0 Gilles Granouillet pour prendre les r\u00eanes du Verso. Le th\u00e9\u00e2tre, qui a plus de vingt ans d\u2019existence, s\u2019est toujours attel\u00e9 \u00e0 aider les compagnies \u00e9mergentes locales. Cette volont\u00e9 d\u2019accompagnement et d\u2019ouverture est l\u2019ADN de la nouvelle programmation.<\/p>\n<p>Une volont\u00e9 d\u2019accompagnement et d\u2019ouverture<\/p>\n<p>Ainsi, jusqu\u2019en mai\u00a02026, les rencontres se diversifient avec plusieurs nouveaut\u00e9s. D\u2019abord la participation \u00e0 la premi\u00e8re \u00e9dition d\u2019un&#8230;<\/p>\n","protected":false},"excerpt":{"rendered":"Marjorie Luron a succ\u00e9d\u00e9, l\u2019an dernier, \u00e0 Gilles Granouillet pour prendre les r\u00eanes du Verso. Le th\u00e9\u00e2tre, qui&hellip;\n","protected":false},"author":2,"featured_media":545411,"comment_status":"","ping_status":"","sticky":false,"template":"","format":"standard","meta":{"footnotes":""},"categories":[9653],"tags":[1111,11,2430,1687,7539,1777,674,1011,27,12,25,4001,7538,3140],"class_list":{"0":"post-545410","1":"post","2":"type-post","3":"status-publish","4":"format-standard","5":"has-post-thumbnail","7":"category-saint-etienne","8":"tag-actu","9":"tag-actualites","10":"tag-auvergne-rhone-alpes","11":"tag-culture-loisirs","12":"tag-edition-loire-sud","13":"tag-eu","14":"tag-europe","15":"tag-fr","16":"tag-france","17":"tag-news","18":"tag-republique-francaise","19":"tag-saint-etienne","20":"tag-saint-etienne-ville","21":"tag-spectacle"},"share_on_mastodon":{"url":"https:\/\/pubeurope.com\/@fr\/115578278105053438","error":""},"_links":{"self":[{"href":"https:\/\/www.europesays.com\/fr\/wp-json\/wp\/v2\/posts\/545410","targetHints":{"allow":["GET"]}}],"collection":[{"href":"https:\/\/www.europesays.com\/fr\/wp-json\/wp\/v2\/posts"}],"about":[{"href":"https:\/\/www.europesays.com\/fr\/wp-json\/wp\/v2\/types\/post"}],"author":[{"embeddable":true,"href":"https:\/\/www.europesays.com\/fr\/wp-json\/wp\/v2\/users\/2"}],"replies":[{"embeddable":true,"href":"https:\/\/www.europesays.com\/fr\/wp-json\/wp\/v2\/comments?post=545410"}],"version-history":[{"count":0,"href":"https:\/\/www.europesays.com\/fr\/wp-json\/wp\/v2\/posts\/545410\/revisions"}],"wp:featuredmedia":[{"embeddable":true,"href":"https:\/\/www.europesays.com\/fr\/wp-json\/wp\/v2\/media\/545411"}],"wp:attachment":[{"href":"https:\/\/www.europesays.com\/fr\/wp-json\/wp\/v2\/media?parent=545410"}],"wp:term":[{"taxonomy":"category","embeddable":true,"href":"https:\/\/www.europesays.com\/fr\/wp-json\/wp\/v2\/categories?post=545410"},{"taxonomy":"post_tag","embeddable":true,"href":"https:\/\/www.europesays.com\/fr\/wp-json\/wp\/v2\/tags?post=545410"}],"curies":[{"name":"wp","href":"https:\/\/api.w.org\/{rel}","templated":true}]}}