{"id":545420,"date":"2025-11-19T20:41:13","date_gmt":"2025-11-19T20:41:13","guid":{"rendered":"https:\/\/www.europesays.com\/fr\/545420\/"},"modified":"2025-11-19T20:41:13","modified_gmt":"2025-11-19T20:41:13","slug":"au-cimetiere-de-faulquemont-le-cercueil-de-laieule-a-disparu","status":"publish","type":"post","link":"https:\/\/www.europesays.com\/fr\/545420\/","title":{"rendered":"Au cimeti\u00e8re de Faulquemont, le cercueil de l\u2019a\u00efeule a disparu"},"content":{"rendered":"<p>O\u00f9 est pass\u00e9 le cercueil de l\u2019arri\u00e8re-grand-m\u00e8re de Jean-Claude Simon\u00a0? Cet homme de 78\u00a0ans, originaire de Faulquemont, en Moselle, et r\u00e9sidant d\u00e9sormais <a href=\"https:\/\/nantes.maville.com\/pays-de-la-loire\/loire-atlantique\/saint-herblain\/\" target=\"_self\" rel=\"nofollow noopener\">\u00e0 Saint-Herblain, en Loire-Atlantique<\/a>, ne parvient pas \u00e0 obtenir de r\u00e9ponse de la mairie mosellane. Anticipant ses obs\u00e8ques, ce retrait\u00e9 souhaitait se faire enterrer dans la concession familiale, acquise par son p\u00e8re en 1956, au cimeti\u00e8re de Faulquemont. Jusqu\u2019\u00e0 pr\u00e9sent, seule son arri\u00e8re-grand-m\u00e8re y avait \u00e9t\u00e9 inhum\u00e9e. <strong>\u00ab\u00a0En accord avec ma s\u0153ur, je souhaitais cr\u00e9er un reliquaire, apr\u00e8s avoir fait proc\u00e9der \u00e0 la r\u00e9duction du corps de mon a\u00efeule. Et ainsi lib\u00e9rer les deux places de la concession, pour ma femme et moi\u00a0\u00bb<\/strong>, explique le septuag\u00e9naire.<\/p>\n<p>Mais au cours de ses d\u00e9marches, il apprend non seulement que son a\u00efeule ne se trouve plus dans le caveau familial, faisant l\u2019objet d\u2019une concession perp\u00e9tuelle. Mais aussi que la compagne de son fr\u00e8re (le couple n\u2019\u00e9tait pas mari\u00e9) y a \u00e9t\u00e9 enterr\u00e9e en 2018. Son fr\u00e8re (d\u00e9sormais d\u00e9c\u00e9d\u00e9 et inhum\u00e9 ailleurs) ne l\u2019avait jamais inform\u00e9. <strong>\u00ab\u00a0Personne \u00e0 la mairie ne nous a \u00e9galement pr\u00e9venus\u00a0\u00bb<\/strong>, s\u2019insurge Jean-Claude Simon qui rappelle que son p\u00e8re avait acquis cette concession <strong>\u00ab\u00a0pour y \u00e9tablir la s\u00e9pulture de sa famille\u00a0\u00bb<\/strong>.<\/p>\n<p>Pas d\u2019accord \u00e0 l\u2019amiable<\/p>\n<p>Cet ayant droit a donc demand\u00e9 des explications \u00e0 la maire de la commune, B\u00e9atrice Kempenich (le permis d\u2019inhumer de sa belle-s\u0153ur avait \u00e9t\u00e9 sign\u00e9 par le pr\u00e9c\u00e9dent maire) et surtout le lieu o\u00f9 repose d\u00e9sormais son a\u00efeule. Malgr\u00e9 une rencontre en mairie et plusieurs \u00e9changes \u00e9crits, pas de r\u00e9ponse pr\u00e9cise. Il a donc obtenu de la Cada (Commission d\u2019acc\u00e8s aux documents administratifs) que la mairie lui remette divers documents. Mais les \u00e9l\u00e9ments fournis par la collectivit\u00e9 ne lui permettent toujours pas de retrouver son a\u00efeule. Jean-Claude Simon a donc engag\u00e9 une proc\u00e9dure devant le tribunal administratif de Strasbourg et pr\u00e9pare le d\u00e9p\u00f4t d\u2019une plainte.<\/p>\n<p>Par ailleurs, s\u2019il ne demande pas \u00e0 ce que la femme de son fr\u00e8re soit exhum\u00e9e, il r\u00e9clame de pouvoir b\u00e9n\u00e9ficier d\u2019une nouvelle concession. Ce que la mairie lui refuserait jusqu\u2019alors. <strong>\u00ab\u00a0Il n\u2019y a pas eu d\u2019accord \u00e0 l\u2019amiable, \u00e0 ce jour\u00a0\u00bb<\/strong>, reconna\u00eet-on dans l\u2019entourage de la maire qui avait admis, dans les colonnes du R\u00e9publicain Lorrain, <strong>\u00ab\u00a0une faute\u00a0\u00bb<\/strong> des services municipaux.<\/p>\n<p>Or, l\u2019article L2223-3\u00a0du Code des collectivit\u00e9s territoriales stipule pourtant que la s\u00e9pulture dans un cimeti\u00e8re est due <strong>\u00ab\u00a0aux personnes d\u00e9c\u00e9d\u00e9es sur son territoire, quel que soit leur domicile [ou] aux personnes domicili\u00e9es sur son territoire, alors m\u00eame qu\u2019elles seraient d\u00e9c\u00e9d\u00e9es dans une autre commune [ou] aux personnes non domicili\u00e9es dans la commune mais qui y ont droit \u00e0 une s\u00e9pulture de famille\u00a0\u00bb<\/strong>. Avec ce refus, Jean-Claude Simon se sent, en plus, d\u00e9poss\u00e9der de la concession familiale\u2026<\/p>\n<p>\u00a0<\/p>\n","protected":false},"excerpt":{"rendered":"O\u00f9 est pass\u00e9 le cercueil de l\u2019arri\u00e8re-grand-m\u00e8re de Jean-Claude Simon\u00a0? Cet homme de 78\u00a0ans, originaire de Faulquemont, en&hellip;\n","protected":false},"author":2,"featured_media":545421,"comment_status":"","ping_status":"","sticky":false,"template":"","format":"standard","meta":{"footnotes":""},"categories":[9619],"tags":[1111,11,66368,24128,6313,5796,1777,674,66367,1011,27,12,882,25,2310],"class_list":{"0":"post-545420","1":"post","2":"type-post","3":"status-publish","4":"format-standard","5":"has-post-thumbnail","7":"category-toulon","8":"tag-actu","9":"tag-actualites","10":"tag-aieule","11":"tag-cercueil","12":"tag-cimetiere","13":"tag-disparu","14":"tag-eu","15":"tag-europe","16":"tag-faulquemont","17":"tag-fr","18":"tag-france","19":"tag-news","20":"tag-provence-alpes-cote-dazur","21":"tag-republique-francaise","22":"tag-toulon"},"share_on_mastodon":{"url":"https:\/\/pubeurope.com\/@fr\/115578305593194094","error":""},"_links":{"self":[{"href":"https:\/\/www.europesays.com\/fr\/wp-json\/wp\/v2\/posts\/545420","targetHints":{"allow":["GET"]}}],"collection":[{"href":"https:\/\/www.europesays.com\/fr\/wp-json\/wp\/v2\/posts"}],"about":[{"href":"https:\/\/www.europesays.com\/fr\/wp-json\/wp\/v2\/types\/post"}],"author":[{"embeddable":true,"href":"https:\/\/www.europesays.com\/fr\/wp-json\/wp\/v2\/users\/2"}],"replies":[{"embeddable":true,"href":"https:\/\/www.europesays.com\/fr\/wp-json\/wp\/v2\/comments?post=545420"}],"version-history":[{"count":0,"href":"https:\/\/www.europesays.com\/fr\/wp-json\/wp\/v2\/posts\/545420\/revisions"}],"wp:featuredmedia":[{"embeddable":true,"href":"https:\/\/www.europesays.com\/fr\/wp-json\/wp\/v2\/media\/545421"}],"wp:attachment":[{"href":"https:\/\/www.europesays.com\/fr\/wp-json\/wp\/v2\/media?parent=545420"}],"wp:term":[{"taxonomy":"category","embeddable":true,"href":"https:\/\/www.europesays.com\/fr\/wp-json\/wp\/v2\/categories?post=545420"},{"taxonomy":"post_tag","embeddable":true,"href":"https:\/\/www.europesays.com\/fr\/wp-json\/wp\/v2\/tags?post=545420"}],"curies":[{"name":"wp","href":"https:\/\/api.w.org\/{rel}","templated":true}]}}