{"id":545424,"date":"2025-11-19T20:43:13","date_gmt":"2025-11-19T20:43:13","guid":{"rendered":"https:\/\/www.europesays.com\/fr\/545424\/"},"modified":"2025-11-19T20:43:13","modified_gmt":"2025-11-19T20:43:13","slug":"une-ex-footballeuse-de-montpellier-a-recu-des-bananes-en-guise-de-cadeau-dadieu","status":"publish","type":"post","link":"https:\/\/www.europesays.com\/fr\/545424\/","title":{"rendered":"Une ex-footballeuse de Montpellier a re\u00e7u des bananes en guise de cadeau d\u2019adieu"},"content":{"rendered":"<p>Ce qui devait \u00eatre une simple c\u00e9r\u00e9monie de fin de saison s\u2019est transform\u00e9, pour Mary Fowler, en symbole du \u00ab\u00a0racisme ordinaire\u00a0\u00bb qu\u2019elle dit avoir subi durant son passage au club de <a href=\"https:\/\/www.20minutes.fr\/sport\/football\/\" target=\"_blank\" class=\"c-link c-link--is-underlined\" rel=\"noopener\">football<\/a> <a href=\"https:\/\/www.20minutes.fr\/sport\/mhsc\/\" target=\"_blank\" class=\"c-link c-link--is-underlined\" rel=\"noopener\">Montpellier HSC<\/a> entre\u00a02020 et\u00a02022. Dans son livre \u00ab\u00a0Bloom\u00a0\u00bb, publi\u00e9 cette semaine, l\u2019internationale <a href=\"https:\/\/www.20minutes.fr\/dossier\/australie\" target=\"_blank\" class=\"c-link c-link--is-underlined\" rel=\"noopener\">australienne<\/a> de 22 ans raconte un \u00e9pisode qui l\u2019a profond\u00e9ment marqu\u00e9e.<\/p>\n<p>Elle affirme qu\u2019au moment de la pr\u00e9sentation du dernier match \u00e0 domicile, toutes les joueuses avaient re\u00e7u des fleurs\u2026 sauf elle et sa co\u00e9quipi\u00e8re <a href=\"https:\/\/www.20minutes.fr\/monde\/pays-bas\/\" target=\"_blank\" class=\"c-link c-link--is-underlined\" rel=\"noopener\">n\u00e9erlandaise<\/a> Ashleigh Weerden. Leurs noms n\u2019avaient d\u2019ailleurs pas \u00e9t\u00e9 mentionn\u00e9s au micro. \u00ab\u00a0Ensuite, quand nous sommes rentr\u00e9es dans le vestiaire, certaines de nos co\u00e9quipi\u00e8res se demandaient pourquoi nous n\u2019avions pas re\u00e7u de fleurs\u00a0\u00bb, \u00e9crit-elle, soulignant l\u2019incompr\u00e9hension g\u00e9n\u00e9rale.<\/p>\n<\/p>\n<p>Une humiliation dans le vestiaire<\/p>\n<p>L\u2019incident a pris une dimension bien plus blessante une fois dans le vestiaire. Une joueuse \u2013 qu\u2019elle ne nomme pas \u2013 leur aurait tendu des <a href=\"https:\/\/www.20minutes.fr\/dossier\/banane\" target=\"_blank\" class=\"c-link c-link--is-underlined\" rel=\"noopener\">bananes<\/a> en disant\u00a0: \u00ab\u00a0Tiens, prends celles-ci.\u00a0\u00bb Un geste v\u00e9cu comme une humiliation par les deux joueuses noires concern\u00e9es. \u00ab\u00a0Ne pas recevoir de fleurs \u00e9tait une chose, mais [\u2026] recevoir des bananes n\u2019\u00e9tait pas quelque chose que je pouvais prendre \u00e0 la l\u00e9g\u00e8re\u00a0\u00bb, confie-t-elle. Elle dit avoir tent\u00e9 de justifier la sc\u00e8ne avant de la replacer dans un contexte o\u00f9 \u00ab\u00a0de nombreuses autres fois au club\u00a0\u00bb avaient d\u00e9j\u00e0 \u00e9veill\u00e9 le m\u00eame malaise.<\/p>\n<p><a href=\"https:\/\/www.20minutes.fr\/dossier\/racisme\" target=\"_blank\" class=\"c-link c-btn c-btn--primary\" rel=\"noopener\">Notre dossier sur le racisme<\/a><\/p>\n<p>Mary Fowler d\u00e9crit \u00e9galement un mal-\u00eatre profond au sein du club h\u00e9raultais, allant jusqu\u2019\u00e0 envisager d\u2019\u00ab\u00a0arr\u00eater le football\u00a0\u00bb. Elle \u00e9voque en outre un \u00e9pisode m\u00e9dical qu\u2019elle juge r\u00e9v\u00e9lateur. Apr\u00e8s avoir signal\u00e9 des douleurs thoraciques, elle raconte n\u2019avoir re\u00e7u qu\u2019un contr\u00f4le tr\u00e8s bref avant qu\u2019on lui conseille de continuer \u00e0 jouer. \u00ab\u00a0Ce n\u2019\u00e9tait pas exactement le contr\u00f4le que j\u2019esp\u00e9rais\u00a0\u00bb, \u00e9crit-elle. Contact\u00e9 mercredi, le Montpellier HSC n\u2019a pas pu \u00eatre joint pour r\u00e9agir \u00e0 ces accusations.<\/p>\n","protected":false},"excerpt":{"rendered":"Ce qui devait \u00eatre une simple c\u00e9r\u00e9monie de fin de saison s\u2019est transform\u00e9, pour Mary Fowler, en symbole&hellip;\n","protected":false},"author":2,"featured_media":545425,"comment_status":"","ping_status":"","sticky":false,"template":"","format":"standard","meta":{"footnotes":""},"categories":[9599],"tags":[1111,47,11,34871,1777,674,63,3236,1011,27,7089,2681,1380,15105,2208,12,2680,10162,25,104],"class_list":{"0":"post-545424","1":"post","2":"type-post","3":"status-publish","4":"format-standard","5":"has-post-thumbnail","7":"category-montpellier","8":"tag-actu","9":"tag-actualite","10":"tag-actualites","11":"tag-banane","12":"tag-eu","13":"tag-europe","14":"tag-football","15":"tag-football-feminin","16":"tag-fr","17":"tag-france","18":"tag-herault","19":"tag-languedoc-roussillon","20":"tag-livres","21":"tag-mhsc-montpellier","22":"tag-montpellier","23":"tag-news","24":"tag-occitanie","25":"tag-racisme","26":"tag-republique-francaise","27":"tag-societe"},"share_on_mastodon":{"url":"https:\/\/pubeurope.com\/@fr\/115578313297539727","error":""},"_links":{"self":[{"href":"https:\/\/www.europesays.com\/fr\/wp-json\/wp\/v2\/posts\/545424","targetHints":{"allow":["GET"]}}],"collection":[{"href":"https:\/\/www.europesays.com\/fr\/wp-json\/wp\/v2\/posts"}],"about":[{"href":"https:\/\/www.europesays.com\/fr\/wp-json\/wp\/v2\/types\/post"}],"author":[{"embeddable":true,"href":"https:\/\/www.europesays.com\/fr\/wp-json\/wp\/v2\/users\/2"}],"replies":[{"embeddable":true,"href":"https:\/\/www.europesays.com\/fr\/wp-json\/wp\/v2\/comments?post=545424"}],"version-history":[{"count":0,"href":"https:\/\/www.europesays.com\/fr\/wp-json\/wp\/v2\/posts\/545424\/revisions"}],"wp:featuredmedia":[{"embeddable":true,"href":"https:\/\/www.europesays.com\/fr\/wp-json\/wp\/v2\/media\/545425"}],"wp:attachment":[{"href":"https:\/\/www.europesays.com\/fr\/wp-json\/wp\/v2\/media?parent=545424"}],"wp:term":[{"taxonomy":"category","embeddable":true,"href":"https:\/\/www.europesays.com\/fr\/wp-json\/wp\/v2\/categories?post=545424"},{"taxonomy":"post_tag","embeddable":true,"href":"https:\/\/www.europesays.com\/fr\/wp-json\/wp\/v2\/tags?post=545424"}],"curies":[{"name":"wp","href":"https:\/\/api.w.org\/{rel}","templated":true}]}}