{"id":545426,"date":"2025-11-19T20:45:20","date_gmt":"2025-11-19T20:45:20","guid":{"rendered":"https:\/\/www.europesays.com\/fr\/545426\/"},"modified":"2025-11-19T20:45:20","modified_gmt":"2025-11-19T20:45:20","slug":"une-patiente-de-99-ans-contrainte-a-64-heures-dattente-aux-urgences","status":"publish","type":"post","link":"https:\/\/www.europesays.com\/fr\/545426\/","title":{"rendered":"une patiente de 99 ans contrainte \u00e0 64 heures d\u2019attente aux urgences"},"content":{"rendered":"<p>      lire plus tard<\/p>\n<p id=\"dialog__title\" class=\"dialog__title\">Pour sauvegarder cet article, connectez-vous ou cr\u00e9ez un compte franceinfo<\/p>\n<p class=\"dialog__description\">Sans paiement. Sans abonnement.<\/p>\n<p>        Fermer la fen\u00eatre d\u2019activation des notifications France Info<\/p>\n<p>      cr\u00e9er votre compte<\/p>\n<p>      se connecter<\/p>\n<p>        Fermer la fen\u00eatre de pr\u00e9sentation<\/p>\n<p>    Publi\u00e9 le 19\/11\/2025 20:47<\/p>\n<p>        Temps de lecture : 2min &#8211; vid\u00e9o : 2min<\/p>\n<p>    <img decoding=\"async\" class=\"francetv-player-wrapper__image\" alt=\"Rouen : une patiente de 99 ans contrainte \u00e0 64 heures d\u2019attente aux urgences\"  width=\"432\" height=\"243\" src=\"https:\/\/www.europesays.com\/fr\/wp-content\/uploads\/2025\/11\/hhfghh-691e1ea69b2a7258358745.png\" fetchpriority=\"high\"\/><\/p>\n<p>              Rouen : une patiente de 99 ans contrainte \u00e0 64 heures d\u2019attente aux urgences<br \/>\n                    (France 2)<\/p>\n<p>      2min<\/p>\n<p>\n  \u00c0 99 ans, Claire Gougeon a pass\u00e9 64 heures sur un brancard aux urgences de Rouen (Seine-Maritime), faute de lit disponible. Sa famille d\u00e9nonce des conditions indignes et alerte sur la saturation hospitali\u00e8re, tandis que les soignants font face \u00e0 une activit\u00e9 qualifi\u00e9e d\u2019exceptionnellement intense.\n<\/p>\n<p><strong>Ce texte correspond \u00e0 une partie de la retranscription du reportage ci-dessus. Cliquez sur la vid\u00e9o pour la regarder dans son int\u00e9gralit\u00e9.<\/strong><\/p>\n<p>\u00c0 99 ans, Claire Gougeon se remet tout doucement de son s\u00e9jour \u00e0 l&rsquo;h\u00f4pital. Sa petite-fille et son fils l&rsquo;entourent affectueusement, encore sid\u00e9r\u00e9s. Fin octobre, la nonag\u00e9naire a pass\u00e9 64 heures aux urgences avant d&rsquo;\u00eatre admise en g\u00e9riatrie pour un \u0153d\u00e8me pulmonaire. Laurent Gougeon, son fils, raconte : \u00ab\u00a0Elle a \u00e9t\u00e9 prise en charge tr\u00e8s rapidement. C&rsquo;est l\u2019apr\u00e8s. C\u2019est l\u2019apr\u00e8s o\u00f9, madame, on n\u2019a pas de lit pour vous, donc vous restez sur le brancard. \u00c7a, je n\u2019admets pas\u00a0\u00bb.<\/p>\n<p>Aucun lit n\u2019\u00e9tait disponible dans l\u2019h\u00f4pital. Pendant deux jours et demi, ses proches se relaient dans <a href=\"https:\/\/france3-regions.franceinfo.fr\/bourgogne-franche-comte\/territoire-de-belfort\/belfort\/urgences-saturees-manque-de-lits-l-hopital-nord-franche-comte-declenche-un-plan-de-mobilisation-la-situation-ne-cesse-de-s-aggraver-3229997.html\" data-tooltip-url=\"https:\/\/france3-regions.franceinfo.fr\/bourgogne-franche-comte\/territoire-de-belfort\/belfort\/urgences-saturees-manque-de-lits-l-hopital-nord-franche-comte-declenche-un-plan-de-mobilisation-la-situation-ne-cesse-de-s-aggraver-3229997.html\" rel=\"nofollow noopener\" target=\"_blank\">le box des urgences et constatent le manque de moyens.<\/a> \u00ab\u00a0Ma m\u00e8re m\u2019a amen\u00e9 un repas au cas o\u00f9 et elle a bien fait, parce qu\u2019une soignante nous a remerci\u00e9s d\u2019avoir apport\u00e9 \u00e0 manger : il y a tellement de monde qu\u2019ils n\u2019ont pas assez de repas pour tout le monde. Elle n\u2019aurait pas d\u2019entourage, pas d\u2019enfant, qu\u2019est-ce qui se serait pass\u00e9 ?\u00a0\u00bb, s\u2019interroge Aline Gougeon, petite-fille de Claire.<\/p>\n<p>Aline rapporte aussi \u00e0 sa grand-m\u00e8re des coussins anti-escarres, inqui\u00e8te de voir appara\u00eetre des rougeurs. Infirmi\u00e8re, elle conna\u00eet les risques. Et si elle alerte aujourd\u2019hui, c\u2019est autant pour les patients que pour les soignants :<br \/>\u00ab\u00a0Je plains mes coll\u00e8gues soignants qui doivent travailler dans des conditions comme \u00e7a, subir le regard des patients et des aidants\u00a0\u00bb.<\/p>\n<p>Contact\u00e9, le centre hospitalier de Rouen explique :\u00a0\u00bbLe service des urgences a d\u00fb faire face \u00e0 une activit\u00e9 tr\u00e8s intense avec plus de 250 passages par jour en pleine pouss\u00e9e \u00e9pid\u00e9mique saisonni\u00e8re. Cette situation a malheureusement g\u00e9n\u00e9r\u00e9 une attente anormalement prolong\u00e9e\u00a0\u00bb.<\/p>\n<p>La famille est aujourd\u2019hui soulag\u00e9e, mais redoute que leur a\u00efeule doive un jour retourner aux urgences dans un h\u00f4pital satur\u00e9.<\/p>\n","protected":false},"excerpt":{"rendered":"lire plus tard Pour sauvegarder cet article, connectez-vous ou cr\u00e9ez un compte franceinfo Sans paiement. Sans abonnement. Fermer&hellip;\n","protected":false},"author":2,"featured_media":545427,"comment_status":"","ping_status":"","sticky":false,"template":"","format":"standard","meta":{"footnotes":""},"categories":[9587],"tags":[1111,11,1777,674,1011,27,12,5161,25,9590],"class_list":{"0":"post-545426","1":"post","2":"type-post","3":"status-publish","4":"format-standard","5":"has-post-thumbnail","7":"category-rouen","8":"tag-actu","9":"tag-actualites","10":"tag-eu","11":"tag-europe","12":"tag-fr","13":"tag-france","14":"tag-news","15":"tag-normandie","16":"tag-republique-francaise","17":"tag-rouen"},"share_on_mastodon":{"url":"https:\/\/pubeurope.com\/@fr\/115578322279147142","error":""},"_links":{"self":[{"href":"https:\/\/www.europesays.com\/fr\/wp-json\/wp\/v2\/posts\/545426","targetHints":{"allow":["GET"]}}],"collection":[{"href":"https:\/\/www.europesays.com\/fr\/wp-json\/wp\/v2\/posts"}],"about":[{"href":"https:\/\/www.europesays.com\/fr\/wp-json\/wp\/v2\/types\/post"}],"author":[{"embeddable":true,"href":"https:\/\/www.europesays.com\/fr\/wp-json\/wp\/v2\/users\/2"}],"replies":[{"embeddable":true,"href":"https:\/\/www.europesays.com\/fr\/wp-json\/wp\/v2\/comments?post=545426"}],"version-history":[{"count":0,"href":"https:\/\/www.europesays.com\/fr\/wp-json\/wp\/v2\/posts\/545426\/revisions"}],"wp:featuredmedia":[{"embeddable":true,"href":"https:\/\/www.europesays.com\/fr\/wp-json\/wp\/v2\/media\/545427"}],"wp:attachment":[{"href":"https:\/\/www.europesays.com\/fr\/wp-json\/wp\/v2\/media?parent=545426"}],"wp:term":[{"taxonomy":"category","embeddable":true,"href":"https:\/\/www.europesays.com\/fr\/wp-json\/wp\/v2\/categories?post=545426"},{"taxonomy":"post_tag","embeddable":true,"href":"https:\/\/www.europesays.com\/fr\/wp-json\/wp\/v2\/tags?post=545426"}],"curies":[{"name":"wp","href":"https:\/\/api.w.org\/{rel}","templated":true}]}}