{"id":545432,"date":"2025-11-19T20:49:18","date_gmt":"2025-11-19T20:49:18","guid":{"rendered":"https:\/\/www.europesays.com\/fr\/545432\/"},"modified":"2025-11-19T20:49:18","modified_gmt":"2025-11-19T20:49:18","slug":"a-rennes-plus-dune-centaine-de-manifestants-mobilises-contre-la-nuit-du-bien-commun","status":"publish","type":"post","link":"https:\/\/www.europesays.com\/fr\/545432\/","title":{"rendered":"\u00c0 Rennes, plus d&rsquo;une centaine de manifestants mobilis\u00e9s contre la Nuit du bien commun"},"content":{"rendered":"<p>                    Par<br \/>\n        <strong><br \/>\n            <a href=\"https:\/\/actu.fr\/auteur\/brian-legoff\" title=\"Consulter tous les articles de Brian Le Goff\" target=\"_blank\" rel=\"noopener\">Brian Le Goff<\/a><br \/>\n                    <\/strong><\/p>\n<p>        Publi\u00e9 le<\/p>\n<p>            19 nov. 2025 \u00e0 20h47        <\/p>\n<p>Ils d\u00e9noncent un <strong>\u00ab\u2009pseudo-gala de charit\u00e9\u2009\u00bb<\/strong>. Mercredi 19\u00a0novembre, 18h, place de la R\u00e9publique, <strong>plus d\u2019une centaine de manifestants<\/strong> se sont rassembl\u00e9s pour montrer leur opposition \u00e0 <a href=\"https:\/\/actu.fr\/bretagne\/rennes_35238\/evenement-controverse-la-nuit-du-bien-commun-a-rennes-se-deroulera-en-ligne_63430480.html\" target=\"_blank\" rel=\"noopener\">la tenue de la Nuit du bien commun<\/a>.<\/p>\n<p class=\" wall-content\">Cet \u00e9v\u00e9nement consiste \u00e0 <strong>lever des fonds pour des associations<\/strong>. Elle est organis\u00e9e ce m\u00eame soir dans un <strong>studio d\u2019enregistrement en Bretagne<\/strong> et non totalement en pr\u00e9sentiel afin d\u2019<strong>\u00e9viter d\u2019\u00e9ventuelles actions de contestations<\/strong> durant la soir\u00e9e, indiquait \u00e0<a href=\"https:\/\/actu.fr\/rennes\/\" target=\"_blank\" rel=\"noopener\"> actu Rennes<\/a>, Thomas Tixier, directeur de la communication.<\/p>\n<p>Une \u00ab\u2009premi\u00e8re victoire\u2009\u00bb pour les manifestants<\/p>\n<p class=\" wall-content\">Cette organisation en distanciel est consid\u00e9r\u00e9e comme une \u00ab\u2009premi\u00e8re victoire\u2009\u00bb \u00e0 f\u00eater en ce mercredi soir par les manifestants.<\/p>\n<p class=\" wall-content\">En effet, pour eux, la Nuit du bien commun, <strong>cofond\u00e9 par Pierre-\u00c9douard St\u00e9rin,<\/strong> milliardaire fran\u00e7ais <strong>exil\u00e9 fiscal, ouvertement proche de l\u2019extr\u00eame droite<\/strong> et<strong> fondateur du projet P\u00e9ricl\u00e8s<\/strong> (pour Patriotes, enracin\u00e9s, r\u00e9sistants, identitaires, chr\u00e9tiens, lib\u00e9raux, europ\u00e9ens souverainistes), sert \u00e0 \u00ab\u2009mettre en place un r\u00e9seau d\u2019extr\u00eame droite\u2009\u00bb avec \u00ab\u2009une grande partie des associations qui sont proches de militants identitaires ou de mouvements comme la manif pour tous\u2009\u00bb.<\/p>\n<p class=\" wall-content\">Les manifestants se sont <strong>f\u00e9licit\u00e9s des diff\u00e9rentes organisations qui naissent<\/strong> \u00e0 chaque tentative de tenue d\u2019\u00e9v\u00e9nements comme la Nuit du bien commun en France. Ils prennent pour exemple \u00ab\u2009la gr\u00e8ve d\u2019intermittents \u00e0 Marseille\u2009\u00bb.<\/p>\n<p class=\" wall-content\">Ainsi, c\u2019est <strong>par la mobilisation qu\u2019ils estiment gagner face \u00e0 \u00ab\u2009cette structuration id\u00e9ologique<\/strong> avec le d\u00e9veloppement du projet P\u00e9ricl\u00e8s qui vise \u00e0 mettre au pouvoir des personnalit\u00e9s d\u2019extr\u00eame droite, notamment lors des prochaines \u00e9lections municipales\u2009\u00bb.<\/p>\n<p>Votre r\u00e9gion, votre actu !<\/p>\n<p>Recevez chaque jour les infos qui comptent pour vous.<\/p>\n<p>\t<a href=\"https:\/\/actu.fr\/newsletter\" class=\"ac-btn ac-btn--corner ac-btn--medium ac-btn--blue800\" target=\"_blank\" rel=\"noopener\">S&rsquo;incrire<\/a><\/p>\n<p class=\" wall-content\">Apr\u00e8s des prises de parole pr\u00e9alables, le cort\u00e8ge a <strong>d\u00e9fil\u00e9 dans le centre-ville<\/strong>.<\/p>\n<p class=\" wall-content\">Personnalisez votre actualit\u00e9 en ajoutant vos villes et m\u00e9dias en favori avec <a href=\"https:\/\/moncompte.actu.fr\" title=\"D\u00e9couvez Mon Actu\" rel=\"nofollow noopener\" data-trk=\"{&quot;cta&quot;:{&quot;action&quot;:&quot;https:\\\/\\\/moncompte.actu.fr&quot;,&quot;category&quot;:&quot;mon compte&quot;,&quot;from&quot;:&quot;article footer&quot;,&quot;name&quot;:&quot;Mon actu&quot;,&quot;type&quot;:&quot;cta&quot;}}\" target=\"_blank\">Mon Actu<\/a>.<\/p>\n","protected":false},"excerpt":{"rendered":"Par Brian Le Goff Publi\u00e9 le 19 nov. 2025 \u00e0 20h47 Ils d\u00e9noncent un \u00ab\u2009pseudo-gala de charit\u00e9\u2009\u00bb. Mercredi&hellip;\n","protected":false},"author":2,"featured_media":545433,"comment_status":"","ping_status":"","sticky":false,"template":"","format":"standard","meta":{"footnotes":""},"categories":[2821],"tags":[1111,11,829,1777,674,1076,1011,27,1272,12,584,25,104],"class_list":{"0":"post-545432","1":"post","2":"type-post","3":"status-publish","4":"format-standard","5":"has-post-thumbnail","7":"category-rennes","8":"tag-actu","9":"tag-actualites","10":"tag-bretagne","11":"tag-eu","12":"tag-europe","13":"tag-extreme-droite","14":"tag-fr","15":"tag-france","16":"tag-manifestations","17":"tag-news","18":"tag-rennes","19":"tag-republique-francaise","20":"tag-societe"},"share_on_mastodon":{"url":"https:\/\/pubeurope.com\/@fr\/115578337041592781","error":""},"_links":{"self":[{"href":"https:\/\/www.europesays.com\/fr\/wp-json\/wp\/v2\/posts\/545432","targetHints":{"allow":["GET"]}}],"collection":[{"href":"https:\/\/www.europesays.com\/fr\/wp-json\/wp\/v2\/posts"}],"about":[{"href":"https:\/\/www.europesays.com\/fr\/wp-json\/wp\/v2\/types\/post"}],"author":[{"embeddable":true,"href":"https:\/\/www.europesays.com\/fr\/wp-json\/wp\/v2\/users\/2"}],"replies":[{"embeddable":true,"href":"https:\/\/www.europesays.com\/fr\/wp-json\/wp\/v2\/comments?post=545432"}],"version-history":[{"count":0,"href":"https:\/\/www.europesays.com\/fr\/wp-json\/wp\/v2\/posts\/545432\/revisions"}],"wp:featuredmedia":[{"embeddable":true,"href":"https:\/\/www.europesays.com\/fr\/wp-json\/wp\/v2\/media\/545433"}],"wp:attachment":[{"href":"https:\/\/www.europesays.com\/fr\/wp-json\/wp\/v2\/media?parent=545432"}],"wp:term":[{"taxonomy":"category","embeddable":true,"href":"https:\/\/www.europesays.com\/fr\/wp-json\/wp\/v2\/categories?post=545432"},{"taxonomy":"post_tag","embeddable":true,"href":"https:\/\/www.europesays.com\/fr\/wp-json\/wp\/v2\/tags?post=545432"}],"curies":[{"name":"wp","href":"https:\/\/api.w.org\/{rel}","templated":true}]}}