{"id":545438,"date":"2025-11-19T20:52:27","date_gmt":"2025-11-19T20:52:27","guid":{"rendered":"https:\/\/www.europesays.com\/fr\/545438\/"},"modified":"2025-11-19T20:52:27","modified_gmt":"2025-11-19T20:52:27","slug":"football-ces-internationaux-du-racing-club-de-strasbourg-qui-ont-valide-leur-billet-pour-la-coupe-du-monde","status":"publish","type":"post","link":"https:\/\/www.europesays.com\/fr\/545438\/","title":{"rendered":"Football. Ces internationaux du Racing club de Strasbourg qui ont valid\u00e9 leur billet pour la Coupe du monde"},"content":{"rendered":"<p>Le Racing version BlueCo, son propri\u00e9taire am\u00e9ricain depuis juin\u00a02023, conna\u00eet sa premi\u00e8re saison avant une Coupe du monde, celle coorganis\u00e9e par le Canada, les \u00c9tats-Unis et le Mexique du 11\u00a0juin au 19\u00a0juillet. Et il pourrait y \u00eatre bien repr\u00e9sent\u00e9.<\/p>\n<p>Dans l\u2019histoire du club, ils sont 18 joueurs \u00e0 l\u2019avoir d\u00e9j\u00e0 disput\u00e9, du pionnier <a href=\"https:\/\/fr.wikipedia.org\/wiki\/Fritz_Keller\" target=\"_blank\" rel=\"noopener\">Fr\u00e9d\u00e9ric Keller<\/a>, avec la France en 1934, aux deux derniers, <a href=\"https:\/\/www.dna.fr\/sport\/2022\/03\/24\/racing-eiji-kawashima-et-le-japon-qualifies-pour-la-coupe-du-monde\" target=\"_blank\" rel=\"noopener\">le Japonais Eiji Kawashima<\/a> et <a href=\"https:\/\/www.dna.fr\/sport\/2022\/11\/23\/la-benediction-de-djiku\" target=\"_blank\" rel=\"noopener\">le Ghan\u00e9en Alexander Djiku au Qatar<\/a> en 2022.<\/p>\n<p>Enciso et Paez, les plus avanc\u00e9s<\/p>\n<p>Sur une m\u00eame \u00e9dition, il n\u2019y a jamais eu plus de quatre Racingmen en m\u00eame temps (lire le chiffre ci-dessous)  et cette barri\u00e8re pourrait bien voler en \u00e9clats d\u2019ici \u00e0 la fin des qualifications, en mars\u00a02026.<\/p>\n<p>4<\/p>\n<p>Comme le record de joueurs du Racing, pr\u00e9sents au club lors de la saison pr\u00e9c\u00e9dant la comp\u00e9tition, ayant disput\u00e9 la m\u00eame Coupe du monde. C\u2019\u00e9tait celle de 2002, coorganis\u00e9e par le Japon et la Cor\u00e9e du Sud. Jos\u00e9 Luis Chilavert (Paraguay), Habib Beye et Pape Thiaw (S\u00e9n\u00e9gal) ainsi que Pierre Njanka&#8230;<\/p>\n","protected":false},"excerpt":{"rendered":"Le Racing version BlueCo, son propri\u00e9taire am\u00e9ricain depuis juin\u00a02023, conna\u00eet sa premi\u00e8re saison avant une Coupe du monde,&hellip;\n","protected":false},"author":2,"featured_media":545439,"comment_status":"","ping_status":"","sticky":false,"template":"","format":"standard","meta":{"footnotes":""},"categories":[2820],"tags":[328,1111,11,2880,1777,674,107,63,1011,27,775,12,41281,25,517,640,2879],"class_list":{"0":"post-545438","1":"post","2":"type-post","3":"status-publish","4":"format-standard","5":"has-post-thumbnail","7":"category-strasbourg","8":"tag-a-la-une","9":"tag-actu","10":"tag-actualites","11":"tag-edition-strasbourg","12":"tag-eu","13":"tag-europe","14":"tag-fil-info","15":"tag-football","16":"tag-fr","17":"tag-france","18":"tag-grand-est","19":"tag-news","20":"tag-racing-club-strasbourg-masculin","21":"tag-republique-francaise","22":"tag-sport","23":"tag-strasbourg","24":"tag-strasbourg-ville"},"share_on_mastodon":{"url":"https:\/\/pubeurope.com\/@fr\/115578348853358417","error":""},"_links":{"self":[{"href":"https:\/\/www.europesays.com\/fr\/wp-json\/wp\/v2\/posts\/545438","targetHints":{"allow":["GET"]}}],"collection":[{"href":"https:\/\/www.europesays.com\/fr\/wp-json\/wp\/v2\/posts"}],"about":[{"href":"https:\/\/www.europesays.com\/fr\/wp-json\/wp\/v2\/types\/post"}],"author":[{"embeddable":true,"href":"https:\/\/www.europesays.com\/fr\/wp-json\/wp\/v2\/users\/2"}],"replies":[{"embeddable":true,"href":"https:\/\/www.europesays.com\/fr\/wp-json\/wp\/v2\/comments?post=545438"}],"version-history":[{"count":0,"href":"https:\/\/www.europesays.com\/fr\/wp-json\/wp\/v2\/posts\/545438\/revisions"}],"wp:featuredmedia":[{"embeddable":true,"href":"https:\/\/www.europesays.com\/fr\/wp-json\/wp\/v2\/media\/545439"}],"wp:attachment":[{"href":"https:\/\/www.europesays.com\/fr\/wp-json\/wp\/v2\/media?parent=545438"}],"wp:term":[{"taxonomy":"category","embeddable":true,"href":"https:\/\/www.europesays.com\/fr\/wp-json\/wp\/v2\/categories?post=545438"},{"taxonomy":"post_tag","embeddable":true,"href":"https:\/\/www.europesays.com\/fr\/wp-json\/wp\/v2\/tags?post=545438"}],"curies":[{"name":"wp","href":"https:\/\/api.w.org\/{rel}","templated":true}]}}