{"id":545460,"date":"2025-11-19T21:05:17","date_gmt":"2025-11-19T21:05:17","guid":{"rendered":"https:\/\/www.europesays.com\/fr\/545460\/"},"modified":"2025-11-19T21:05:17","modified_gmt":"2025-11-19T21:05:17","slug":"amine-kessaci-espere-100-000-personnes-a-la-marche-blanche-a-marseille-levez-vous-battons-nous","status":"publish","type":"post","link":"https:\/\/www.europesays.com\/fr\/545460\/","title":{"rendered":"Amine Kessaci esp\u00e8re 100\u00a0000 personnes \u00e0 la marche blanche \u00e0 Marseille\u00a0: \u00ab\u00a0levez-vous, battons-nous\u00a0\u00bb"},"content":{"rendered":"<p>        <img decoding=\"async\" loading=\"lazy\" src=\"https:\/\/www.europesays.com\/fr\/wp-content\/uploads\/2025\/11\/5e9b8ea_upload-1-e07bengjoy84-capture-d-ecran-2025-11-19-214134.jpg\"  width=\"728\" height=\"409\" alt=\"Amine Kessaci, ici sur le plateau du \u00ab\u00a020\u00a0heures\u00a0\u00bb de France 2, le 19\u00a0novembre 2025.\"\/>  <\/p>\n<p>Capture d\u2019\u00e9cran France 2<\/p>\n<p>Amine Kessaci, ici sur le plateau du \u00ab\u00a020\u00a0heures\u00a0\u00bb de France 2, le 19\u00a0novembre 2025.<\/p>\n<p class=\"asset asset-text\">S\u2019il avait pris la parole ce mercredi 19\u00a0novembre <a href=\"https:\/\/www.huffingtonpost.fr\/justice\/article\/le-militant-amine-kessaci-promet-qu-il-ne-se-taira-pas-apres-la-mort-de-son-frere_257293.html\" target=\"_blank\" rel=\"noopener\">dans une tribune publi\u00e9e dans Le Monde<\/a>, c\u2019est la premi\u00e8re fois qu\u2019il \u00e9tait interview\u00e9 depuis l\u2019assassinat de son petit fr\u00e8re Mehdi \u00e0 Marseille, ce m\u00eame jour au journal de 20\u00a0heures de France 2.<\/p>\n<p class=\"asset asset-text\">Amine Kessaci, militant \u00e9cologiste de 22\u00a0ans qui lutte depuis plusieurs ann\u00e9es contre le narcobanditisme, a demand\u00e9 \u00e0 toutes les personnes \u00ab\u00a0qui ont \u00e9t\u00e9 touch\u00e9es par l\u2019histoire de [son] fr\u00e8re\u00a0\u00bb\u00a0: \u00ab\u00a0levez-vous, battons-nous, il faut aujourd\u2019hui que plus de 100\u00a0000\u00a0personnes se mobilisent\u00a0\u00bb pour la marche blanche pr\u00e9vue ce samedi 22\u00a0novembre \u00e0 Marseille.<\/p>\n<p class=\"asset asset-text\">Amine Kessaci a rappel\u00e9 qu\u2019elle d\u00e9butera \u00e0 15h, \u00ab\u00a0sur le rond-point o\u00f9 a \u00e9t\u00e9 assassin\u00e9 [son] fr\u00e8re\u00a0\u00bb. \u00ab\u00a0Il va falloir qu\u2019on soit des milliers \u00e0 se lever, parce que si on veut garantir ma protection, ou celle de celles et ceux qui se l\u00e8vent, il va falloir qu\u2019on soit des milliers \u00e0 porter cette voix, parce qu\u2019on ne pourra pas tuer tout un peuple et toute une nation\u00a0\u00bb, a-t-il demand\u00e9 face \u00e0 L\u00e9a Salam\u00e9.<\/p>\n<p> La lecture de ce contenu est susceptible d\u2019entra\u00eener un d\u00e9p\u00f4t de cookies de la part de l\u2019op\u00e9rateur tiers qui l\u2019h\u00e9berge. Compte-tenu des choix que vous avez exprim\u00e9s en mati\u00e8re de d\u00e9p\u00f4t de cookies, nous avons bloqu\u00e9 l\u2019affichage de ce contenu. Si vous souhaitez y acc\u00e9der, vous devez accepter la cat\u00e9gorie de cookies \u201cContenus tiers\u201d en cliquant sur le bouton ci-dessous. <\/p>\n<p> Lire la Vid\u00e9o        \u00ab\u00a0Je suis l\u00e0, je suis debout\u00a0\u00bb    <\/p>\n<p class=\"asset asset-text\">\u00ab\u00a0Plus on est \u00e0 porter cette voix, et moins on devrait avoir peur. Aujourd\u2019hui, on est quelques centaines \u00e0 porter ce combat, \u00e0 se mobiliser. Mais mobilisons-nous davantage et \u00e7a garantira la protection de tout le monde\u00a0\u00bb, a encore affirm\u00e9 le militant au JT de France 2. \u00ab\u00a0Aujourd\u2019hui, c\u2019est ce que je veux dire aux Marseillaises et aux Marseillais\u00a0: je suis l\u00e0, je suis debout, mobilisons-nous et venez ce samedi pour rendre hommage \u00e0 mon petit fr\u00e8re qui \u00e9tait innocent\u00a0\u00bb, a-t-il appuy\u00e9.<\/p>\n<p class=\"asset asset-text\">\u00ab\u00a0Si je veux vivre, si la lutte contre <a href=\"https:\/\/www.huffingtonpost.fr\/politique\/article\/pour-lutter-contre-le-narcotrafic-les-partis-politiques-mettent-des-solutions-differentes-sur-la-table_257256.html\" target=\"_blank\" rel=\"noopener\">le narcotrafic<\/a> doit avoir un sens, je dois parler\u00a0\u00bb, avait d\u00e9clar\u00e9 avant cela Amine Kessaci, qui n\u2019entend pas arr\u00eater son combat contre le narcotrafic malgr\u00e9 l\u2019assassinat de son fr\u00e8re. \u00ab\u00a0<a href=\"https:\/\/www.huffingtonpost.fr\/justice\/article\/mort-du-frere-d-amine-kessaci-a-marseille-ces-elements-qui-installent-la-piste-d-un-assassinat-d-avertissement_257151.html\" target=\"_blank\" rel=\"noopener\">Il ne s\u2019agit pas d\u2019un crime d\u2019avertissement<\/a>, il s\u2019agit d\u2019un crime. Un crime politique, un crime de l\u00e2ches qui ont assassin\u00e9 un jeune innocent\u00a0\u00bb, s\u2019\u00e9tait-il \u00e9mu.<\/p>\n<p class=\"asset asset-text\">Cette prise de parole intervient au lendemain des obs\u00e8ques de son fr\u00e8re \u00e0 Marseille. Lors de celles-ci, encadr\u00e9s par un important dispositif policier, Amine Kessaci, menac\u00e9 depuis des mois, portait un gilet pare-balles, a indiqu\u00e9 une source polici\u00e8re \u00e0 l\u2019AFP.<\/p>\n<p class=\"asset asset-text\">Mehdi Kessaci, 20\u00a0ans, a \u00e9t\u00e9 assassin\u00e9 il y a une semaine, abattu par deux hommes \u00e0 moto en plein jour, \u00e0 quelques m\u00e8tres de l\u2019H\u00f4tel du d\u00e9partement des Bouches-du-Rh\u00f4ne.<\/p>\n<p class=\"asset asset-text\">Le maire divers gauche de Marseille, Beno\u00eet Payan, a lui appel\u00e9 ses administr\u00e9s \u00e0 participer \u00e0 la marche blanche de samedi\u00a0: \u00ab\u00a0n\u2019ayez pas peur\u00a0\u00bb, \u00ab\u00a0cette mafia\u00a0ne nous [fera] pas taire\u00a0\u00bb, a-t-il dit \u00e0 l\u2019AFP.<\/p>\n","protected":false},"excerpt":{"rendered":"Capture d\u2019\u00e9cran France 2 Amine Kessaci, ici sur le plateau du \u00ab\u00a020\u00a0heures\u00a0\u00bb de France 2, le 19\u00a0novembre 2025.&hellip;\n","protected":false},"author":2,"featured_media":545461,"comment_status":"","ping_status":"","sticky":false,"template":"","format":"standard","meta":{"footnotes":""},"categories":[2814],"tags":[1111,11,1777,674,118,1011,27,66374,884,8721,12,882,25,887],"class_list":{"0":"post-545460","1":"post","2":"type-post","3":"status-publish","4":"format-standard","5":"has-post-thumbnail","7":"category-marseille","8":"tag-actu","9":"tag-actualites","10":"tag-eu","11":"tag-europe","12":"tag-faits-divers","13":"tag-fr","14":"tag-france","15":"tag-marche-blanche","16":"tag-marseille","17":"tag-narcotrafic","18":"tag-news","19":"tag-provence-alpes-cote-dazur","20":"tag-republique-francaise","21":"tag-trafic-de-drogue"},"share_on_mastodon":{"url":"https:\/\/pubeurope.com\/@fr\/115578400617118485","error":""},"_links":{"self":[{"href":"https:\/\/www.europesays.com\/fr\/wp-json\/wp\/v2\/posts\/545460","targetHints":{"allow":["GET"]}}],"collection":[{"href":"https:\/\/www.europesays.com\/fr\/wp-json\/wp\/v2\/posts"}],"about":[{"href":"https:\/\/www.europesays.com\/fr\/wp-json\/wp\/v2\/types\/post"}],"author":[{"embeddable":true,"href":"https:\/\/www.europesays.com\/fr\/wp-json\/wp\/v2\/users\/2"}],"replies":[{"embeddable":true,"href":"https:\/\/www.europesays.com\/fr\/wp-json\/wp\/v2\/comments?post=545460"}],"version-history":[{"count":0,"href":"https:\/\/www.europesays.com\/fr\/wp-json\/wp\/v2\/posts\/545460\/revisions"}],"wp:featuredmedia":[{"embeddable":true,"href":"https:\/\/www.europesays.com\/fr\/wp-json\/wp\/v2\/media\/545461"}],"wp:attachment":[{"href":"https:\/\/www.europesays.com\/fr\/wp-json\/wp\/v2\/media?parent=545460"}],"wp:term":[{"taxonomy":"category","embeddable":true,"href":"https:\/\/www.europesays.com\/fr\/wp-json\/wp\/v2\/categories?post=545460"},{"taxonomy":"post_tag","embeddable":true,"href":"https:\/\/www.europesays.com\/fr\/wp-json\/wp\/v2\/tags?post=545460"}],"curies":[{"name":"wp","href":"https:\/\/api.w.org\/{rel}","templated":true}]}}