{"id":545464,"date":"2025-11-19T21:07:22","date_gmt":"2025-11-19T21:07:22","guid":{"rendered":"https:\/\/www.europesays.com\/fr\/545464\/"},"modified":"2025-11-19T21:07:22","modified_gmt":"2025-11-19T21:07:22","slug":"endrick-a-lyon-cest-la-douche-froide","status":"publish","type":"post","link":"https:\/\/www.europesays.com\/fr\/545464\/","title":{"rendered":"Endrick \u00e0 Lyon, c&rsquo;est la douche froide"},"content":{"rendered":"<p><b>Endrick doit arriver \u00e0 l&rsquo;OL en janvier dans le cadre d&rsquo;un pr\u00eat. Le joueur br\u00e9silien se pr\u00e9pare \u00e0 d\u00e9couvrir la Ligue 1 et la France. Certaines rumeurs annon\u00e7aient sa visite \u00e0 Lyon d\u00e8s mercredi pour d\u00e9nicher un logement. N\u00e9anmoins, l&rsquo;attaquant \u00e9tait finalement \u00e0 Madrid.<\/b><\/p>\n<p>Plus les jours passent et plus le pr\u00eat d&rsquo;Endrick \u00e0 l&rsquo;<a href=\"https:\/\/www.foot01.com\/ol\" target=\"_self\" rel=\"noopener\">Olympique Lyonnais<\/a> devient r\u00e9alit\u00e9. L&rsquo;accord d\u00e9finitif entre le club rhodanien et le Real Madrid est pratiquement trouv\u00e9. Le jeune attaquant de 19 ans est impatient d&rsquo;int\u00e9grer le groupe de Paulo Fonseca et de progresser en Ligue 1. Ce transfert n&rsquo;est pas anodin pour lui. Il va d\u00e9couvrir un nouveau pays, un nouveau championnat et un nouvel environnement. De quoi l&rsquo;obliger \u00e0 anticiper certains aspects, notamment l&rsquo;acquisition d&rsquo;un logement.Endrick n&rsquo;est pas venu \u00e0 Lyon<\/p>\n<p>Ces derni\u00e8res heures, des rumeurs indiquaient qu&rsquo;Endrick allait s&rsquo;en occuper ce mercredi. Le jeune homme devait visiter Lyon en compagnie de son compatriote Lucas Paqueta. Il devait louer un logement dans la capitale des Gaules en vue de son futur pr\u00eat en 2026. Un sc\u00e9nario cr\u00e9dible puisque Paqueta a jou\u00e9 \u00e0 l&rsquo;OL et qu&rsquo;il est de passage en France. Mardi soir, le milieu de West Ham a disput\u00e9 un match amical avec le Br\u00e9sil contre la Tunisie \u00e0 Villeneuve d&rsquo;Ascq. Toutefois, la r\u00e9alit\u00e9 a \u00e9t\u00e9 tout autre pour le jeune attaquant du Real Madrid.<\/p>\n<p>Endrick n&rsquo;a pas mis les pieds dans le Rh\u00f4ne mercredi. Il \u00e9tait pr\u00e9sent \u00e0 Madrid toute la journ\u00e9e pour s&rsquo;entra\u00eener avec son club. Les r\u00e9seaux sociaux des Merengue pouvaient en attester. Le Br\u00e9silien a \u00e9t\u00e9 pris en photo avec Aur\u00e9lien Tchouam\u00e9ni notamment. De quoi refroidir certains supporters lyonnais tr\u00e8s optimistes. Mais, le pr\u00eat d&rsquo;Endrick \u00e0 l&rsquo;OL n&rsquo;est pas du tout remis en cause. Tous les ingr\u00e9dients sont r\u00e9unis pour le voir porter le maillot des Gones en 2026. Restera pour lui \u00e0 boucler rapidement le dossier immobilier, avec ou sans Lucas Paqueta.<\/p>\n","protected":false},"excerpt":{"rendered":"Endrick doit arriver \u00e0 l&rsquo;OL en janvier dans le cadre d&rsquo;un pr\u00eat. Le joueur br\u00e9silien se pr\u00e9pare \u00e0&hellip;\n","protected":false},"author":2,"featured_media":545465,"comment_status":"","ping_status":"","sticky":false,"template":"","format":"standard","meta":{"footnotes":""},"categories":[1889],"tags":[1111,11,2430,1777,674,1011,27,2428,1434,12,241,25],"class_list":{"0":"post-545464","1":"post","2":"type-post","3":"status-publish","4":"format-standard","5":"has-post-thumbnail","7":"category-lyon","8":"tag-actu","9":"tag-actualites","10":"tag-auvergne-rhone-alpes","11":"tag-eu","12":"tag-europe","13":"tag-fr","14":"tag-france","15":"tag-lyon","16":"tag-mercato","17":"tag-news","18":"tag-ol","19":"tag-republique-francaise"},"share_on_mastodon":{"url":"https:\/\/pubeurope.com\/@fr\/115578407689489848","error":""},"_links":{"self":[{"href":"https:\/\/www.europesays.com\/fr\/wp-json\/wp\/v2\/posts\/545464","targetHints":{"allow":["GET"]}}],"collection":[{"href":"https:\/\/www.europesays.com\/fr\/wp-json\/wp\/v2\/posts"}],"about":[{"href":"https:\/\/www.europesays.com\/fr\/wp-json\/wp\/v2\/types\/post"}],"author":[{"embeddable":true,"href":"https:\/\/www.europesays.com\/fr\/wp-json\/wp\/v2\/users\/2"}],"replies":[{"embeddable":true,"href":"https:\/\/www.europesays.com\/fr\/wp-json\/wp\/v2\/comments?post=545464"}],"version-history":[{"count":0,"href":"https:\/\/www.europesays.com\/fr\/wp-json\/wp\/v2\/posts\/545464\/revisions"}],"wp:featuredmedia":[{"embeddable":true,"href":"https:\/\/www.europesays.com\/fr\/wp-json\/wp\/v2\/media\/545465"}],"wp:attachment":[{"href":"https:\/\/www.europesays.com\/fr\/wp-json\/wp\/v2\/media?parent=545464"}],"wp:term":[{"taxonomy":"category","embeddable":true,"href":"https:\/\/www.europesays.com\/fr\/wp-json\/wp\/v2\/categories?post=545464"},{"taxonomy":"post_tag","embeddable":true,"href":"https:\/\/www.europesays.com\/fr\/wp-json\/wp\/v2\/tags?post=545464"}],"curies":[{"name":"wp","href":"https:\/\/api.w.org\/{rel}","templated":true}]}}