{"id":545468,"date":"2025-11-19T21:10:13","date_gmt":"2025-11-19T21:10:13","guid":{"rendered":"https:\/\/www.europesays.com\/fr\/545468\/"},"modified":"2025-11-19T21:10:13","modified_gmt":"2025-11-19T21:10:13","slug":"a-paris-un-nouvel-animateur-en-maternelle-vise-par-une-plainte-pour-viol-aggrave-liberation","status":"publish","type":"post","link":"https:\/\/www.europesays.com\/fr\/545468\/","title":{"rendered":"A Paris, un nouvel animateur en maternelle vis\u00e9 par une plainte pour \u00abviol aggrav\u00e9\u00bb \u2013 Lib\u00e9ration"},"content":{"rendered":"<p class=\"sc-cPiKLX AiZTS text-element\">Une nouvelle affaire de violences sexuelles sur de tr\u00e8s jeunes enfants. La m\u00e8re d\u2019un petit gar\u00e7on de 4 ans a d\u00e9pos\u00e9 plainte lundi pour \u00abviol aggrav\u00e9\u00bb, avec constitution de partie civile, contre un animateur de la ville de Paris, a d\u00e9voil\u00e9 <a href=\"https:\/\/www.radiofrance.fr\/franceinter\/podcasts\/l-info-de-france-inter\/une-nouvelle-plainte-pour-viol-aggrave-deposee-contre-un-deuxieme-animateur-dans-une-ecole-maternelle-de-paris-8098491\" target=\"_blank\" rel=\"noreferrer nofollow noopener\" title=\"https:\/\/www.radiofrance.fr\/franceinter\/podcasts\/l-info-de-france-inter\/une-nouvelle-plainte-pour-viol-aggrave-deposee-contre-un-deuxieme-animateur-dans-une-ecole-maternelle-de-paris-8098491\">France Inter<\/a> ce mardi 18 novembre. Il s\u2019agit de la deuxi\u00e8me plainte pour des <a href=\"https:\/\/www.liberation.fr\/societe\/education\/a-paris-un-animateur-en-maternelle-vise-par-une-plainte-pour-viol-aggrave-20251113_O6ZQDW2WNZEIJDYAN5QASH6I5E\/?redirected=1\" target=\"_blank\" rel=\"noreferrer nofollow noopener\" title=\"https:\/\/www.liberation.fr\/societe\/education\/a-paris-un-animateur-en-maternelle-vise-par-une-plainte-pour-viol-aggrave-20251113_O6ZQDW2WNZEIJDYAN5QASH6I5E\/?redirected=1\">faits similaires en quelques jours<\/a>.<\/p>\n<p class=\"sc-cPiKLX AiZTS text-element\">La plainte d\u00e9nonce \u00abplusieurs actes de p\u00e9n\u00e9tration sexuelle\u00bb commis sur <a href=\"https:\/\/www.liberation.fr\/societe\/familles\/violences-faites-aux-enfants-face-a-des-chiffres-alarmants-des-manifestations-dans-toute-la-france-20251115_4WMTSUA3O5HADJXSTHVU27INY4\/\" target=\"_blank\" rel=\"noreferrer nofollow noopener\" title=\"https:\/\/www.liberation.fr\/societe\/familles\/violences-faites-aux-enfants-face-a-des-chiffres-alarmants-des-manifestations-dans-toute-la-france-20251115_4WMTSUA3O5HADJXSTHVU27INY4\/\">l\u2019enfant<\/a> par un animateur au sein de l\u2019\u00e9cole maternelle Parmentier, situ\u00e9e dans le XIe arrondissement de la capitale. \u00abLes faits auraient \u00e9t\u00e9 commis dans les toilettes du centre de loisirs, lieu isol\u00e9 permettant \u00e0 l\u2019auteur d\u2019exercer une autorit\u00e9 de fait sur l\u2019enfant\u00bb, est-il \u00e9crit dans la plainte, consult\u00e9e par France Inter.<\/p>\n<p class=\"sc-cPiKLX AiZTS text-element\">Aupr\u00e8s de la radio, l\u2019avocat cette m\u00e8re de famille, <a href=\"https:\/\/www.liberation.fr\/portraits\/arie-alimi-coeur-pique-barreau-20231020_7G67L7YA6VHW7OW5F5HOLV42UI\/\" target=\"_blank\" rel=\"noreferrer nofollow noopener\" title=\"https:\/\/www.liberation.fr\/portraits\/arie-alimi-coeur-pique-barreau-20231020_7G67L7YA6VHW7OW5F5HOLV42UI\/\">Ari\u00e9 Alimi<\/a>, estime que les enfants \u00absont des victimes qu\u2019on n\u2019\u00e9coute pas\u00bb. \u00abJe pense que \u00e7a a toujours exist\u00e9. Il n\u2019y a pas plus ou moins de p\u00e9dophiles. En revanche, peut-\u00eatre qu\u2019on commence \u00e0 \u00e9couter un peu plus la parole des enfants. \u00c7a ne veut pas dire les croire forc\u00e9ment, \u00e7a veut dire enqu\u00eater v\u00e9ritablement et traiter lorsqu\u2019il y a des faits\u00bb, estime-t-il, ajoutant qu\u2019il serait n\u00e9cessaire \u00abqu\u2019on s\u2019occupe de ce sujet qui commence \u00e0 appara\u00eetre comme majeur\u00bb.<\/p>\n<p class=\"sc-cPiKLX AiZTS text-element\">Depuis la rentr\u00e9e scolaire, trois animateurs ont \u00e9t\u00e9 suspendus \u00e0 l\u2019\u00e9cole Bullourde, elle aussi situ\u00e9e dans le XIe arrondissement de Paris. Ils \u00e9taient soup\u00e7onn\u00e9s respectivement de \u00abfaits \u00e0 caract\u00e8re sexuel\u00bb, \u00abd\u2019exhibition\u00bb et \u00abfaits d\u2019agression sexuelle\u00bb, affirmait mi-octobre la municipalit\u00e9.<\/p>\n<p class=\"sc-cPiKLX AiZTS text-element\">Selon la mairie de Paris, qui a \u00e9galement port\u00e9 plainte, les animateurs sont soumis \u00e0 des contr\u00f4les pour v\u00e9rifier, entre autres, qu\u2019ils n\u2019ont pas de casier judiciaire et ne sont pas inscrits au fichier d\u2019auteurs d\u2019infractions sexuelles ou violentes. Ces v\u00e9rifications ont \u00abencore \u00e9t\u00e9 renforc\u00e9es\u00bb, assure le maire PS du XIe arrondissement de Paris, Fran\u00e7ois Vauglin.<\/p>\n<p class=\"sc-cPiKLX AiZTS text-element\">Trente animateurs ont \u00e9t\u00e9 suspendus \u00e0 Paris en 2025, dont seize pour des suspicions de faits \u00e0 caract\u00e8re sexuels, un chiffre stable par rapport aux deux ann\u00e9es pr\u00e9c\u00e9dentes. Pour lutter contre ce fl\u00e9au, la ville de Paris a annonc\u00e9 vendredi un plan de lutte contre les violences sexistes et sexuelles faites aux enfants dans les \u00e9coles, avec la cr\u00e9ation d\u2019un poste de D\u00e9fenseur des enfants et un renforcement de la formation des animateurs. Ce plan, qui doit \u00eatre pr\u00e9sent\u00e9 cette semaine au Conseil de Paris, vise \u00e0 \u00abaccompagner la lib\u00e9ration de la parole\u00bb et \u00e0 \u00abmieux rep\u00e9rer\u00bb les violences \u00e0 l\u2019encontre des enfants, explique la mairie dans un communiqu\u00e9.<\/p>\n","protected":false},"excerpt":{"rendered":"Une nouvelle affaire de violences sexuelles sur de tr\u00e8s jeunes enfants. La m\u00e8re d\u2019un petit gar\u00e7on de 4&hellip;\n","protected":false},"author":2,"featured_media":545469,"comment_status":"","ping_status":"","sticky":false,"template":"","format":"standard","meta":{"footnotes":""},"categories":[1888],"tags":[1111,1928,11,1927,1122,1777,674,1011,27,12,1926,626,1925,874,25,799],"class_list":{"0":"post-545468","1":"post","2":"type-post","3":"status-publish","4":"format-standard","5":"has-post-thumbnail","7":"category-paris","8":"tag-actu","9":"tag-actu-paris","10":"tag-actualites","11":"tag-actualites-paris","12":"tag-ecole","13":"tag-eu","14":"tag-europe","15":"tag-fr","16":"tag-france","17":"tag-news","18":"tag-news-paris","19":"tag-paris","20":"tag-paris-news","21":"tag-pedophilie","22":"tag-republique-francaise","23":"tag-violences-sexuelles"},"share_on_mastodon":{"url":"https:\/\/pubeurope.com\/@fr\/115578419528764659","error":""},"_links":{"self":[{"href":"https:\/\/www.europesays.com\/fr\/wp-json\/wp\/v2\/posts\/545468","targetHints":{"allow":["GET"]}}],"collection":[{"href":"https:\/\/www.europesays.com\/fr\/wp-json\/wp\/v2\/posts"}],"about":[{"href":"https:\/\/www.europesays.com\/fr\/wp-json\/wp\/v2\/types\/post"}],"author":[{"embeddable":true,"href":"https:\/\/www.europesays.com\/fr\/wp-json\/wp\/v2\/users\/2"}],"replies":[{"embeddable":true,"href":"https:\/\/www.europesays.com\/fr\/wp-json\/wp\/v2\/comments?post=545468"}],"version-history":[{"count":0,"href":"https:\/\/www.europesays.com\/fr\/wp-json\/wp\/v2\/posts\/545468\/revisions"}],"wp:featuredmedia":[{"embeddable":true,"href":"https:\/\/www.europesays.com\/fr\/wp-json\/wp\/v2\/media\/545469"}],"wp:attachment":[{"href":"https:\/\/www.europesays.com\/fr\/wp-json\/wp\/v2\/media?parent=545468"}],"wp:term":[{"taxonomy":"category","embeddable":true,"href":"https:\/\/www.europesays.com\/fr\/wp-json\/wp\/v2\/categories?post=545468"},{"taxonomy":"post_tag","embeddable":true,"href":"https:\/\/www.europesays.com\/fr\/wp-json\/wp\/v2\/tags?post=545468"}],"curies":[{"name":"wp","href":"https:\/\/api.w.org\/{rel}","templated":true}]}}