{"id":545505,"date":"2025-11-19T21:34:14","date_gmt":"2025-11-19T21:34:14","guid":{"rendered":"https:\/\/www.europesays.com\/fr\/545505\/"},"modified":"2025-11-19T21:34:14","modified_gmt":"2025-11-19T21:34:14","slug":"la-pique-de-jordan-bardella-a-patrick-cohen-dans-c-a-vous-sur-france-5","status":"publish","type":"post","link":"https:\/\/www.europesays.com\/fr\/545505\/","title":{"rendered":"la pique de Jordan Bardella \u00e0 Patrick Cohen dans \u00abC \u00e0 vous\u00bb sur France 5"},"content":{"rendered":"<p>    Jordan Bardella et Patrick Cohen dans \u00abC \u00e0 vous\u00bb sur France 5<br \/>\n                Captures d&rsquo;\u00e9cran<\/p>\n<p>\n    L\u2019homme politique \u00e9tait l\u2019invit\u00e9 du programme pr\u00e9sent\u00e9 par Anne-\u00c9lisabeth Lemoine, \u00e0 l\u2019occasion de la sortie de son dernier livre, Ce que veulent les Fran\u00e7ais, paru aux \u00e9ditions Fayard.<\/p>\n<p class=\"fig-paragraph\">L\u2019ambiance \u00e9tait \u00e9lectrique sur le plateau de\u00a0<a href=\"https:\/\/tvmag.lefigaro.fr\/programme-tv\/programme\/c-a-vous-la-suite-d1898517107\" target=\"_blank\" rel=\"noopener\" data-gtm-custom-categorie=\"navigation\" data-gtm-custom-action=\"crossclick\" data-gtm-custom-label=\"Contextuel\" data-gtm-event=\"customEventSPE\"><strong>\u00abC \u00e0 vous\u00bb<\/strong><\/a> \u00a0ce mercredi 19 novembre. Et pour cause,\u00a0<a href=\"https:\/\/www.lefigaro.fr\/tag\/jordan-bardella\" target=\"_blank\" rel=\"noopener\" data-gtm-custom-categorie=\"navigation\" data-gtm-custom-action=\"crossclick\" data-gtm-custom-label=\"Contextuel\" data-gtm-event=\"customEventSPE\"><strong>Jordan Bardella<\/strong><\/a>, pr\u00e9sident du Rassemblement national, \u00e9tait l\u2019invit\u00e9 du programme sur\u00a0<a href=\"https:\/\/tvmag.lefigaro.fr\/programme-tv\/chaine\/47\/tous-les-programmes-de-france-5\" target=\"_blank\" rel=\"noopener\" data-gtm-custom-categorie=\"navigation\" data-gtm-custom-action=\"crossclick\" data-gtm-custom-label=\"Contextuel\" data-gtm-event=\"customEventSPE\">France 5<\/a>. L\u2019occasion pour l\u2019homme politique de pr\u00e9senter son dernier livre, Ce que veulent les Fran\u00e7ais, paru aux \u00e9ditions Fayard.<\/p>\n<p class=\"fig-paragraph\">Une \u0153uvre qui lui a permis de se livrer \u00abavec le c\u0153ur\u00bb aux Fran\u00e7ais, selon ses propres mots. Le d\u00e9put\u00e9 europ\u00e9en se sent aujourd\u2019hui plus proche du peuple, et s\u2019estime capable de les repr\u00e9senter, du moins plus que d\u2019autres personnalit\u00e9s politiques. \u00abJe fais de la politique depuis plus de dix ans, je commence \u00e0 avoir un peu d\u2019exp\u00e9rience, et j\u2019ai le sentiment que les responsables politiques n\u2019\u00e9coutent plus les Fran\u00e7ais. De par mon parcours, je n\u2019ai pas fait les grandes \u00e9coles et \u00e7a m\u2019est souvent reproch\u00e9, je pense avoir gard\u00e9&#8230;\u00bb, a-t-il d\u00e9clar\u00e9 avant d\u2019\u00eatre interrompu par\u00a0<a href=\"https:\/\/www.lefigaro.fr\/tag\/patrick-cohen\" target=\"_blank\" rel=\"noopener\" data-gtm-custom-categorie=\"navigation\" data-gtm-custom-action=\"crossclick\" data-gtm-custom-label=\"Contextuel\" data-gtm-event=\"customEventSPE\"><strong>Patrick Cohen<\/strong><\/a> .<\/p>\n<p>                                    <a class=\"fig-a11y-skip a11y-hidden\" href=\"#fig-a11y-skip-main-inarticle\"><br \/>\n        Passer la publicit\u00e9<br \/>\n    <\/a><\/p>\n<p class=\"fig-paragraph\">\u00abVous n\u2019avez pas travaill\u00e9 non plus, en dehors de la politique\u00bb, a alors fait remarquer le chroniqueur. La r\u00e9action de l\u2019int\u00e9ress\u00e9 ne s\u2019est pas fait attendre. \u00abOui, enfin je n\u2019ai pas honte d\u2019avoir fait de la politique, d\u2019avoir \u00e9t\u00e9 \u00e9lu parlementaire \u00e0 l\u2019\u00e2ge de 23 ans\u00bb, s\u2019est-il exclam\u00e9, avant d\u2019\u00eatre \u00e0 nouveau coup\u00e9.<\/p>\n<p class=\"fig-paragraph\">\u00abCe n\u2019est pas une honte, mais comme vous c\u00e9l\u00e9brez la France du travail&#8230;\u00bb, est intervenu le journaliste. Agac\u00e9, Jordan Bardella a r\u00e9torqu\u00e9\u00a0: \u00abOui, enfin je ne fais pas du dessin la journ\u00e9e monsieur Cohen. Vous, vous n\u2019avez fait que du journalisme\u00a0?\u00bb Et Patrick Cohen d\u2019acquiescer. \u00abBon, il se trouve que vous passez vos journ\u00e9es \u00e0 commenter ce que je fais. Moi je fais, vous, vous commentez donc je pourrais vous former le m\u00eame reproche\u00bb, a donc poursuivi l\u2019homme politique.<\/p>\n<p class=\"fig-body-link\">\n            \u00c0 lire aussi<br \/>\n        <a class=\"fig-body-link__link\" href=\"http:\/\/tvmag.lefigaro.fr\/programme-tv\/actu-tele\/une-rhetorique-insupportable-jordan-bardella-reagit-apres-avoir-ete-compare-a-hitler-sur-le-service-public-20251104\" target=\"_blank\" data-fig-type=\"Article\" rel=\"noopener\" data-gtm-custom-categorie=\"navigation\" data-gtm-custom-action=\"crossclick\" data-gtm-custom-label=\"Contextuel\" data-gtm-event=\"customEventSPE\" data-fig-domain=\"TVMAG\"><\/p>\n<p>        \u00abUne rh\u00e9torique insupportable\u00bb\u00a0: Jordan Bardella r\u00e9agit apr\u00e8s avoir \u00e9t\u00e9 compar\u00e9 \u00e0 Hitler sur le service public<br \/>\n    <\/a>\n<\/p>\n<p class=\"fig-paragraph\">Il faut dire que ce n\u2019est la premi\u00e8re fois que Patrick Cohen rencontre des difficult\u00e9s avec un membre du Rassemblement national invit\u00e9 dans \u00abC \u00e0 vous\u00bb. D\u00e9j\u00e0 en mars dernier, alors que l\u2019\u00e9quipe d\u2019<a href=\"https:\/\/www.lefigaro.fr\/tag\/anne-elisabeth-lemoine\" target=\"_blank\" rel=\"noopener\" data-gtm-custom-categorie=\"navigation\" data-gtm-custom-action=\"crossclick\" data-gtm-custom-label=\"Contextuel\" data-gtm-event=\"customEventSPE\">Anne-\u00c9lisabeth Lemoine<\/a>\u00a0recevait\u00a0<a href=\"https:\/\/www.lefigaro.fr\/tag\/jean-philippe-tanguy\" target=\"_blank\" rel=\"noopener\" data-gtm-custom-categorie=\"navigation\" data-gtm-custom-action=\"crossclick\" data-gtm-custom-label=\"Contextuel\" data-gtm-event=\"customEventSPE\">Jean-Philippe Tanguy<\/a>, un d\u00e9saccord \u00e0 propos d\u2019un sondage Ipsos avait oppos\u00e9 les deux hommes.<\/p>\n<p class=\"fig-paragraph\">\u00abLe niveau de confiance des \u00e9lecteurs du RN dans la justice est de 28%, quand ceux du parti socialiste et de Renaissance approchent les 70%. On voit l\u2019\u00e9cart consid\u00e9rable dans la perception de la justice\u00a0!\u00bb, avait affirm\u00e9 le chroniqueur. Le r\u00e9sultat n\u2019avait pas convaincu l\u2019homme politique qui avait exprim\u00e9 son doute\u00a0: \u00ab\u00c0 v\u00e9rifier\u00bb. Mais c\u2019est surtout quand Anne-\u00c9lisabeth Lemoine avait soulign\u00e9 la d\u00e9cision des juges de d\u00e9clarer<a href=\"https:\/\/www.lefigaro.fr\/tag\/marine-le-pen\" target=\"_blank\" rel=\"noopener\" data-gtm-custom-categorie=\"navigation\" data-gtm-custom-action=\"crossclick\" data-gtm-custom-label=\"Contextuel\" data-gtm-event=\"customEventSPE\">\u00a0Marine Le Pen<\/a>\u00a0coupable dans le cadre de l\u2019affaire des assistants parlementaires du RN que Jean-Philippe Tanguy s\u2019\u00e9tait franchement \u00e9nerv\u00e9\u00a0: \u00abMais quel rapport\u00a0? Quel rapport\u00a0? \u00c0 partir du moment o\u00f9 vous faites appel, madame, vous retrouvez votre pr\u00e9somption d\u2019innocence\u00a0!\u00bb<\/p>\n","protected":false},"excerpt":{"rendered":"Jordan Bardella et Patrick Cohen dans \u00abC \u00e0 vous\u00bb sur France 5 Captures d&rsquo;\u00e9cran L\u2019homme politique \u00e9tait l\u2019invit\u00e9&hellip;\n","protected":false},"author":2,"featured_media":545506,"comment_status":"","ping_status":"","sticky":false,"template":"","format":"standard","meta":{"footnotes":""},"categories":[1359],"tags":[5631,5632,58,59,1011,27,4467,1077,13960,973],"class_list":{"0":"post-545505","1":"post","2":"type-post","3":"status-publish","4":"format-standard","5":"has-post-thumbnail","7":"category-people","8":"tag-anne-elisabeth-lemoine","9":"tag-c-a-vous","10":"tag-divertissement","11":"tag-entertainment","12":"tag-fr","13":"tag-france","14":"tag-france-5","15":"tag-jordan-bardella","16":"tag-patrick-cohen","17":"tag-people"},"share_on_mastodon":{"url":"https:\/\/pubeurope.com\/@fr\/115578514004866940","error":""},"_links":{"self":[{"href":"https:\/\/www.europesays.com\/fr\/wp-json\/wp\/v2\/posts\/545505","targetHints":{"allow":["GET"]}}],"collection":[{"href":"https:\/\/www.europesays.com\/fr\/wp-json\/wp\/v2\/posts"}],"about":[{"href":"https:\/\/www.europesays.com\/fr\/wp-json\/wp\/v2\/types\/post"}],"author":[{"embeddable":true,"href":"https:\/\/www.europesays.com\/fr\/wp-json\/wp\/v2\/users\/2"}],"replies":[{"embeddable":true,"href":"https:\/\/www.europesays.com\/fr\/wp-json\/wp\/v2\/comments?post=545505"}],"version-history":[{"count":0,"href":"https:\/\/www.europesays.com\/fr\/wp-json\/wp\/v2\/posts\/545505\/revisions"}],"wp:featuredmedia":[{"embeddable":true,"href":"https:\/\/www.europesays.com\/fr\/wp-json\/wp\/v2\/media\/545506"}],"wp:attachment":[{"href":"https:\/\/www.europesays.com\/fr\/wp-json\/wp\/v2\/media?parent=545505"}],"wp:term":[{"taxonomy":"category","embeddable":true,"href":"https:\/\/www.europesays.com\/fr\/wp-json\/wp\/v2\/categories?post=545505"},{"taxonomy":"post_tag","embeddable":true,"href":"https:\/\/www.europesays.com\/fr\/wp-json\/wp\/v2\/tags?post=545505"}],"curies":[{"name":"wp","href":"https:\/\/api.w.org\/{rel}","templated":true}]}}