{"id":54551,"date":"2025-04-26T14:06:25","date_gmt":"2025-04-26T14:06:25","guid":{"rendered":"https:\/\/www.europesays.com\/fr\/54551\/"},"modified":"2025-04-26T14:06:25","modified_gmt":"2025-04-26T14:06:25","slug":"zones-humides-en-regression-il-faut-un-soutien-massif-de-la-population","status":"publish","type":"post","link":"https:\/\/www.europesays.com\/fr\/54551\/","title":{"rendered":"zones humides en r\u00e9gression, \u00ab il faut un soutien massif de la population \u00bb"},"content":{"rendered":"<p class=\"insetTitle\">Et nos for\u00eats, comment peut-on en prendre soin\u00a0?<\/p>\n<p>Un tiers du territoire hexagonal est recouvert de foret, rien que \u00e7a\u00a0! Mieux, elle est en expansion. Une ombre au tableau, les arbres ne vont pas bien. En 10 ans leur mortalit\u00e9 a augment\u00e9 de 50\u00a0%. Un constat imput\u00e9 au r\u00e9chauffement climatique \u00ab\u00a0qui soumet les arbres \u00e0 de fortes amplitudes thermiques et hydriques\u00a0\u00bb selon Laetitia Poffet de l\u2019ONF. Cons\u00e9quence\u00a0? Les arbres sont plus sensibles aux maladies (scolyte pour les \u00e9pic\u00e9as ou chalarose pour les fr\u00eanes), d\u00e9p\u00e9rissent, poussent moins vite et donc, stockent moins de carbone. <a href=\"https:\/\/www.republicain-lorrain.fr\/economie\/2025\/01\/03\/dans-la-foret-tout-est-une-question-d-equilibre\" target=\"_blank\" rel=\"noopener\">Pour \u00e9valuer son \u00e9tat,<\/a> IGN effectue un inventaire pr\u00e9cis tous les 5 ans. \u00ab\u00a0Nous mesurons la taille des arbres, leur canop\u00e9e, analysons le sol et inventorions la faune et la flore\u00a0\u00bb d\u00e9taille, Benjamin Piton Directeur territorial adjoint.<\/p>\n<p>Que faire pour aider la for\u00eat\u00a0?<\/p>\n<p>Premi\u00e8re action, consommer du bois comme mat\u00e9riaux\u00a0! \u00ab\u00a0Le bois stock le carbone, mais il ne faut pas attendre que l\u2019arbre meurt sur pied. En se d\u00e9gradant il lib\u00e8re le carbone stock\u00e9.\u00a0\u00bb Le top \u00e9tant de consommer du bois Fran\u00e7ais pour \u00e9viter le et l\u2019importation de nouveaux parasites. Enfin, comme le sugg\u00e8re Mathieu Ruillet directeur <a href=\"https:\/\/www.estrepublicain.fr\/environnement\/2023\/03\/30\/des-hommes-et-des-arbres-le-collectif-labellise-une-dizaine-de-projets-innovants-dans-le-departement\" target=\"_blank\" rel=\"noopener\"> Des Hommes et des Arbres<\/a> , pourquoi ne pas devenir acqu\u00e9reur d\u2019une parcelle\u00a0? \u00ab\u00a0C\u2019est une fa\u00e7on de transformer le On agit en Moi j\u2019agis\u00a0!\u00a0\u00bb<\/p>\n<p class=\"insetSignature\">M.\u00a0D.<\/p>\n","protected":false},"excerpt":{"rendered":"Et nos for\u00eats, comment peut-on en prendre soin\u00a0? Un tiers du territoire hexagonal est recouvert de foret, rien&hellip;\n","protected":false},"author":2,"featured_media":54552,"comment_status":"","ping_status":"","sticky":false,"template":"","format":"standard","meta":{"footnotes":""},"categories":[9635],"tags":[1111,11,1704,436,1777,674,1011,27,775,9588,3457,1702,12,3456,25],"class_list":{"0":"post-54551","1":"post","2":"type-post","3":"status-publish","4":"format-standard","5":"has-post-thumbnail","7":"category-nancy","8":"tag-actu","9":"tag-actualites","10":"tag-edition-nancy-et-agglomeration","11":"tag-environnement","12":"tag-eu","13":"tag-europe","14":"tag-fr","15":"tag-france","16":"tag-grand-est","17":"tag-ici-on-agit","18":"tag-meurthe-et-moselle","19":"tag-nancy","20":"tag-news","21":"tag-region-lorraine","22":"tag-republique-francaise"},"share_on_mastodon":{"url":"https:\/\/pubeurope.com\/@fr\/114404654012305850","error":""},"_links":{"self":[{"href":"https:\/\/www.europesays.com\/fr\/wp-json\/wp\/v2\/posts\/54551","targetHints":{"allow":["GET"]}}],"collection":[{"href":"https:\/\/www.europesays.com\/fr\/wp-json\/wp\/v2\/posts"}],"about":[{"href":"https:\/\/www.europesays.com\/fr\/wp-json\/wp\/v2\/types\/post"}],"author":[{"embeddable":true,"href":"https:\/\/www.europesays.com\/fr\/wp-json\/wp\/v2\/users\/2"}],"replies":[{"embeddable":true,"href":"https:\/\/www.europesays.com\/fr\/wp-json\/wp\/v2\/comments?post=54551"}],"version-history":[{"count":0,"href":"https:\/\/www.europesays.com\/fr\/wp-json\/wp\/v2\/posts\/54551\/revisions"}],"wp:featuredmedia":[{"embeddable":true,"href":"https:\/\/www.europesays.com\/fr\/wp-json\/wp\/v2\/media\/54552"}],"wp:attachment":[{"href":"https:\/\/www.europesays.com\/fr\/wp-json\/wp\/v2\/media?parent=54551"}],"wp:term":[{"taxonomy":"category","embeddable":true,"href":"https:\/\/www.europesays.com\/fr\/wp-json\/wp\/v2\/categories?post=54551"},{"taxonomy":"post_tag","embeddable":true,"href":"https:\/\/www.europesays.com\/fr\/wp-json\/wp\/v2\/tags?post=54551"}],"curies":[{"name":"wp","href":"https:\/\/api.w.org\/{rel}","templated":true}]}}