{"id":545512,"date":"2025-11-19T21:39:20","date_gmt":"2025-11-19T21:39:20","guid":{"rendered":"https:\/\/www.europesays.com\/fr\/545512\/"},"modified":"2025-11-19T21:39:20","modified_gmt":"2025-11-19T21:39:20","slug":"belphegor-se-devoile-dans-la-bande-annonce-de-la-nouvelle-serie","status":"publish","type":"post","link":"https:\/\/www.europesays.com\/fr\/545512\/","title":{"rendered":"Belph\u00e9gor se d\u00e9voile dans la bande-annonce de la nouvelle s\u00e9rie"},"content":{"rendered":"<p><strong>Le fant\u00f4me du Louvre revient, mais cette fois avec un masque qui se veut plus terrifiant que celui de 1965. HBO Max a d\u00e9voil\u00e9 la premi\u00e8re bande-annonce de sa nouvelle adaptation de <a href=\"https:\/\/www.ecranlarge.com\/series\/belphegor-2025\" data-type=\"series\" data-id=\"1353343\" rel=\"nofollow noopener\" target=\"_blank\">Belph\u00e9gor<\/a>, qui entend d\u00e9poussi\u00e9rer le classique.<\/strong><\/p>\n<p>\u00c0 force de voir les studios courir apr\u00e8s les remakes comme des touristes apr\u00e8s un selfie devant la Joconde, il fallait bien que <strong>Belph\u00e9gor <\/strong>ressorte de sa crypte t\u00f4t ou tard. Entre la fr\u00e9n\u00e9sie des adaptations litt\u00e9raires (<strong><a href=\"https:\/\/www.ecranlarge.com\/films\/jean-valjean\" data-type=\"films\" data-id=\"1270970\" rel=\"nofollow noopener\" target=\"_blank\">Jean Valjean<\/a>, <a href=\"https:\/\/www.ecranlarge.com\/films\/les-rois-maudits\" data-type=\"films\" data-id=\"1258580\" rel=\"nofollow noopener\" target=\"_blank\">Les Rois Maudits<\/a>, <a href=\"https:\/\/www.ecranlarge.com\/films\/851972-etranger-l\" data-type=\"films\" data-id=\"667281\" rel=\"nofollow noopener\" target=\"_blank\">L\u2019\u00c9tranger<\/a>.<\/strong>..) et la ru\u00e9e vers les classiques fran\u00e7ais suite au <a href=\"https:\/\/www.ecranlarge.com\/films\/news\/le-comte-de-monte-cristo-ecrase-box-office-mousquetaires\" data-type=\"link\" data-id=\"https:\/\/www.ecranlarge.com\/films\/news\/le-comte-de-monte-cristo-ecrase-box-office-mousquetaires\" rel=\"nofollow noopener\" target=\"_blank\">m\u00e9ga carton du <strong>Comte de Monte-Cristo<\/strong><\/a>, l\u2019apparition du fant\u00f4me du Louvre n\u2019\u00e9tait qu\u2019une question de temps.<\/p>\n<p>                    <img decoding=\"async\" alt=\"\" class=\"wp-image-518375\" style=\"object-fit:cover;width:25px;height:25px\" src=\"https:\/\/www.ecranlarge.com\/content\/uploads\/2023\/09\/arrow-right-circle.svg\"\/><\/p>\n<p>N\u00e9 sous la plume d\u2019Arthur Bern\u00e8de en 1927, et adapt\u00e9 au cin\u00e9ma d\u00e8s cette m\u00eame ann\u00e9e, le mythe ne s\u2019est vraiment ancr\u00e9 dans la culture pop avec l\u2019<a href=\"https:\/\/www.ecranlarge.com\/series\/belphegor\" data-type=\"series\" data-id=\"1353320\" rel=\"nofollow noopener\" target=\"_blank\">inoubliable mini-s\u00e9rie <strong>Belph\u00e9gor <\/strong>de 1965.<\/a> Juliette Gr\u00e9co y imposait un magn\u00e9tisme presque paranormal, face \u00e0 un jeune Yves R\u00e9nier totalement habit\u00e9. Quasiment quarante ans plus tard, en 2001, on a m\u00eame eu droit \u00e0 un film atroce avec Sophie Marceau (qu\u2019on aimerait pouvoir effacer de nos m\u00e9moires), puis \u00e0 une adaptation anim\u00e9e aussi \u00e9trange que fascinante.<\/p>\n<p>Et voici donc une nouvelle incarnation, fran\u00e7aise et calibr\u00e9e pour l\u2019export, qui atterrira directement sur HBO Max. La plateforme vient d\u2019en d\u00e9voiler la premi\u00e8re bande-annonce, qui semble montrer que <strong>la s\u00e9rie vise autant le thriller psychologique que le fantastique.<\/strong><\/p>\n<p>Premi\u00e8re bande-annonce de Belph\u00e9gor <\/p>\n<p>La bande-annonce reprend tous les marqueurs du roman et de la s\u00e9rie de 1965, transpos\u00e9s en plein XXI\u1d49 si\u00e8cle. On y suit Hafsa, jeune restauratrice d\u2019art fra\u00eechement recrut\u00e9e au Louvre, qui se retrouve soudain en plein cauchemar apr\u00e8s avoir d\u00e9couvert un masque mill\u00e9naire li\u00e9 \u00e0 un ancien dieu de l\u2019orage nomm\u00e9 \u00ab Belph\u00e9gor \u00bb. <\/p>\n<p>Tr\u00e8s vite rattrap\u00e9e par des disparitions myst\u00e9rieuses et une menace diffuse qui la suit \u00e0 la trace, <strong>Hafsa se retrouve embarqu\u00e9e dans une course poursuite o\u00f9 l\u2019\u00e9sot\u00e9risme flirte avec le thriller pur jus. <\/strong>Pour s\u2019en sortir, elle devra se d\u00e9battre contre ceux qui la traquent, des accusations dont on ne sait pas si elles sont justifi\u00e9es ou non, et contre ce qui para\u00eet \u00eatre une pr\u00e9sence d\u00e9moniaque. <\/p>\n<p>La s\u00e9rie est imagin\u00e9e et \u00e9crite par Nils Antoine Sambuc (<strong>En th\u00e9rapie<\/strong>) et Thomas Mansuy (la s\u00e9rie <strong>Les Rivi\u00e8res pourpres<\/strong>), un duo taill\u00e9 pour exploiter les ressorts du thriller psychologique. Pour la r\u00e9alisation, M6, Path\u00e9 et HBO ont confi\u00e9 les r\u00eanes \u00e0 J\u00e9r\u00e9my Mainguy (<strong>Chair tendre<\/strong>).<\/p>\n<p><a href=\"https:\/\/www.ecranlarge.com\/content\/uploads\/2025\/11\/belphegor.jpg\" rel=\"nofollow noopener\" target=\"_blank\"><\/p>\n<p><img loading=\"lazy\" decoding=\"async\" alt=\"\" src=\"https:\/\/www.europesays.com\/fr\/wp-content\/uploads\/2025\/11\/belphegor-1260x709.jpg\" width=\"1260\" height=\"709\"  \/><\/p>\n<p><\/a>The Mask 2025<\/p>\n<p>C\u00f4t\u00e9 casting, Shirine Boutella (<strong>Lupin<\/strong>) incarnera Hafsa Moreau, face \u00e0 Vincent Elbaz, qui sera Joseph Bellegarde. Ils seront second\u00e9s par Aure Atika, Tiphaine Daviot (<strong>HP<\/strong>), Nicolas Brian\u00e7on (<strong>Le Proc\u00e8s Goldman<\/strong>), Bellamine Abdelmalek (<strong>Une Zone \u00e0 d\u00e9fendre<\/strong>), Kevin Garnichat (<strong>Notre-Dame br\u00fble<\/strong>), Laurent Bateau (<strong>Polisse<\/strong>) et Kad Merad.<\/p>\n<p><strong>L\u2019arriv\u00e9e de Belph\u00e9gor est pr\u00e9vue pour le 11 d\u00e9cembre 2025 sur HBO Max. <\/strong>Parfait pour parler spiritisme pendant les repas de f\u00eates. <\/p>\n<p><a href=\"https:\/\/www.ecranlarge.com\/content\/uploads\/2025\/11\/5j7uoqxbiuxxpwvxt55sxt2zop0_jpg.jpg\" rel=\"nofollow noopener\" target=\"_blank\"><\/p>\n<p><img loading=\"lazy\" decoding=\"async\" alt=\"\" src=\"https:\/\/www.europesays.com\/fr\/wp-content\/uploads\/2025\/11\/5j7uoqxbiuxxpwvxt55sxt2zop0_jpg-1260x1891.jpg\" width=\"1260\" height=\"1891\"  \/><\/p>\n<p><\/a><\/p>\n","protected":false},"excerpt":{"rendered":"Le fant\u00f4me du Louvre revient, mais cette fois avec un masque qui se veut plus terrifiant que celui&hellip;\n","protected":false},"author":2,"featured_media":545513,"comment_status":"","ping_status":"","sticky":false,"template":"","format":"standard","meta":{"footnotes":""},"categories":[1354],"tags":[58,59,1346,1011,27,1360],"class_list":{"0":"post-545512","1":"post","2":"type-post","3":"status-publish","4":"format-standard","5":"has-post-thumbnail","7":"category-films","8":"tag-divertissement","9":"tag-entertainment","10":"tag-films","11":"tag-fr","12":"tag-france","13":"tag-movies"},"share_on_mastodon":{"url":"https:\/\/pubeurope.com\/@fr\/115578534705057444","error":""},"_links":{"self":[{"href":"https:\/\/www.europesays.com\/fr\/wp-json\/wp\/v2\/posts\/545512","targetHints":{"allow":["GET"]}}],"collection":[{"href":"https:\/\/www.europesays.com\/fr\/wp-json\/wp\/v2\/posts"}],"about":[{"href":"https:\/\/www.europesays.com\/fr\/wp-json\/wp\/v2\/types\/post"}],"author":[{"embeddable":true,"href":"https:\/\/www.europesays.com\/fr\/wp-json\/wp\/v2\/users\/2"}],"replies":[{"embeddable":true,"href":"https:\/\/www.europesays.com\/fr\/wp-json\/wp\/v2\/comments?post=545512"}],"version-history":[{"count":0,"href":"https:\/\/www.europesays.com\/fr\/wp-json\/wp\/v2\/posts\/545512\/revisions"}],"wp:featuredmedia":[{"embeddable":true,"href":"https:\/\/www.europesays.com\/fr\/wp-json\/wp\/v2\/media\/545513"}],"wp:attachment":[{"href":"https:\/\/www.europesays.com\/fr\/wp-json\/wp\/v2\/media?parent=545512"}],"wp:term":[{"taxonomy":"category","embeddable":true,"href":"https:\/\/www.europesays.com\/fr\/wp-json\/wp\/v2\/categories?post=545512"},{"taxonomy":"post_tag","embeddable":true,"href":"https:\/\/www.europesays.com\/fr\/wp-json\/wp\/v2\/tags?post=545512"}],"curies":[{"name":"wp","href":"https:\/\/api.w.org\/{rel}","templated":true}]}}