{"id":545517,"date":"2025-11-19T21:42:12","date_gmt":"2025-11-19T21:42:12","guid":{"rendered":"https:\/\/www.europesays.com\/fr\/545517\/"},"modified":"2025-11-19T21:42:12","modified_gmt":"2025-11-19T21:42:12","slug":"pablo-mira-le-droit-de-rester-dans-le-public-la-blague-qui-a-gele-le-plateau-de-quotidien","status":"publish","type":"post","link":"https:\/\/www.europesays.com\/fr\/545517\/","title":{"rendered":"Pablo Mira : \u00ab\u00a0Le droit de rester dans le public&#8230;\u00a0\u00bb, la blague qui a gel\u00e9 le plateau de Quotidien"},"content":{"rendered":"<p>\u00c0 quelques heures de la diffusion de son spectacle Pablo<br \/>\nMira : le pass\u00e9 simple sur TMC ce mercredi 19 novembre 2025,<br \/>\nl\u2019humoriste aurait sans doute pr\u00e9f\u00e9r\u00e9 que l\u2019attention se porte<br \/>\nuniquement sur sa carri\u00e8re. Pourtant, c\u2019est une r\u00e9plique l\u00e2ch\u00e9e sur<br \/>\n<a href=\"https:\/\/www.closermag.fr\/people\/ca-jaime-pas-par-contre-ambiance-tres-tendue-dans-quotidien-un-invite-calme-fermement-les-ardeurs-dun-chroniqueur-3495049\" target=\"_blank\" rel=\"noopener\"><br \/>\nle plateau de Quotidien<\/a> qui avait mis le feu aux poudres au<br \/>\nsujet des accusations face \u00e0 <strong>Pierre Garnier.<\/strong><\/p>\n<p>Une phrase cinglante, balanc\u00e9e en plein direct, qui a provoqu\u00e9<br \/>\nun silence glacial autour de la table. Le 3 juin 2025, lorsque<br \/>\n<a href=\"https:\/\/www.closermag.fr\/people\/pierre-garnier-la-reponse-aux-accusations-de-racisme-contre-quotidien-du-gagnant-de-la-star-academy-3443966\" target=\"_blank\" rel=\"noopener\"><br \/>\nla performance du chanteur Pierre Garnier<\/a> a vir\u00e9 \u00e0 la<br \/>\npol\u00e9mique. Quelques minutes apr\u00e8s son passage \u00e0 l\u2019antenne,<br \/>\nplusieurs choristes noirs se sont exprim\u00e9s en ligne pour d\u00e9noncer<br \/>\ndes conditions discriminatoires lors du tournage. L\u2019une d\u2019elles a<br \/>\nr\u00e9sum\u00e9 son exp\u00e9rience d\u2019une phrase qui a fait le tour des r\u00e9seaux<br \/>\nsociaux : \u201cLe racisme qu\u2019on a subi ? Je n\u2019ai jamais v\u00e9cu \u00e7a de ma<br \/>\nvie. Une honte\u201d.<\/p>\n<p>Pablo Mira et son humour grin\u00e7ant<\/p>\n<p>Selon leurs t\u00e9moignages, les choristes noirs auraient \u00e9t\u00e9<br \/>\ndirig\u00e9s vers une salle exigu\u00eb, sans fen\u00eatre, et contraints de<br \/>\nporter un bracelet noir, pendant que leurs coll\u00e8gues blancs<br \/>\npouvaient se placer librement dans le public, dans une atmosph\u00e8re<br \/>\nbien plus agr\u00e9able. Face \u00e0 la gravit\u00e9 des accusations, la direction<br \/>\nde Quotidien a reconnu aupr\u00e8s de 20 Minutes un<br \/>\n\u201cdysfonctionnement\u201d et <strong>pr\u00e9sent\u00e9 des excuses<br \/>\nofficielles.<\/strong><\/p>\n<p>L\u2019affaire, d\u00e9j\u00e0 sensible, a naturellement resurgi lors de la<br \/>\nchronique de Pablo Mira le 5 juin. Il a ironis\u00e9 sur Sous la Seine,<br \/>\nglissant : \u201cLe film m\u00eale fiction et r\u00e9alit\u00e9. R\u00e9alit\u00e9 parce que<br \/>\nl\u2019histoire se d\u00e9roule avant une grande comp\u00e9tition sportive.<br \/>\nFiction parce que l\u2019on voit un Parisien sourire\u201d.\u00a0<\/p>\n<p>Le chroniqueur de TMC se l\u00e2che<br \/>\ntotalement<\/p>\n<p>Un sarcasme typique de son style. Mais c\u2019est la phrase suivante,<br \/>\nl\u00e2ch\u00e9e avec d\u00e9sinvolture, qui a imm\u00e9diatement fig\u00e9 les visages<br \/>\nautour de la table, comme si <a href=\"https:\/\/www.closermag.fr\/tv-tele-realite\/lea-salame-lance-un-ordre-cinglant-a-une-invitee-d-on-est-en-direct-avant-de-se-reprendre-in-extremis-1533168\" target=\"_blank\" rel=\"noopener\"><br \/>\nle plateau de Quotidien s<\/a>\u2019\u00e9tait soudain refroidi : \u201cDans le<br \/>\nfilm, le grand m\u00e9chant, c\u2019est un requin mako, un genre de requin<br \/>\nblanc\u2026 exactement comme un requin noir, sauf qu\u2019il a le droit de<br \/>\nrester dans le public de Quotidien\u201d.<\/p>\n<p>Un humour noir assum\u00e9, mais qui, cette fois, a touch\u00e9 un point<br \/>\ntrop sensible. La salle n\u2019a pas ri. Le malaise \u00e9tait palpable,<br \/>\ncomme si chacun cherchait du regard quelqu\u2019un pour d\u00e9tendre<br \/>\nl\u2019atmosph\u00e8re. <strong>Pablo Mira, fid\u00e8le \u00e0 son r\u00f4le de sniper<br \/>\nsatirique,<\/strong> n\u2019a pas cherch\u00e9 \u00e0 att\u00e9nuer l\u2019impact. Sa<br \/>\npunchline visait clairement \u00e0 renvoyer la production \u00e0 ses<br \/>\ncontradictions et \u00e0 souligner l\u2019absurdit\u00e9 du scandale.<\/p>\n","protected":false},"excerpt":{"rendered":"\u00c0 quelques heures de la diffusion de son spectacle Pablo Mira : le pass\u00e9 simple sur TMC ce&hellip;\n","protected":false},"author":2,"featured_media":545518,"comment_status":"","ping_status":"","sticky":false,"template":"","format":"standard","meta":{"footnotes":""},"categories":[8],"tags":[10281,58,59,1011,27,66378,65861],"class_list":{"0":"post-545517","1":"post","2":"type-post","3":"status-publish","4":"format-standard","5":"has-post-thumbnail","7":"category-divertissement","8":"tag-buzz-nonli","9":"tag-divertissement","10":"tag-entertainment","11":"tag-fr","12":"tag-france","13":"tag-pablo-mira","14":"tag-trend"},"share_on_mastodon":{"url":"https:\/\/pubeurope.com\/@fr\/115578545414021546","error":""},"_links":{"self":[{"href":"https:\/\/www.europesays.com\/fr\/wp-json\/wp\/v2\/posts\/545517","targetHints":{"allow":["GET"]}}],"collection":[{"href":"https:\/\/www.europesays.com\/fr\/wp-json\/wp\/v2\/posts"}],"about":[{"href":"https:\/\/www.europesays.com\/fr\/wp-json\/wp\/v2\/types\/post"}],"author":[{"embeddable":true,"href":"https:\/\/www.europesays.com\/fr\/wp-json\/wp\/v2\/users\/2"}],"replies":[{"embeddable":true,"href":"https:\/\/www.europesays.com\/fr\/wp-json\/wp\/v2\/comments?post=545517"}],"version-history":[{"count":0,"href":"https:\/\/www.europesays.com\/fr\/wp-json\/wp\/v2\/posts\/545517\/revisions"}],"wp:featuredmedia":[{"embeddable":true,"href":"https:\/\/www.europesays.com\/fr\/wp-json\/wp\/v2\/media\/545518"}],"wp:attachment":[{"href":"https:\/\/www.europesays.com\/fr\/wp-json\/wp\/v2\/media?parent=545517"}],"wp:term":[{"taxonomy":"category","embeddable":true,"href":"https:\/\/www.europesays.com\/fr\/wp-json\/wp\/v2\/categories?post=545517"},{"taxonomy":"post_tag","embeddable":true,"href":"https:\/\/www.europesays.com\/fr\/wp-json\/wp\/v2\/tags?post=545517"}],"curies":[{"name":"wp","href":"https:\/\/api.w.org\/{rel}","templated":true}]}}