{"id":545529,"date":"2025-11-19T21:50:15","date_gmt":"2025-11-19T21:50:15","guid":{"rendered":"https:\/\/www.europesays.com\/fr\/545529\/"},"modified":"2025-11-19T21:50:15","modified_gmt":"2025-11-19T21:50:15","slug":"15-ans-quelle-reste-bloquee-dans-son-passe","status":"publish","type":"post","link":"https:\/\/www.europesays.com\/fr\/545529\/","title":{"rendered":"\u00ab\u00a015 ans qu\u2019elle reste bloqu\u00e9e dans son pass\u00e9\u00a0\u00bb"},"content":{"rendered":"<p>L\u2019audience reprend, ce mercredi 19\u00a0novembre avec deux t\u00e9moignages forts. D&rsquo;abord, celui de la meilleure amie de la victime. \u00ab\u00a0On s\u2019est rencontr\u00e9 au coll\u00e8ge en classe de 3e. C\u2018\u00e9tait une fille ferm\u00e9e, bloqu\u00e9e. Elle ne pouvait pas rester seule dans une pi\u00e8ce. Elle m\u2019a racont\u00e9 la violence de son p\u00e8re. Elle passait sous ses poings trop souvent, et pas que, en plus. Sa m\u00e8re aussi \u00e9tait violente, une violence psychologique. Elle jouait toute la nuit, dormait le jour, buvait, se droguait. Sandra essayait de tout g\u00e9rer. 15\u00a0ans qu\u2019elle attend, qu\u2019elle reste bloqu\u00e9e dans son pass\u00e9. Son p\u00e8re a pu vivre tout ce temps\u00a0; elle, elle survit seulement. Elle doit se relever de&#8230;<\/p>\n","protected":false},"excerpt":{"rendered":"L\u2019audience reprend, ce mercredi 19\u00a0novembre avec deux t\u00e9moignages forts. D&rsquo;abord, celui de la meilleure amie de la victime.&hellip;\n","protected":false},"author":2,"featured_media":545530,"comment_status":"","ping_status":"","sticky":false,"template":"","format":"standard","meta":{"footnotes":""},"categories":[9653],"tags":[1111,11,2430,271,272,7539,1777,674,274,107,1011,27,3367,12,25,4001,7538],"class_list":{"0":"post-545529","1":"post","2":"type-post","3":"status-publish","4":"format-standard","5":"has-post-thumbnail","7":"category-saint-etienne","8":"tag-actu","9":"tag-actualites","10":"tag-auvergne-rhone-alpes","11":"tag-crime","12":"tag-delit-et-contravention","13":"tag-edition-loire-sud","14":"tag-eu","15":"tag-europe","16":"tag-faits-divers-justice","17":"tag-fil-info","18":"tag-fr","19":"tag-france","20":"tag-loire","21":"tag-news","22":"tag-republique-francaise","23":"tag-saint-etienne","24":"tag-saint-etienne-ville"},"share_on_mastodon":{"url":"https:\/\/pubeurope.com\/@fr\/115578576796338615","error":""},"_links":{"self":[{"href":"https:\/\/www.europesays.com\/fr\/wp-json\/wp\/v2\/posts\/545529","targetHints":{"allow":["GET"]}}],"collection":[{"href":"https:\/\/www.europesays.com\/fr\/wp-json\/wp\/v2\/posts"}],"about":[{"href":"https:\/\/www.europesays.com\/fr\/wp-json\/wp\/v2\/types\/post"}],"author":[{"embeddable":true,"href":"https:\/\/www.europesays.com\/fr\/wp-json\/wp\/v2\/users\/2"}],"replies":[{"embeddable":true,"href":"https:\/\/www.europesays.com\/fr\/wp-json\/wp\/v2\/comments?post=545529"}],"version-history":[{"count":0,"href":"https:\/\/www.europesays.com\/fr\/wp-json\/wp\/v2\/posts\/545529\/revisions"}],"wp:featuredmedia":[{"embeddable":true,"href":"https:\/\/www.europesays.com\/fr\/wp-json\/wp\/v2\/media\/545530"}],"wp:attachment":[{"href":"https:\/\/www.europesays.com\/fr\/wp-json\/wp\/v2\/media?parent=545529"}],"wp:term":[{"taxonomy":"category","embeddable":true,"href":"https:\/\/www.europesays.com\/fr\/wp-json\/wp\/v2\/categories?post=545529"},{"taxonomy":"post_tag","embeddable":true,"href":"https:\/\/www.europesays.com\/fr\/wp-json\/wp\/v2\/tags?post=545529"}],"curies":[{"name":"wp","href":"https:\/\/api.w.org\/{rel}","templated":true}]}}