{"id":545531,"date":"2025-11-19T21:51:18","date_gmt":"2025-11-19T21:51:18","guid":{"rendered":"https:\/\/www.europesays.com\/fr\/545531\/"},"modified":"2025-11-19T21:51:18","modified_gmt":"2025-11-19T21:51:18","slug":"photos-jeunes-talents-au-fournil-nancy-celebre-lexcellence-boulangere","status":"publish","type":"post","link":"https:\/\/www.europesays.com\/fr\/545531\/","title":{"rendered":"Photos. Jeunes talents au fournil \u00a0: Nancy c\u00e9l\u00e8bre l&rsquo;excellence boulang\u00e8re"},"content":{"rendered":"<p>A Nancy, le CMA Formation accueille pendant 3 jours les finales nationales de la Semaine de l&rsquo;Excellence en boulangerie-p\u00e2tisserie. Trente et un jeunes talents venus de toute la France s&rsquo;y affrontent entre \u00e9preuves techniques chronom\u00e8tr\u00e9es et d\u00e9monstrations de savoir-faire. Sous le regard des enseignants, membres du jury et Meilleurs Ouvriers de France au col bleu blanc rouge. Talents sous pression.\u00a0<\/p>\n","protected":false},"excerpt":{"rendered":"A Nancy, le CMA Formation accueille pendant 3 jours les finales nationales de la Semaine de l&rsquo;Excellence en&hellip;\n","protected":false},"author":2,"featured_media":545532,"comment_status":"","ping_status":"","sticky":false,"template":"","format":"standard","meta":{"footnotes":""},"categories":[9635],"tags":[1111,11,3602,1704,10174,1777,674,1011,27,5325,2798,775,1702,12,25,104],"class_list":{"0":"post-545531","1":"post","2":"type-post","3":"status-publish","4":"format-standard","5":"has-post-thumbnail","7":"category-nancy","8":"tag-actu","9":"tag-actualites","10":"tag-edition-bar-le-duc","11":"tag-edition-nancy-et-agglomeration","12":"tag-edition-verdun","13":"tag-eu","14":"tag-europe","15":"tag-fr","16":"tag-france","17":"tag-galerie-media","18":"tag-galerie-photo","19":"tag-grand-est","20":"tag-nancy","21":"tag-news","22":"tag-republique-francaise","23":"tag-societe"},"share_on_mastodon":{"url":"https:\/\/pubeurope.com\/@fr\/115578580772548883","error":""},"_links":{"self":[{"href":"https:\/\/www.europesays.com\/fr\/wp-json\/wp\/v2\/posts\/545531","targetHints":{"allow":["GET"]}}],"collection":[{"href":"https:\/\/www.europesays.com\/fr\/wp-json\/wp\/v2\/posts"}],"about":[{"href":"https:\/\/www.europesays.com\/fr\/wp-json\/wp\/v2\/types\/post"}],"author":[{"embeddable":true,"href":"https:\/\/www.europesays.com\/fr\/wp-json\/wp\/v2\/users\/2"}],"replies":[{"embeddable":true,"href":"https:\/\/www.europesays.com\/fr\/wp-json\/wp\/v2\/comments?post=545531"}],"version-history":[{"count":0,"href":"https:\/\/www.europesays.com\/fr\/wp-json\/wp\/v2\/posts\/545531\/revisions"}],"wp:featuredmedia":[{"embeddable":true,"href":"https:\/\/www.europesays.com\/fr\/wp-json\/wp\/v2\/media\/545532"}],"wp:attachment":[{"href":"https:\/\/www.europesays.com\/fr\/wp-json\/wp\/v2\/media?parent=545531"}],"wp:term":[{"taxonomy":"category","embeddable":true,"href":"https:\/\/www.europesays.com\/fr\/wp-json\/wp\/v2\/categories?post=545531"},{"taxonomy":"post_tag","embeddable":true,"href":"https:\/\/www.europesays.com\/fr\/wp-json\/wp\/v2\/tags?post=545531"}],"curies":[{"name":"wp","href":"https:\/\/api.w.org\/{rel}","templated":true}]}}