{"id":545541,"date":"2025-11-19T21:56:11","date_gmt":"2025-11-19T21:56:11","guid":{"rendered":"https:\/\/www.europesays.com\/fr\/545541\/"},"modified":"2025-11-19T21:56:11","modified_gmt":"2025-11-19T21:56:11","slug":"racisme-une-ex-footballeuse-de-montpellier-a-recu-des-bananes-en-guise-de-cadeau-dadieu","status":"publish","type":"post","link":"https:\/\/www.europesays.com\/fr\/545541\/","title":{"rendered":"Racisme : Une ex-footballeuse de Montpellier a re\u00e7u des bananes en guise de cadeau d\u2019adieu"},"content":{"rendered":"<p class=\"mb-4 text-lg md:leading-8 break-words\"><strong>SCANDALEUX &#8211; Mary Fowler accuse le Montpellier HSC de racisme dans son livre \u00ab\u00a0Bloom\u00a0\u00bb, \u00e9voquant une remise de bananes en guise de cadeau d\u2019adieu et un mal-\u00eatre profond v\u00e9cu entre\u00a02020 et\u00a02022<\/strong><\/p>\n<p class=\"mb-4 text-lg md:leading-8 break-words\">Ce qui devait \u00eatre une simple c\u00e9r\u00e9monie de fin de saison s\u2019est transform\u00e9, pour Mary Fowler, en symbole du \u00ab\u00a0racisme ordinaire\u00a0\u00bb qu\u2019elle dit avoir subi durant son passage au club de <a href=\"https:\/\/www.20minutes.fr\/sport\/football\/?at_medium=RSS%20feed&amp;at_campaign=ynews&amp;utm_source=yahoo&amp;utm_medium=rss&amp;utm_campaign=news_feed&amp;utm_content=in_article_link\" rel=\"nofollow noopener\" target=\"_blank\" data-ylk=\"slk:football;elm:context_link;itc:0;sec:content-canvas\" class=\"link \">football<\/a> <a href=\"https:\/\/www.20minutes.fr\/sport\/mhsc\/?at_medium=RSS%20feed&amp;at_campaign=ynews&amp;utm_source=yahoo&amp;utm_medium=rss&amp;utm_campaign=news_feed&amp;utm_content=in_article_link\" rel=\"nofollow noopener\" target=\"_blank\" data-ylk=\"slk:Montpellier HSC;elm:context_link;itc:0;sec:content-canvas\" class=\"link \">Montpellier HSC<\/a> entre\u00a02020 et\u00a02022. Dans son livre \u00ab\u00a0Bloom\u00a0\u00bb, publi\u00e9 cette semaine, l\u2019internationale <a href=\"https:\/\/www.20minutes.fr\/dossier\/australie?at_medium=RSS%20feed&amp;at_campaign=ynews&amp;utm_source=yahoo&amp;utm_medium=rss&amp;utm_campaign=news_feed&amp;utm_content=in_article_link\" rel=\"nofollow noopener\" target=\"_blank\" data-ylk=\"slk:australienne;elm:context_link;itc:0;sec:content-canvas\" class=\"link \">australienne<\/a> de 22 ans raconte un \u00e9pisode qui l\u2019a profond\u00e9ment marqu\u00e9e.<\/p>\n<p class=\"mb-4 text-lg md:leading-8 break-words\">Elle affirme qu\u2019au moment de la pr\u00e9sentation du dernier match \u00e0 domicile, toutes les joueuses avaient re\u00e7u des fleurs\u2026 sauf elle et sa co\u00e9quipi\u00e8re <a href=\"https:\/\/www.20minutes.fr\/monde\/pays-bas\/?at_medium=RSS%20feed&amp;at_campaign=ynews&amp;utm_source=yahoo&amp;utm_medium=rss&amp;utm_campaign=news_feed&amp;utm_content=in_article_link\" rel=\"nofollow noopener\" target=\"_blank\" data-ylk=\"slk:n\u00e9erlandaise;elm:context_link;itc:0;sec:content-canvas\" class=\"link \">n\u00e9erlandaise<\/a> Ashleigh Weerden. Leurs noms n\u2019avaient d\u2019ailleurs pas \u00e9t\u00e9 mentionn\u00e9s au micro. \u00ab\u00a0Ensuite, quand nous sommes rentr\u00e9es dans le vestiaire, certaines de nos co\u00e9quipi\u00e8res se demandaient pourquoi nous n\u2019avions pas re\u00e7u de fleurs\u00a0\u00bb, \u00e9crit-elle, soulignant l\u2019incompr\u00e9hension g\u00e9n\u00e9rale.<\/p>\n<p>Une humiliation dans le vestiaire<\/p>\n<p class=\"mb-4 text-lg md:leading-8 break-words\">L\u2019incident a pris une dimension bien plus blessante une fois dans le vestiaire. Une joueuse \u2013 qu\u2019elle ne nomme pas \u2013 leur aurait tendu des <a href=\"https:\/\/www.20minutes.fr\/dossier\/banane?at_medium=RSS%20feed&amp;at_campaign=ynews&amp;utm_source=yahoo&amp;utm_medium=rss&amp;utm_campaign=news_feed&amp;utm_content=in_article_link\" rel=\"nofollow noopener\" target=\"_blank\" data-ylk=\"slk:bananes;elm:context_link;itc:0;sec:content-canvas\" class=\"link \">bananes<\/a> en disant\u00a0: \u00ab\u00a0Tiens, prends celles-ci.\u00a0\u00bb Un geste v\u00e9cu comme une humiliation par les deux joueuses noires concern\u00e9es. \u00ab\u00a0Ne pas recevoir de fleurs \u00e9tait une chose, mais [\u2026] recevoir des bananes n\u2019\u00e9tait pas quelque chose que je pouvais prendre \u00e0 la l\u00e9g\u00e8re\u00a0\u00bb, confie-t-elle. Elle dit avoir tent\u00e9 de justifier la sc\u00e8ne avant de la replacer dans un contexte o\u00f9 \u00ab\u00a0de nombreuses autres fois au club\u00a0\u00bb avaient d\u00e9j\u00e0 \u00e9veill\u00e9 le m\u00eame malaise.<\/p>\n<p><a href=\"https:\/\/www.20minutes.fr\/dossier\/racisme\" rel=\"nofollow noopener\" target=\"_blank\" data-ylk=\"slk:Notre dossier sur le racisme;elm:context_link;itc:0;sec:content-canvas\" class=\"link \">Notre dossier sur le racisme<\/a><\/p>\n<p class=\"mb-4 text-lg md:leading-8 break-words\">Mary Fowler d\u00e9crit \u00e9galement un mal-\u00eatre profond au sein du club h\u00e9raultais, allan(&#8230;)<\/p>\n<p class=\"mb-4 text-lg md:leading-8 break-words\"><a href=\"https:\/\/www.20minutes.fr\/societe\/4186733-20251119-racisme-ex-footballeuse-montpellier-recu-bananes-guise-cadeau-adieu?at_medium=RSS%20feed&amp;at_campaign=ynews&amp;utm_source=yahoo&amp;utm_medium=rss&amp;utm_campaign=news_feed&amp;utm_content=read_more_link&quot;\" rel=\"nofollow noopener\" target=\"_blank\" data-ylk=\"slk:Lire la suite sur 20minutes;elm:context_link;itc:0;sec:content-canvas\" class=\"link \">Lire la suite sur 20minutes<\/a><\/p>\n<p>\u00c0 lire aussi :<br \/><a href=\"https:\/\/www.20minutes.fr\/sport\/football\/liga\/4170988-20250903-liga-an-prison-trois-ans-interdiction-stade-auteur-insultes-racistes-visant-inaki-williams?at_medium=RSS%20feed&amp;at_campaign=ynews&amp;utm_source=yahoo&amp;utm_medium=rss&amp;utm_campaign=news_feed&amp;utm_content=related_content_link\" rel=\"nofollow noopener\" target=\"_blank\" data-ylk=\"slk:Liga\u00a0: Un an de prison et trois ans d\u2019interdiction de stade pour l\u2019auteur d\u2019insultes racistes visant I\u00f1aki Williams;elm:context_link;itc:0;sec:content-canvas\" class=\"link \">Liga\u00a0: Un an de prison et trois ans d\u2019interdiction de stade pour l\u2019auteur d\u2019insultes racistes visant I\u00f1aki Williams<\/a><br \/><a href=\"https:\/\/www.20minutes.fr\/sport\/football\/ligue-1\/4183162-20251103-toulouse-havre-fou-dire-raciste-conteste-aron-donnum-apres-geste-degueulasse?at_medium=RSS%20feed&amp;at_campaign=ynews&amp;utm_source=yahoo&amp;utm_medium=rss&amp;utm_campaign=news_feed&amp;utm_content=related_content_link\" rel=\"nofollow noopener\" target=\"_blank\" data-ylk=\"slk:Toulouse - Le\u00a0Havre\u00a0: \u00ab\u00a0C\u2019est fou de dire que je suis raciste\u00a0\u00bb, conteste Aron D\u00f6nnum apr\u00e8s son geste \u00ab\u00a0d\u00e9gueulasse\u00a0\u00bb;elm:context_link;itc:0;sec:content-canvas\" class=\"link \">Toulouse &#8211; Le\u00a0Havre\u00a0: \u00ab\u00a0C\u2019est fou de dire que je suis raciste\u00a0\u00bb, conteste Aron D\u00f6nnum apr\u00e8s son geste \u00ab\u00a0d\u00e9gueulasse\u00a0\u00bb<\/a><\/p>\n","protected":false},"excerpt":{"rendered":"SCANDALEUX &#8211; Mary Fowler accuse le Montpellier HSC de racisme dans son livre \u00ab\u00a0Bloom\u00a0\u00bb, \u00e9voquant une remise de&hellip;\n","protected":false},"author":2,"featured_media":545542,"comment_status":"","ping_status":"","sticky":false,"template":"","format":"standard","meta":{"footnotes":""},"categories":[9599],"tags":[1111,11,66382,18649,66381,66380,1777,674,1011,27,66379,2208,25781,12,2680,25,2312],"class_list":{"0":"post-545541","1":"post","2":"type-post","3":"status-publish","4":"format-standard","5":"has-post-thumbnail","7":"category-montpellier","8":"tag-actu","9":"tag-actualites","10":"tag-ashleigh-weerden","11":"tag-bananes","12":"tag-de-fleurs","13":"tag-dossier-sur-le-racisme","14":"tag-eu","15":"tag-europe","16":"tag-fr","17":"tag-france","18":"tag-mary-fowler","19":"tag-montpellier","20":"tag-montpellier-hsc","21":"tag-news","22":"tag-occitanie","23":"tag-republique-francaise","24":"tag-toulouse"},"share_on_mastodon":{"url":"https:\/\/pubeurope.com\/@fr\/115578600369667501","error":""},"_links":{"self":[{"href":"https:\/\/www.europesays.com\/fr\/wp-json\/wp\/v2\/posts\/545541","targetHints":{"allow":["GET"]}}],"collection":[{"href":"https:\/\/www.europesays.com\/fr\/wp-json\/wp\/v2\/posts"}],"about":[{"href":"https:\/\/www.europesays.com\/fr\/wp-json\/wp\/v2\/types\/post"}],"author":[{"embeddable":true,"href":"https:\/\/www.europesays.com\/fr\/wp-json\/wp\/v2\/users\/2"}],"replies":[{"embeddable":true,"href":"https:\/\/www.europesays.com\/fr\/wp-json\/wp\/v2\/comments?post=545541"}],"version-history":[{"count":0,"href":"https:\/\/www.europesays.com\/fr\/wp-json\/wp\/v2\/posts\/545541\/revisions"}],"wp:featuredmedia":[{"embeddable":true,"href":"https:\/\/www.europesays.com\/fr\/wp-json\/wp\/v2\/media\/545542"}],"wp:attachment":[{"href":"https:\/\/www.europesays.com\/fr\/wp-json\/wp\/v2\/media?parent=545541"}],"wp:term":[{"taxonomy":"category","embeddable":true,"href":"https:\/\/www.europesays.com\/fr\/wp-json\/wp\/v2\/categories?post=545541"},{"taxonomy":"post_tag","embeddable":true,"href":"https:\/\/www.europesays.com\/fr\/wp-json\/wp\/v2\/tags?post=545541"}],"curies":[{"name":"wp","href":"https:\/\/api.w.org\/{rel}","templated":true}]}}