{"id":545543,"date":"2025-11-19T21:58:11","date_gmt":"2025-11-19T21:58:11","guid":{"rendered":"https:\/\/www.europesays.com\/fr\/545543\/"},"modified":"2025-11-19T21:58:11","modified_gmt":"2025-11-19T21:58:11","slug":"une-nonagenaire-attend-64-heures-sur-un-brancard-aux-urgences-du-chu-de-rouen","status":"publish","type":"post","link":"https:\/\/www.europesays.com\/fr\/545543\/","title":{"rendered":"une nonag\u00e9naire attend 64 heures sur un brancard aux urgences du CHU de Rouen"},"content":{"rendered":"<p>Claire, \u00e2g\u00e9e de 99 ans, a attendu pendant 64 heures ce week-end aux urgences du CHU de Rouen avant d&rsquo;\u00eatre transf\u00e9r\u00e9e dans un service de l&rsquo;h\u00f4pital. Un d\u00e9lai \u00ab\u00a0trop long\u00a0\u00bb, d\u00e9plore sa petite-fille ce mercredi soir sur BFMTV.<\/p>\n<p>Si Aline prend la parole, c&rsquo;est qu&rsquo;elle a \u00e9t\u00e9 t\u00e9moin d&rsquo;une \u00ab\u00a0situation qu&rsquo;elle ne veut plus revoir\u00a0\u00bb. Ce vendredi, sa grand-m\u00e8re Claire, \u00e2g\u00e9e de 99 ans, a du mal \u00e0 respirer, raison pour laquelle elle est transport\u00e9e en ambulance aux urgences <a href=\"https:\/\/www.bfmtv.com\/normandie\/replay-emissions\/bonsoir-la-normandie\/l-unite-de-soins-longue-duree-de-l-hopital-boucicaut-du-chu-de-rouen-equipe-ses-patients-souffrants-d-un-trouble-cognitif-d-une-puce-electronique-dans-leur-chaussure_VN-202501090742.html\" title=\"L&#039;unit\u00e9 de soins longue dur\u00e9e de l&#039;h\u00f4pital Boucicaut du CHU de Rouen \u00e9quipe ses patients souffrants d&#039;un trouble cognitif d&#039;une puce \u00e9lectronique dans leur chaussure\" class=\"internal_link\" rel=\"nofollow noopener\" target=\"_blank\">du CHU de Rouen.<\/a><\/p>\n<p>La nonag\u00e9naire attendra durant 64 heures qu&rsquo;un lit d&rsquo;hospitalisation se lib\u00e8re, un d\u00e9lai \u00ab\u00a0tr\u00e8s long quand on a 99 ans\u00a0\u00bb, souligne Aline. Ce mercredi 19 novembre sur BFMTV, elle raconte avoir appel\u00e9 l&rsquo;h\u00f4pital le samedi \u00ab\u00a0pour avoir des nouvelles\u00a0\u00bb. \u00ab\u00a0On me dit qu&rsquo;elle est toujours aux urgences. Je vais m&rsquo;y rendre avec ma m\u00e8re. Elle va y passer une nuit et encore une nuit jusqu&rsquo;au lundi\u00a0\u00bb, poursuit-elle sur notre antenne. Finalement, Claire sera transf\u00e9r\u00e9e le lundi en d\u00e9but d&rsquo;apr\u00e8s-midi dans un service de l&rsquo;h\u00f4pital de Rouen.<\/p>\n<p>\u00ab\u00a0Les soignants n&rsquo;y sont pour rien\u00a0\u00bb<\/p>\n<p>Alors comment s&rsquo;explique ce d\u00e9lai aussi important? \u00ab\u00a0Elle n&rsquo;a pas \u00e9t\u00e9 oubli\u00e9e, juste il n&rsquo;y avait pas de lits\u00a0\u00bb, d\u00e9plore Aline.<\/p>\n<blockquote class=\"embed embed_quote\"><p>\u00ab\u00a0Il n&rsquo;y avait aucune place nulle part. J&rsquo;ai demand\u00e9 \u00e0 une soignante si on pouvait l&rsquo;installer dans un lit dans le box des urgences, mais ils n&rsquo;avaient plus de lits non plus pour pouvoir l&rsquo;installer plus confortablement\u00a0\u00bb, se souvient-elle sur BFMTV.<\/p><\/blockquote>\n<p>Les soignants installeront uniquement un sur-matelas pour \u00e9viter \u00ab\u00a0des l\u00e9sions cutan\u00e9es\u00a0\u00bb. \u00ab\u00a0Ce qui est triste, c&rsquo;est que les soignants n&rsquo;y sont pour rien, ils subissent autant que les patients\u00a0\u00bb, estime Aline qui note leur \u00ab\u00a0bienveillance\u00a0\u00bb et plaide pour \u00ab\u00a0plus de moyens\u00a0\u00bb. Aujourd&rsquo;hui, Claire est rentr\u00e9e \u00e0 la maison, mais \u00ab\u00a0est extr\u00eamement fatigu\u00e9e\u00a0\u00bb.<\/p>\n<p>De son c\u00f4t\u00e9, le CHU de Rouen explique \u00e0 nos <a href=\"https:\/\/www.francebleu.fr\/infos\/societe\/une-femme-agee-de-99-ans-attend-64-heures-sur-un-brancard-aux-urgences-du-chu-de-rouen-9931447\" target=\"_blank\" class=\"external_link\" rel=\"nofollow noopener\">confr\u00e8res d&rsquo;Ici Normandie<\/a> que la situation \u00e9tait \u00ab\u00a0exceptionnellement tendue aux urgences\u00a0\u00bb et d\u00e9plore une exp\u00e9rience \u00ab\u00a0regrettable\u00a0\u00bb pour Claire.<\/p>\n","protected":false},"excerpt":{"rendered":"Claire, \u00e2g\u00e9e de 99 ans, a attendu pendant 64 heures ce week-end aux urgences du CHU de Rouen&hellip;\n","protected":false},"author":2,"featured_media":545544,"comment_status":"","ping_status":"","sticky":false,"template":"","format":"standard","meta":{"footnotes":""},"categories":[9587],"tags":[1111,11,1777,674,1011,27,12,5161,25,9590],"class_list":{"0":"post-545543","1":"post","2":"type-post","3":"status-publish","4":"format-standard","5":"has-post-thumbnail","7":"category-rouen","8":"tag-actu","9":"tag-actualites","10":"tag-eu","11":"tag-europe","12":"tag-fr","13":"tag-france","14":"tag-news","15":"tag-normandie","16":"tag-republique-francaise","17":"tag-rouen"},"share_on_mastodon":{"url":"https:\/\/pubeurope.com\/@fr\/115578608304893815","error":""},"_links":{"self":[{"href":"https:\/\/www.europesays.com\/fr\/wp-json\/wp\/v2\/posts\/545543","targetHints":{"allow":["GET"]}}],"collection":[{"href":"https:\/\/www.europesays.com\/fr\/wp-json\/wp\/v2\/posts"}],"about":[{"href":"https:\/\/www.europesays.com\/fr\/wp-json\/wp\/v2\/types\/post"}],"author":[{"embeddable":true,"href":"https:\/\/www.europesays.com\/fr\/wp-json\/wp\/v2\/users\/2"}],"replies":[{"embeddable":true,"href":"https:\/\/www.europesays.com\/fr\/wp-json\/wp\/v2\/comments?post=545543"}],"version-history":[{"count":0,"href":"https:\/\/www.europesays.com\/fr\/wp-json\/wp\/v2\/posts\/545543\/revisions"}],"wp:featuredmedia":[{"embeddable":true,"href":"https:\/\/www.europesays.com\/fr\/wp-json\/wp\/v2\/media\/545544"}],"wp:attachment":[{"href":"https:\/\/www.europesays.com\/fr\/wp-json\/wp\/v2\/media?parent=545543"}],"wp:term":[{"taxonomy":"category","embeddable":true,"href":"https:\/\/www.europesays.com\/fr\/wp-json\/wp\/v2\/categories?post=545543"},{"taxonomy":"post_tag","embeddable":true,"href":"https:\/\/www.europesays.com\/fr\/wp-json\/wp\/v2\/tags?post=545543"}],"curies":[{"name":"wp","href":"https:\/\/api.w.org\/{rel}","templated":true}]}}