{"id":545553,"date":"2025-11-19T22:05:06","date_gmt":"2025-11-19T22:05:06","guid":{"rendered":"https:\/\/www.europesays.com\/fr\/545553\/"},"modified":"2025-11-19T22:05:06","modified_gmt":"2025-11-19T22:05:06","slug":"insolite-a-19-ans-il-sapprete-a-quitter-strasbourg-pour-rejoindre-la-laponie-en-auto-stop","status":"publish","type":"post","link":"https:\/\/www.europesays.com\/fr\/545553\/","title":{"rendered":"Insolite. \u00c0 19 ans, il s\u2019appr\u00eate \u00e0 quitter Strasbourg pour rejoindre la Laponie en auto-stop"},"content":{"rendered":"<p>Originaire de Saint-Di\u00e9 et \u00e9tudiant en montage vid\u00e9o \u00e0 Strasbourg, <a href=\"https:\/\/www.vosgesmatin.fr\/culture-loisirs\/2025\/11\/19\/saint-die-a-19-ans-il-s-apprete-a-rejoindre-la-laponie-en-auto-stop-pour-y-passer-noel\" target=\"_blank\" rel=\"nofollow noopener\"> Vincent Loubette, 19 ans, s\u2019appr\u00eate \u00e0 quitter la capitale alsacienne le pouce lev\u00e9, direction la Laponie<\/a>. Un d\u00e9fi audacieux qu\u2019il veut vivre comme une grande aventure humaine glac\u00e9e.\u00a0Ce jeune D\u00e9odatien prendra un train de nuit le 20\u00a0d\u00e9cembre jusqu\u2019\u00e0 Hambourg avant de poursuivre le voyage enti\u00e8rement en auto-stop. Il esp\u00e8re ainsi remonter les routes gel\u00e9es de l\u2019Allemagne jusqu\u2019aux paysages nordiques. Son sac de 40 litres sur le dos, garni de v\u00eatements chauds, de quelques provisions et de sa cam\u00e9ra en poche. Il envisage de dormir chez l\u2019habitant. Ce n\u2019est pas son premier voyage en auto-stop, puisqu\u2019il a d\u00e9j\u00e0 parcouru l\u2019Australie. Le jeune homme documentera son r\u00e9cit via ses r\u00e9seaux, o\u00f9 il publiera vid\u00e9os, portraits, images de route et pens\u00e9es not\u00e9es dans son carnet.<\/p>\n<p><a href=\"https:\/\/www.vosgesmatin.fr\/culture-loisirs\/2025\/11\/19\/saint-die-a-19-ans-il-s-apprete-a-rejoindre-la-laponie-en-auto-stop-pour-y-passer-noel\" target=\"_blank\" rel=\"nofollow noopener\"> \u25b6 \u2002Lire l\u2019int\u00e9gralit\u00e9 de ce papier chez nos confr\u00e8res de Vosges Matin<\/a><\/p>\n","protected":false},"excerpt":{"rendered":"Originaire de Saint-Di\u00e9 et \u00e9tudiant en montage vid\u00e9o \u00e0 Strasbourg, Vincent Loubette, 19 ans, s\u2019appr\u00eate \u00e0 quitter la&hellip;\n","protected":false},"author":2,"featured_media":544840,"comment_status":"","ping_status":"","sticky":false,"template":"","format":"standard","meta":{"footnotes":""},"categories":[2820],"tags":[1111,11,2389,2649,1777,674,107,1011,27,775,1757,12,25,640],"class_list":{"0":"post-545553","1":"post","2":"type-post","3":"status-publish","4":"format-standard","5":"has-post-thumbnail","7":"category-strasbourg","8":"tag-actu","9":"tag-actualites","10":"tag-alsace","11":"tag-bas-rhin","12":"tag-eu","13":"tag-europe","14":"tag-fil-info","15":"tag-fr","16":"tag-france","17":"tag-grand-est","18":"tag-insolite","19":"tag-news","20":"tag-republique-francaise","21":"tag-strasbourg"},"share_on_mastodon":{"url":"https:\/\/pubeurope.com\/@fr\/115578635801477326","error":""},"_links":{"self":[{"href":"https:\/\/www.europesays.com\/fr\/wp-json\/wp\/v2\/posts\/545553","targetHints":{"allow":["GET"]}}],"collection":[{"href":"https:\/\/www.europesays.com\/fr\/wp-json\/wp\/v2\/posts"}],"about":[{"href":"https:\/\/www.europesays.com\/fr\/wp-json\/wp\/v2\/types\/post"}],"author":[{"embeddable":true,"href":"https:\/\/www.europesays.com\/fr\/wp-json\/wp\/v2\/users\/2"}],"replies":[{"embeddable":true,"href":"https:\/\/www.europesays.com\/fr\/wp-json\/wp\/v2\/comments?post=545553"}],"version-history":[{"count":0,"href":"https:\/\/www.europesays.com\/fr\/wp-json\/wp\/v2\/posts\/545553\/revisions"}],"wp:featuredmedia":[{"embeddable":true,"href":"https:\/\/www.europesays.com\/fr\/wp-json\/wp\/v2\/media\/544840"}],"wp:attachment":[{"href":"https:\/\/www.europesays.com\/fr\/wp-json\/wp\/v2\/media?parent=545553"}],"wp:term":[{"taxonomy":"category","embeddable":true,"href":"https:\/\/www.europesays.com\/fr\/wp-json\/wp\/v2\/categories?post=545553"},{"taxonomy":"post_tag","embeddable":true,"href":"https:\/\/www.europesays.com\/fr\/wp-json\/wp\/v2\/tags?post=545553"}],"curies":[{"name":"wp","href":"https:\/\/api.w.org\/{rel}","templated":true}]}}