{"id":545560,"date":"2025-11-19T22:09:10","date_gmt":"2025-11-19T22:09:10","guid":{"rendered":"https:\/\/www.europesays.com\/fr\/545560\/"},"modified":"2025-11-19T22:09:10","modified_gmt":"2025-11-19T22:09:10","slug":"ce-dessin-un-graal-de-la-renaissance-deniche-dans-le-vignoble-de-nantes-adjuge-plus-de","status":"publish","type":"post","link":"https:\/\/www.europesays.com\/fr\/545560\/","title":{"rendered":"Ce dessin, un \u00ab\u00a0Graal de la Renaissance\u00a0\u00bb d\u00e9nich\u00e9 dans le vignoble de Nantes, adjug\u00e9 plus de"},"content":{"rendered":"<p>Paul-Marie Musnier jubile, ce mercredi soir 19\u00a0novembre. Jamais, il n\u2019aurait pens\u00e9 que ce dessin d\u2019un \u00e9l\u00e8ve de Michel-Ange, d\u00e9nich\u00e9 lors d\u2019une succession dans le vignoble nantais, serait vendu si cher lors de cette vente aux ench\u00e8res \u00e0 l\u2019H\u00f4tel Drouot, \u00e0 Paris.<\/p>\n<p><a href=\"https:\/\/nantes.maville.com\/actu\/actudet_-une-rarete-le-dessin-d-un-eleve-de-michel-ange-decouvert-par-un-commissaire-priseur-nantais-_8-7023613_actu.Htm\" target=\"_self\" rel=\"noopener\">Estim\u00e9 \u00e0 500\u00a0000\u00a0\u20ac<\/a>, il a finalement \u00e9t\u00e9 <strong>\u00ab\u00a0adjug\u00e9 3,1\u00a0millions d\u2019euros, 4,1 avec les frais\u00a0\u00bb.<\/strong> Le commissaire-priseur nantais confie\u00a0: <strong>\u00ab\u00a0Jamais un dessin n\u2019\u00e9tait parti \u00e0 ce prix \u00e0 Drouot. Quatre gros acheteurs ont voulu s\u2019arracher ce Graal de la Renaissance, dont un mus\u00e9e am\u00e9ricain.\u00a0\u00bb<\/strong><\/p>\n<p>Loin d\u2019\u00eatre un inconnu<\/p>\n<p>Outre le fait que ce fut un proche de Michel-Ange, l\u2019auteur de ce dessin n\u2019est pas un inconnu des historiens de l\u2019art. Daniele da Volterra est celui qui\u00a0fut charg\u00e9 de recouvrir de pagnes et cale\u00e7ons les parties g\u00e9nitales des personnages nus du Jugement dernier de la chapelle Sixtine, \u00e0 Rome, qui avait tant d\u00e9plu au ma\u00eetre de c\u00e9r\u00e9monies du pape Paul III.<\/p>\n<p>Ce n\u2019est pas le premier tr\u00e9sor exhum\u00e9 par Paul-Marie Musnier. En 2022, il\u00a0avait mis la main sur des carnets de <a href=\"https:\/\/www.ouest-france.fr\/leditiondusoir\/2022-06-09\/des-carnets-de-l-expedition-de-champollion-en-egypte-retrouves-dans-le-buffet-de-retraites-vendeens-ee7cf445-4ee7-45a8-b6c3-54ca8773691a?utm_source=troove&amp;utm_medium=site\" target=\"_self\" rel=\"noopener\">croquis de Champollion<\/a>.<\/p>\n<p>\u00a0<\/p>\n","protected":false},"excerpt":{"rendered":"Paul-Marie Musnier jubile, ce mercredi soir 19\u00a0novembre. Jamais, il n\u2019aurait pens\u00e9 que ce dessin d\u2019un \u00e9l\u00e8ve de Michel-Ange,&hellip;\n","protected":false},"author":2,"featured_media":545561,"comment_status":"","ping_status":"","sticky":false,"template":"","format":"standard","meta":{"footnotes":""},"categories":[2818],"tags":[19020,1111,11,55992,1438,43030,5804,53182,1777,674,4658,1011,27,66383,4657,766,12,2636,3370,25,4714],"class_list":{"0":"post-545560","1":"post","2":"type-post","3":"status-publish","4":"format-standard","5":"has-post-thumbnail","7":"category-nantes","8":"tag-19020","9":"tag-actu","10":"tag-actualites","11":"tag-adjuge","12":"tag-angers","13":"tag-deniche","14":"tag-dessin","15":"tag-drouot","16":"tag-eu","17":"tag-europe","18":"tag-euros","19":"tag-fr","20":"tag-france","21":"tag-graal","22":"tag-millions","23":"tag-nantes","24":"tag-news","25":"tag-pays-de-la-loire","26":"tag-renaissance","27":"tag-republique-francaise","28":"tag-vignoble"},"share_on_mastodon":{"url":"https:\/\/pubeurope.com\/@fr\/115578651492851717","error":""},"_links":{"self":[{"href":"https:\/\/www.europesays.com\/fr\/wp-json\/wp\/v2\/posts\/545560","targetHints":{"allow":["GET"]}}],"collection":[{"href":"https:\/\/www.europesays.com\/fr\/wp-json\/wp\/v2\/posts"}],"about":[{"href":"https:\/\/www.europesays.com\/fr\/wp-json\/wp\/v2\/types\/post"}],"author":[{"embeddable":true,"href":"https:\/\/www.europesays.com\/fr\/wp-json\/wp\/v2\/users\/2"}],"replies":[{"embeddable":true,"href":"https:\/\/www.europesays.com\/fr\/wp-json\/wp\/v2\/comments?post=545560"}],"version-history":[{"count":0,"href":"https:\/\/www.europesays.com\/fr\/wp-json\/wp\/v2\/posts\/545560\/revisions"}],"wp:featuredmedia":[{"embeddable":true,"href":"https:\/\/www.europesays.com\/fr\/wp-json\/wp\/v2\/media\/545561"}],"wp:attachment":[{"href":"https:\/\/www.europesays.com\/fr\/wp-json\/wp\/v2\/media?parent=545560"}],"wp:term":[{"taxonomy":"category","embeddable":true,"href":"https:\/\/www.europesays.com\/fr\/wp-json\/wp\/v2\/categories?post=545560"},{"taxonomy":"post_tag","embeddable":true,"href":"https:\/\/www.europesays.com\/fr\/wp-json\/wp\/v2\/tags?post=545560"}],"curies":[{"name":"wp","href":"https:\/\/api.w.org\/{rel}","templated":true}]}}