{"id":545570,"date":"2025-11-19T22:14:12","date_gmt":"2025-11-19T22:14:12","guid":{"rendered":"https:\/\/www.europesays.com\/fr\/545570\/"},"modified":"2025-11-19T22:14:12","modified_gmt":"2025-11-19T22:14:12","slug":"de-nombreux-marches-de-noel-se-deroulent-a-toulouse-et-en-haute-garonne-ce-week-end-voici-lesquels","status":"publish","type":"post","link":"https:\/\/www.europesays.com\/fr\/545570\/","title":{"rendered":"De nombreux march\u00e9s de No\u00ebl se d\u00e9roulent \u00e0 Toulouse et en Haute-Garonne ce week-end : voici lesquels"},"content":{"rendered":"<p>                    Par<br \/>\n        <strong><br \/>\n            <a href=\"https:\/\/actu.fr\/auteur\/david-saint-sernin\" title=\"Consulter tous les articles de David Saint-Sernin\" rel=\"nofollow noopener\" target=\"_blank\">David Saint-Sernin<\/a><br \/>\n                    <\/strong><\/p>\n<p>        Publi\u00e9 le<\/p>\n<p>            19 nov. 2025 \u00e0 17h54        <\/p>\n<p><strong>No\u00ebl<\/strong> approche, mais<a href=\"https:\/\/actu.fr\/toulouse\/\" rel=\"nofollow noopener\" target=\"_blank\"> \u00e0 Toulouse<\/a> et en Haute-Garonne, le calendrier des f\u00eates n\u2019attend pas d\u00e9cembre. Des march\u00e9s de No\u00ebl sont en effet organis\u00e9s d\u00e8s ce week-end des 22 et 23 novembre 2025. Ils lancent officiellement la saison des F\u00eates de fin d\u2019ann\u00e9e chez nous. Voici une liste de 10 <a href=\"https:\/\/actu.fr\/occitanie\/toulouse_31555\/toulouse-illuminations-cadeaux-et-aligot-voici-les-dates-du-prochain-marche-de-noel_63361542.html\" rel=\"nofollow noopener\" target=\"_blank\">march\u00e9s de No\u00ebl<\/a> \u00e0 d\u00e9couvrir ce samedi et ce dimanche<a href=\"https:\/\/actu.fr\/occitanie\/toulouse_31555\/toulouse-se-prepare-a-revetir-ses-habits-de-fete-le-marche-de-noel-s-installe-place-du-capitole_63432417.html\" rel=\"nofollow noopener\" target=\"_blank\"> \u00e0 Toulouse<\/a> et en Haute-Garonne.<\/p>\n<p>#1 Le Petit March\u00e9 de No\u00ebl \u00e0 Toulouse<\/p>\n<p class=\" wall-content\">C\u2019est d\u00e9j\u00e0 la 16e \u00e9dition de ce Petit March\u00e9 de No\u00ebl des Minimes, organis\u00e9 par l\u2019Atelier Effets Pourpres, qui a la particularit\u00e9 de se d\u00e9rouler dans une maison, au <strong>157 rue de Chaussas.<\/strong><\/p>\n<p class=\" wall-content\">Le principe\u2009? Une boutique \u00e9ph\u00e9m\u00e8re de plusieurs cr\u00e9ateurs propose v\u00eatements, carterie, textile, bijoux et d\u00e9co \u00e0 la vente. Cela commence le vendredi, de 18h \u00e0 21h.<\/p>\n<p class=\" wall-content\">Et les samedi et dimanche, de 10h30 \u00e0 19h.<\/p>\n<p>#2 March\u00e9 de No\u00ebl de Poucharramet<\/p>\n<p class=\" wall-content\">L\u2019Association des Parents d\u2019El\u00e8ves de Poucharramet organise le March\u00e9 de No\u00ebl, le dimanche 23\u00a0novembre 2025 de 10h \u00e0 17h. Au programme\u2009: artisanat, producteurs locaux, bourse aux jouets. Restauration sur place.<\/p>\n<p>#3 March\u00e9 de No\u00ebl de Moncaup<\/p>\n<p class=\" wall-content\">Dans le Comminges, la commune de Moncaup organise son 4\u1d49 march\u00e9 de No\u00ebl, samedi\u00a022 de 14h \u00e0 18h, puis dimanche\u00a023, de 10 \u00e0 17h. Le march\u00e9 est abrit\u00e9, <strong>place de la R\u00e9publique<\/strong>. Une cr\u00e8che de No\u00ebl et une r\u00e9plique du village illumin\u00e9 seront install\u00e9es. Les enfants trouveront une boite aux lettres au p\u00e8re No\u00ebl.<\/p>\n<p>Place de la R\u00e9publique. L\u2019entr\u00e9e est gratuite.<\/p>\n<p>#4 March\u00e9 de No\u00ebl d\u2019Eup<\/p>\n<p class=\" wall-content\">Dimanche\u00a023, de 10h \u00e0 17h, la commune d\u2019Eup, toujours dans le Comminges, propose un march\u00e9 des artisans. Le p\u00e8re No\u00ebl sera pr\u00e9sent.<\/p>\n<p>Votre r\u00e9gion, votre actu !<\/p>\n<p>Recevez chaque jour les infos qui comptent pour vous.<\/p>\n<p>\t<a href=\"https:\/\/actu.fr\/newsletter\" class=\"ac-btn ac-btn--corner ac-btn--medium ac-btn--blue800\" rel=\"nofollow noopener\" target=\"_blank\">S&rsquo;incrire<\/a><br \/>\n#5 March\u00e9 de No\u00ebl de Gourdan-Polignan<\/p>\n<p class=\" wall-content\">Dimanche 23, de 9h30 \u00e0 18h, a lieu le march\u00e9 de No\u00ebl de Gourdan-Polignan avec notamment une bourse aux jouets. Plat chaud \u00e0 consommer sur place ou \u00e0 emporter. Photographe (Virginie Izard) avec d\u00e9cor No\u00ebl. Venez rencontrer le P\u00e8re No\u00ebl et le Grinch de 11h \u00e0 12h30 et de 16h \u00e0 18h. Animations pour les enfants.<\/p>\n<p>Rue des Tannins. Entr\u00e9e gratuite<\/p>\n<p>#5 March\u00e9 de No\u00ebl de Montjoire<\/p>\n<p class=\" wall-content\">Samedi 22 novembre de 14h \u00e0 22h, puis dimanche, de 10h \u00e0 18h, se d\u00e9roule une nouvelle \u00e9dition du march\u00e9 de No\u00ebl de <strong>Montjoire<\/strong> (salle des F\u00eates) avec particuli\u00e8rement un concert gratuit le samedi et une parade le dimanche soir.<\/p>\n<p class=\" wall-content\">\u00ab\u2009Vous y trouverez des artisans, des cr\u00e9ateurs et plein de belles choses \u00e0 d\u00e9couvrir pour vous faire plaisir et offrir de merveilleux cadeaux pour petits et grands. Sur place, vous y trouverez food truck, et des ateliers ouverts \u00e0 tous sur tout le week-end\u2009\u00bb, indique l\u2019organisateur.<\/p>\n<p class=\" wall-content\">Le P\u00e8re No\u00ebl sera l\u00e0 accompagn\u00e9 de ses 2 Mascottes. Illumination du Sapin et d\u00e9coration de No\u00ebl sur place.<\/p>\n<p>#6 March\u00e9 de No\u00ebl de La Salvetat Saint-Gilles<\/p>\n<p class=\" wall-content\">Artisans, gourmandises, d\u00e9corations\u2009: le march\u00e9 de No\u00ebl de <strong>La Salvetat-Saint-Gilles<\/strong> a lieu les 22 et 23\u00a0novembre 2025 \u00e0 l\u2019espace Boris Vian, de 14h \u00e0 19h le samedi, et de 10h \u00e0 18h le dimanche.<\/p>\n<p class=\" wall-content\">Des cr\u00e9ateurs et des producteurs locaux seront sur place.<\/p>\n<p>#7 March\u00e9 de No\u00ebl de Castelmaurou<\/p>\n<p class=\" wall-content\">Les 22 et 23 novembre 2025, de 14 \u00e0 18h le samedi et \u00e0 partir de 9h le dimanche, le march\u00e9 de No\u00ebl de Castelmaurou. March\u00e9 et restauration sur place \/Bandas. Pr\u00e9sence du P\u00e8re No\u00ebl.<\/p>\n<p>Place de la mairie<\/p>\n<p>#8 March\u00e9 de No\u00ebl d\u2019Eaunes<\/p>\n<p class=\" wall-content\">Le 23\u00a0novembre, de 10h \u00e0 18h a lieu le march\u00e9 de No\u00ebl d\u2019Eaunes organis\u00e9 par l\u2019Association des Commer\u00e7ants et Artisans d\u2019Eaunes.<\/p>\n<p class=\" wall-content\">Plus de 40 exposants seront pr\u00e9sents sur place avec des ateliers cr\u00e9atifs pour les enfants, du maquillage pour les petits. Le p\u00e8re No\u00ebl sera pr\u00e9sent ainsi qu\u2019un man\u00e8ge ext\u00e9rieur.<\/p>\n<p class=\" wall-content\">Espace restauration et buvette\u2009: assiette d\u2019huitres, saucisse-frites, vin blanc, food-truck sucr\u00e9<\/p>\n<p>Centre Herm\u00e8s \u2013 145 Avenue de la Mairie<\/p>\n<p>    <a href=\"https:\/\/www.facebook.com\/plugins\/post.php?href=https%3A%2F%2Fwww.facebook.com%2Fcdf.eaunes%2Fposts%2Fpfbid02gGv6qkS9EPNmL3cSva4G1m8aQUFpi2ujpA79Bbunz9dhnoFp2UmA2HoaiNwJr9LZl&amp;show_text=true&amp;width=350\" title=\"Ouvrie le lien\" rel=\"nofollow noopener\" target=\"_blank\">Cliquez ici pour visualiser le contenu<\/a><\/p>\n<p>#9 March\u00e9 de No\u00ebl de Frontignan-de-Comminges<\/p>\n<p class=\" wall-content\">Dimanche 23 novembre, de 10\u2009h \u00e0 17h, \u00e0 la salle des f\u00eates de Frontignan-de-Comminges a lieu le march\u00e9 de No\u00ebl\u2009: id\u00e9es-cadeaux, artisans, cr\u00e9ateurs locaux et bourse aux jouets.<\/p>\n<p>#10 March\u00e9 de No\u00ebl de Saint-Hilaire<\/p>\n<p class=\" wall-content\">Le week-end du 22 et 23 novembre a lieu le march\u00e9 de No\u00ebl de Saint-Hilaire, organis\u00e9 par Demain Solidaire avec 80 exposants sur place. Grandes parades pour tous les enfants sur les deux jours. Restauration sur place avec de nombreuses animations et cadeaux \u00e0 gagner. Pr\u00e9sence et photos avec le P\u00e8re No\u00ebl.<\/p>\n<p class=\" wall-content\">Personnalisez votre actualit\u00e9 en ajoutant vos villes et m\u00e9dias en favori avec <a href=\"https:\/\/moncompte.actu.fr\" title=\"D\u00e9couvez Mon Actu\" rel=\"nofollow noopener\" data-trk=\"{&quot;cta&quot;:{&quot;action&quot;:&quot;https:\\\/\\\/moncompte.actu.fr&quot;,&quot;category&quot;:&quot;mon compte&quot;,&quot;from&quot;:&quot;article footer&quot;,&quot;name&quot;:&quot;Mon actu&quot;,&quot;type&quot;:&quot;cta&quot;}}\" target=\"_blank\">Mon Actu<\/a>.<\/p>\n","protected":false},"excerpt":{"rendered":"Par David Saint-Sernin Publi\u00e9 le 19 nov. 2025 \u00e0 17h54 No\u00ebl approche, mais \u00e0 Toulouse et en Haute-Garonne,&hellip;\n","protected":false},"author":2,"featured_media":545571,"comment_status":"","ping_status":"","sticky":false,"template":"","format":"standard","meta":{"footnotes":""},"categories":[2816],"tags":[1111,11,1777,674,1011,27,1652,12,15830,2680,25,1341,2312],"class_list":{"0":"post-545570","1":"post","2":"type-post","3":"status-publish","4":"format-standard","5":"has-post-thumbnail","7":"category-toulouse","8":"tag-actu","9":"tag-actualites","10":"tag-eu","11":"tag-europe","12":"tag-fr","13":"tag-france","14":"tag-loisirs-culture","15":"tag-news","16":"tag-noel","17":"tag-occitanie","18":"tag-republique-francaise","19":"tag-sortir-a-toulouse","20":"tag-toulouse"},"share_on_mastodon":{"url":"https:\/\/pubeurope.com\/@fr\/115578671348766927","error":""},"_links":{"self":[{"href":"https:\/\/www.europesays.com\/fr\/wp-json\/wp\/v2\/posts\/545570","targetHints":{"allow":["GET"]}}],"collection":[{"href":"https:\/\/www.europesays.com\/fr\/wp-json\/wp\/v2\/posts"}],"about":[{"href":"https:\/\/www.europesays.com\/fr\/wp-json\/wp\/v2\/types\/post"}],"author":[{"embeddable":true,"href":"https:\/\/www.europesays.com\/fr\/wp-json\/wp\/v2\/users\/2"}],"replies":[{"embeddable":true,"href":"https:\/\/www.europesays.com\/fr\/wp-json\/wp\/v2\/comments?post=545570"}],"version-history":[{"count":0,"href":"https:\/\/www.europesays.com\/fr\/wp-json\/wp\/v2\/posts\/545570\/revisions"}],"wp:featuredmedia":[{"embeddable":true,"href":"https:\/\/www.europesays.com\/fr\/wp-json\/wp\/v2\/media\/545571"}],"wp:attachment":[{"href":"https:\/\/www.europesays.com\/fr\/wp-json\/wp\/v2\/media?parent=545570"}],"wp:term":[{"taxonomy":"category","embeddable":true,"href":"https:\/\/www.europesays.com\/fr\/wp-json\/wp\/v2\/categories?post=545570"},{"taxonomy":"post_tag","embeddable":true,"href":"https:\/\/www.europesays.com\/fr\/wp-json\/wp\/v2\/tags?post=545570"}],"curies":[{"name":"wp","href":"https:\/\/api.w.org\/{rel}","templated":true}]}}