{"id":545599,"date":"2025-11-19T22:32:24","date_gmt":"2025-11-19T22:32:24","guid":{"rendered":"https:\/\/www.europesays.com\/fr\/545599\/"},"modified":"2025-11-19T22:32:24","modified_gmt":"2025-11-19T22:32:24","slug":"kate-et-william-glamour-en-velours-au-royal-variety-performance","status":"publish","type":"post","link":"https:\/\/www.europesays.com\/fr\/545599\/","title":{"rendered":"Kate et William, glamour en velours au Royal Variety Performance"},"content":{"rendered":"<p style=\"text-align:justify;\">Malgr\u00e9 le froid polaire qui frappe Londres ce soir-l\u00e0, ils arrivent, glamour au possible, en tenue de gala assortie. Pour assister au <a target=\"_blank\" href=\"https:\/\/www.pointdevue.fr\/royal\/royaume-uni\/kate-et-william-une-apparition-tres-attendue-au-royal-variety-performance\" rel=\"nofollow noopener\">Royal Variety performance<\/a>, <a target=\"_blank\" href=\"https:\/\/www.pointdevue.fr\/grand-angle\/biographies\/kate-middleton\" rel=\"nofollow noopener\">Kate<\/a> et <a target=\"_blank\" href=\"https:\/\/www.pointdevue.fr\/grand-angle\/biographies\/prince-william\" rel=\"nofollow noopener\">William<\/a> ont choisi de jouer sur du velours\u00a0: smoking pour lui, robe longue drap\u00e9e vert sapin pour elle. Souriants, tactiles, extr\u00eamement \u00e9l\u00e9gants en m\u00eame temps que contemporains, <strong>ils semblent tout droit sortis d\u2019un James Bond<\/strong>.<\/p>\n<p><img decoding=\"async\" src=\"https:\/\/www.europesays.com\/fr\/wp-content\/uploads\/2025\/11\/SIPA_ap22997939_000005D5FwzSJ4Jr.jpg\" alt=\"Le couple n'avait pas assist\u00e9 \u00e0 ce spectacle \u00e9v\u00e9nement depuis 2023.\"\/><strong>Le couple n&rsquo;avait pas assist\u00e9 \u00e0 ce spectacle \u00e9v\u00e9nement depuis 2023.<\/strong> \u00a9 \u00a0Jonathan Buckmaster\/AP\/SIPA<\/p>\n<p style=\"text-align:justify;\">Sur le tapis rouge du Royal Albert Hall, la beaut\u00e9 de Kate est rehauss\u00e9e par des boucles d\u2019oreilles qu\u2019elle affectionne, <a target=\"_blank\" href=\"https:\/\/www.pointdevue.fr\/royal\/royaume-uni\/kate-eblouissante-lors-du-diner-detat-donne-en-lhonneur-demmanuel-macron\" rel=\"nofollow noopener\">celles-l\u00e0 m\u00eame qu\u2019elle portait pour le d\u00eener d\u2019\u00c9tat<\/a> offert \u00e0 Emmanuel Macron, en juillet dernier, les Greville Diamond Chandelier. <strong>Ces pendants, cr\u00e9\u00e9s par Cartier<\/strong>, ont \u00e9t\u00e9 l\u00e9gu\u00e9es \u00e0 la reine Elizabeth, la reine m\u00e8re, par son amie Dame Margaret Greville.\u00a0<\/p>\n<p><img decoding=\"async\" src=\"https:\/\/www.europesays.com\/fr\/wp-content\/uploads\/2025\/11\/ABACA_BRPAPhotos20251119_44230RUlnw0XV.jpg\" alt=\"Un couple au summum du glamour, dans les loges du Royal Albert Hall.\"\/><strong>Un couple au summum du glamour, dans les loges du Royal Albert Hall.<\/strong> \u00a9Jonathan Buckmaster\/Daily Express\/PA Wire\/Abaca<\/p>\n<p style=\"text-align:justify;\">Sa robe, flatteuse sur sa silhouette gracile, est sign\u00e9e Talbot Runhof, et elle a choisi de l\u2019accessoiriser avec une pochette scintillante Jenny Packham et des escarpins en velours Manolo Blahnik assortis. Si son absence avait \u00e9t\u00e9 regrett\u00e9e &#8211; et avait pu inqui\u00e9ter &#8211; \u00a0la veille, lors du d\u00eener des ambassadeurs, <strong>son allure, ses rires et les gestes amoureux du couple font taire toutes les sp\u00e9culations.<\/strong><\/p>\n<p><img decoding=\"async\" src=\"https:\/\/www.europesays.com\/fr\/wp-content\/uploads\/2025\/11\/ABACA_BRPAPhotos20251119_433RoYGedtNAJ.jpg\" alt=\"William, particuli\u00e8rement pr\u00e9venant, accompagne Kate lors de son arriv\u00e9e.\"\/><strong>William, particuli\u00e8rement pr\u00e9venant, accompagne Kate lors de son arriv\u00e9e.<\/strong> \u00a9 Yui Mok\/PA Wire\/Abaca<\/p>\n<p style=\"text-align:justify;\"><strong>Le couple n\u2019avait pas honor\u00e9 de sa pr\u00e9sence ce c\u00e9l\u00e8bre spectacle de vari\u00e9t\u00e9s t\u00e9l\u00e9vis\u00e9 depuis 2023<\/strong> et <a target=\"_blank\" href=\"https:\/\/www.pointdevue.fr\/royal\/royaume-uni\/kate-reapparait-pour-evoquer-son-combat-contre-le-cancer\" rel=\"nofollow noopener\">l\u2019annonce de la maladie de la princesse de Galles<\/a>. Ce gala, parrain\u00e9 par la famille royale depuis 1912, vise \u00e0 collecter des fonds pour la Royal Variety charity, qui soutient les artistes dans le besoin. En arrivant, Kate a re\u00e7u un bouquet de deux petites filles dont la famille travaille dans une maison de retraite pour artistes soutenue par l&rsquo;association caritative.\u00a0<\/p>\n<p><img decoding=\"async\" src=\"https:\/\/www.europesays.com\/fr\/wp-content\/uploads\/2025\/11\/SIPA_shutterstock41335687_0000025iYglMH9Tz.jpg\" alt=\"Kate re\u00e7oit un bouquet de fleurs des jumelles Emelia et Olivia Edwards, neuf ans, dont la famille travaille dans une maison de retraite pour les travailleurs du secteur du divertissement soutenue par l'association caritative.\"\/><strong>Kate re\u00e7oit un bouquet de fleurs des jumelles Emelia et Olivia Edwards, neuf ans, dont la famille travaille dans une maison de retraite pour les travailleurs du secteur du divertissement soutenue par l&rsquo;association caritative.<\/strong> \u00a9 Buckmaster\/WPA Pool\/Shutterstock\/SIPA<\/p>\n<p style=\"text-align:justify;\">Elle leur a confi\u00e9 que <strong>ses enfants \u00e9taient \u00ab\u00a0tr\u00e8s tristes\u00a0\u00bb de ne pas pouvoir assister \u00e0 la repr\u00e9sentation,<\/strong> dont la t\u00eate d&rsquo;affiche est la troupe de Paddington The Musical. Elle a ajout\u00e9 qu&rsquo;elle avait d\u00fb leur dire que les enfants n&rsquo;\u00e9taient pas autoris\u00e9s \u00e0 y aller. Un pieux mensonge destin\u00e9 \u00e0 faire oublier la d\u00e9ception de <a target=\"_blank\" href=\"https:\/\/www.pointdevue.fr\/grand-angle\/biographies\/prince-george\" rel=\"nofollow noopener\">Georges<\/a>, <a target=\"_blank\" href=\"https:\/\/www.pointdevue.fr\/grand-angle\/biographies\/princesse-charlotte\" rel=\"nofollow noopener\">Charlotte<\/a> et <a target=\"_blank\" href=\"https:\/\/www.pointdevue.fr\/grand-angle\/biographies\/prince-louis\" rel=\"nofollow noopener\">Louis<\/a>, fans du c\u00e9l\u00e8bre ours comme tous les petits du monde.\u00a0<\/p>\n<p><strong>Lire aussi &gt;&gt; <\/strong><a target=\"_blank\" href=\"https:\/\/www.pointdevue.fr\/royal\/royaume-uni\/ne-lappelez-plus-kate-middleton-5-erreurs-a-eviter-quand-on-parle-de-royaute\" rel=\"nofollow noopener\">Ne l\u2019appelez plus Kate Middleton ! 5 erreurs \u00e0 \u00e9viter quand on parle de royaut\u00e9<\/a><\/p>\n","protected":false},"excerpt":{"rendered":"Malgr\u00e9 le froid polaire qui frappe Londres ce soir-l\u00e0, ils arrivent, glamour au possible, en tenue de gala&hellip;\n","protected":false},"author":2,"featured_media":545600,"comment_status":"","ping_status":"","sticky":false,"template":"","format":"standard","meta":{"footnotes":""},"categories":[1588],"tags":[11,1777,674,12,473,1853,1851,1850,1852],"class_list":{"0":"post-545599","1":"post","2":"type-post","3":"status-publish","4":"format-standard","5":"has-post-thumbnail","7":"category-royaume-uni","8":"tag-actualites","9":"tag-eu","10":"tag-europe","11":"tag-news","12":"tag-royaume-uni","13":"tag-royaume-uni-de-grande-bretagne-et-dirlande-du-nord","14":"tag-uk","15":"tag-united-kingdom","16":"tag-united-kingdom-of-great-britain-and-northern-ireland"},"share_on_mastodon":{"url":"https:\/\/pubeurope.com\/@fr\/115578743012143441","error":""},"_links":{"self":[{"href":"https:\/\/www.europesays.com\/fr\/wp-json\/wp\/v2\/posts\/545599","targetHints":{"allow":["GET"]}}],"collection":[{"href":"https:\/\/www.europesays.com\/fr\/wp-json\/wp\/v2\/posts"}],"about":[{"href":"https:\/\/www.europesays.com\/fr\/wp-json\/wp\/v2\/types\/post"}],"author":[{"embeddable":true,"href":"https:\/\/www.europesays.com\/fr\/wp-json\/wp\/v2\/users\/2"}],"replies":[{"embeddable":true,"href":"https:\/\/www.europesays.com\/fr\/wp-json\/wp\/v2\/comments?post=545599"}],"version-history":[{"count":0,"href":"https:\/\/www.europesays.com\/fr\/wp-json\/wp\/v2\/posts\/545599\/revisions"}],"wp:featuredmedia":[{"embeddable":true,"href":"https:\/\/www.europesays.com\/fr\/wp-json\/wp\/v2\/media\/545600"}],"wp:attachment":[{"href":"https:\/\/www.europesays.com\/fr\/wp-json\/wp\/v2\/media?parent=545599"}],"wp:term":[{"taxonomy":"category","embeddable":true,"href":"https:\/\/www.europesays.com\/fr\/wp-json\/wp\/v2\/categories?post=545599"},{"taxonomy":"post_tag","embeddable":true,"href":"https:\/\/www.europesays.com\/fr\/wp-json\/wp\/v2\/tags?post=545599"}],"curies":[{"name":"wp","href":"https:\/\/api.w.org\/{rel}","templated":true}]}}