{"id":545601,"date":"2025-11-19T22:33:25","date_gmt":"2025-11-19T22:33:25","guid":{"rendered":"https:\/\/www.europesays.com\/fr\/545601\/"},"modified":"2025-11-19T22:33:25","modified_gmt":"2025-11-19T22:33:25","slug":"video-lallemagne-presente-son-char-leopard-2a8-nouvellement-developpe","status":"publish","type":"post","link":"https:\/\/www.europesays.com\/fr\/545601\/","title":{"rendered":"Vid\u00e9o. L&rsquo;Allemagne pr\u00e9sente son char Leopard 2A8 nouvellement d\u00e9velopp\u00e9"},"content":{"rendered":"<p>L\u2019Allemagne a pr\u00e9sent\u00e9 mercredi \u00e0 Munich son nouveau char Leopard 2A8, tandis que l\u2019Union europ\u00e9enne d\u00e9voilait un nouveau plan de d\u00e9penses de d\u00e9fense sur fond de tensions persistantes avec la Russie.<\/p>\n<p>Selon l\u2019agence de presse allemande dpa, les forces arm\u00e9es allemandes recevront les premiers v\u00e9hicules pour des essais en 2026 et m\u00e8neront des tests intensifs d\u2019aptitude.<\/p>\n<p>Les premiers bataillons recevront ensuite les v\u00e9hicules, \u00e0 commencer par les soldats de la brigade lituanienne stationn\u00e9e dans les \u00c9tats baltes pour prot\u00e9ger le flanc oriental.<\/p>\n<p>D\u2019autres pays europ\u00e9ens, dont les Pays-Bas, la Norv\u00e8ge, la Su\u00e8de et la Tch\u00e9quie, ont \u00e9galement pass\u00e9 commande du char, selon dpa.<\/p>\n","protected":false},"excerpt":{"rendered":"L\u2019Allemagne a pr\u00e9sent\u00e9 mercredi \u00e0 Munich son nouveau char Leopard 2A8, tandis que l\u2019Union europ\u00e9enne d\u00e9voilait un nouveau&hellip;\n","protected":false},"author":2,"featured_media":545602,"comment_status":"","ping_status":"","sticky":false,"template":"","format":"standard","meta":{"footnotes":""},"categories":[1587],"tags":[66386,8859,11,672,1804,1805,1803,1777,674,1801,12,1802,66387,8860,8862,66389,8861,66388],"class_list":{"0":"post-545601","1":"post","2":"type-post","3":"status-publish","4":"format-standard","5":"has-post-thumbnail","7":"category-allemagne","8":"tag-id10479","9":"tag-id125","10":"tag-actualites","11":"tag-allemagne","12":"tag-bundesrepublik-deutschland","13":"tag-de","14":"tag-deutschland","15":"tag-eu","16":"tag-europe","17":"tag-germany","18":"tag-news","19":"tag-republique-federale-dallemagne","20":"tag-sluggerman-army","21":"tag-sluggermany","22":"tag-titleallemagne","23":"tag-titlearmu00e9e-allemande","24":"tag-urlsafevalueallemagne","25":"tag-urlsafevaluearmee-allemande"},"share_on_mastodon":{"url":"https:\/\/pubeurope.com\/@fr\/115578745984877160","error":""},"_links":{"self":[{"href":"https:\/\/www.europesays.com\/fr\/wp-json\/wp\/v2\/posts\/545601","targetHints":{"allow":["GET"]}}],"collection":[{"href":"https:\/\/www.europesays.com\/fr\/wp-json\/wp\/v2\/posts"}],"about":[{"href":"https:\/\/www.europesays.com\/fr\/wp-json\/wp\/v2\/types\/post"}],"author":[{"embeddable":true,"href":"https:\/\/www.europesays.com\/fr\/wp-json\/wp\/v2\/users\/2"}],"replies":[{"embeddable":true,"href":"https:\/\/www.europesays.com\/fr\/wp-json\/wp\/v2\/comments?post=545601"}],"version-history":[{"count":0,"href":"https:\/\/www.europesays.com\/fr\/wp-json\/wp\/v2\/posts\/545601\/revisions"}],"wp:featuredmedia":[{"embeddable":true,"href":"https:\/\/www.europesays.com\/fr\/wp-json\/wp\/v2\/media\/545602"}],"wp:attachment":[{"href":"https:\/\/www.europesays.com\/fr\/wp-json\/wp\/v2\/media?parent=545601"}],"wp:term":[{"taxonomy":"category","embeddable":true,"href":"https:\/\/www.europesays.com\/fr\/wp-json\/wp\/v2\/categories?post=545601"},{"taxonomy":"post_tag","embeddable":true,"href":"https:\/\/www.europesays.com\/fr\/wp-json\/wp\/v2\/tags?post=545601"}],"curies":[{"name":"wp","href":"https:\/\/api.w.org\/{rel}","templated":true}]}}