{"id":545610,"date":"2025-11-19T22:38:15","date_gmt":"2025-11-19T22:38:15","guid":{"rendered":"https:\/\/www.europesays.com\/fr\/545610\/"},"modified":"2025-11-19T22:38:15","modified_gmt":"2025-11-19T22:38:15","slug":"lenquete-en-france-visant-le-reseau-social-x-etendue-a-des-propos-negationnistes-publies-par-son-ia-liberation","status":"publish","type":"post","link":"https:\/\/www.europesays.com\/fr\/545610\/","title":{"rendered":"L\u2019enqu\u00eate en France visant le r\u00e9seau social X \u00e9tendue \u00e0 des \u00abpropos n\u00e9gationnistes\u00bb publi\u00e9s par son IA \u2013 Lib\u00e9ration"},"content":{"rendered":"<p class=\"sc-cPiKLX AiZTS text-element\">Avec des propos n\u00e9gationnistes et r\u00e9visionnistes, l\u2019intelligence artificielle <a href=\"https:\/\/www.liberation.fr\/checknews\/hitler-sans-hesitation-pourquoi-grok-lia-delon-musk-tient-des-propos-ouvertement-nazis-20250709_A3TXYYVWXRGH3FYGRPMBL6DBLY\/\" target=\"_blank\" rel=\"noreferrer nofollow noopener\" title=\"https:\/\/www.liberation.fr\/checknews\/hitler-sans-hesitation-pourquoi-grok-lia-delon-musk-tient-des-propos-ouvertement-nazis-20250709_A3TXYYVWXRGH3FYGRPMBL6DBLY\/\">Grok d\u00e9rape \u00e0 nouveau<\/a>. Cette fois-ci, l\u2019agent conversationnel int\u00e9gr\u00e9 au r\u00e9seau social X, dont Elon Musk est aux commandes, s\u2019est permis de publier mardi <a href=\"https:\/\/x.com\/grok\/status\/1990496938417139943\" target=\"_blank\" rel=\"noreferrer nofollow\" title=\"https:\/\/x.com\/grok\/status\/1990496938417139943\">un message<\/a> selon lequel les chambres \u00e0 gaz <a href=\"https:\/\/www.liberation.fr\/societe\/80-ans-de-la-liberation-dauschwitz-les-survivants-de-la-shoah-se-sont-dabord-heurtes-a-un-mur-de-silence-20250126_DHM2FNXDVBGH3JYXKG7OWRTR5I\/\" target=\"_blank\" rel=\"noreferrer nofollow noopener\" title=\"https:\/\/www.liberation.fr\/societe\/80-ans-de-la-liberation-dauschwitz-les-survivants-de-la-shoah-se-sont-dabord-heurtes-a-un-mur-de-silence-20250126_DHM2FNXDVBGH3JYXKG7OWRTR5I\/\">du camp d\u2019extermination nazi d\u2019Auschwitz<\/a> auraient \u00e9t\u00e9 \u00abcon\u00e7ues pour la d\u00e9sinfection au Zyklon B contre le typhus [\u2026] plut\u00f4t qu\u2019\u00e0 des ex\u00e9cutions massives\u00bb de Juifs. Grok pr\u00e9tend ensuite que \u00abce r\u00e9cit persiste en raison de lois r\u00e9primant la remise en question, d\u2019une \u00e9ducation unilat\u00e9rale et d\u2019un tabou culturel qui d\u00e9courage l\u2019examen critique des preuves\u00bb.<\/p>\n<p class=\"sc-cPiKLX AiZTS text-element\">Ces propos r\u00e9futant le g\u00e9nocide perp\u00e9tr\u00e9 contre les juifs durant la Seconde guerre mondiale ont \u00e9t\u00e9 d\u00e9nonc\u00e9s par un internaute et ont men\u00e9 le parquet de Paris \u00e0 \u00e9tendre son enqu\u00eate autour du fonctionnement de X, qui avait \u00e9t\u00e9 ouverte d\u00e9but juillet. Les \u00abpropos n\u00e9gationnistes relay\u00e9s par <a href=\"https:\/\/www.liberation.fr\/economie\/medias\/grok-lia-generative-delon-musk-est-disponible-en-france-20240517_7AAHQRGVCNCWVLYGIQPMTN3J6Y\/\" target=\"_blank\" rel=\"noreferrer nofollow noopener\" title=\"https:\/\/www.liberation.fr\/economie\/medias\/grok-lia-generative-delon-musk-est-disponible-en-france-20240517_7AAHQRGVCNCWVLYGIQPMTN3J6Y\/\">l\u2019intelligence artificielle Grok<\/a>, sur X, ont \u00e9t\u00e9 vers\u00e9s \u00e0 l\u2019enqu\u00eate en cours diligent\u00e9e par la section de lutte contre la cybercriminalit\u00e9 du parquet de Paris, et le fonctionnement de l\u2019IA sera analys\u00e9 dans ce cadre\u00bb, a annonc\u00e9 le minist\u00e8re public.<\/p>\n<p class=\"sc-cPiKLX AiZTS text-element\">Les ministres Roland Lescure, Anne Le H\u00e9nanff et Aurore Berg\u00e9 ont par ailleurs annonc\u00e9 ce mercredi soir signaler \u00abau procureur de la R\u00e9publique, en vertu de l\u2019article 40 du code de proc\u00e9dure p\u00e9nale, des contenus manifestement illicites publi\u00e9s par Grok sur X, ainsi qu\u2019\u00e0 Pharos pour obtenir leur retrait imm\u00e9diat\u00bb. Le Gouvernement a par ailleurs saisi l\u2019Arcom au titre des manquements manifestes de X au <a href=\"https:\/\/www.liberation.fr\/international\/europe\/haine-en-ligne-contrefacon-lunion-europeenne-conclut-sa-reforme-pour-mieux-encadrer-internet-20220423_3Y7BD5EDINENTAEMJA3D5KAMOU\/\" target=\"_blank\" rel=\"noreferrer nofollow noopener\" title=\"https:\/\/www.liberation.fr\/international\/europe\/haine-en-ligne-contrefacon-lunion-europeenne-conclut-sa-reforme-pour-mieux-encadrer-internet-20220423_3Y7BD5EDINENTAEMJA3D5KAMOU\/\">Digital Services Act<\/a>.<\/p>\n<p class=\"sc-cPiKLX AiZTS text-element\">Les investigations, lanc\u00e9es apr\u00e8s de premiers signalements <a href=\"https:\/\/www.liberation.fr\/economie\/medias\/enquete-ouverte-en-france-contre-le-reseau-social-x-pour-ingerence-etrangere-20250711_B3DJOF6CAZCTZBJHDXE2KALETQ\/\" target=\"_blank\" rel=\"noreferrer nofollow noopener\" title=\"https:\/\/www.liberation.fr\/economie\/medias\/enquete-ouverte-en-france-contre-le-reseau-social-x-pour-ingerence-etrangere-20250711_B3DJOF6CAZCTZBJHDXE2KALETQ\/\">d\u2019une possible utilisation de l\u2019algorithme X \u00e0 des fins d\u2019ing\u00e9rence \u00e9trang\u00e8re<\/a>, avaient \u00e9t\u00e9 ouvertes \u00e0 l\u2019origine pour \u00abalt\u00e9ration du fonctionnement\u00bb d\u2019un syst\u00e8me informatique et \u00abextraction frauduleuse de donn\u00e9es\u00bb, le tout \u00aben bande organis\u00e9e\u00bb. Cette proc\u00e9dure peut \u00e9galement viser les personnes physiques responsables du fonctionnement de la plateforme.<\/p>\n<p class=\"sc-cPiKLX AiZTS text-element\">Car se pose la question de savoir qui se trouve derri\u00e8re cette prise de position de l\u2019agent conversationnel. Ce qui est \u00abparticulier\u00bb, c\u2019est que ce texte \u00abest g\u00e9n\u00e9r\u00e9 par l\u2019intelligence artificielle, donc toute la question est : <a href=\"https:\/\/www.liberation.fr\/checknews\/la-nouvelle-version-de-grok-lia-delon-musk-se-fonde-t-elle-sur-les-tweets-du-milliardaire-pour-produire-ses-reponses-20250712_ZPFBOIN5GBEUVNOJRPCPDMBBI4\/\" target=\"_blank\" rel=\"noreferrer nofollow noopener\" title=\"https:\/\/www.liberation.fr\/checknews\/la-nouvelle-version-de-grok-lia-delon-musk-se-fonde-t-elle-sur-les-tweets-du-milliardaire-pour-produire-ses-reponses-20250712_ZPFBOIN5GBEUVNOJRPCPDMBBI4\/\">comment est-ce que l\u2019IA a \u00e9t\u00e9 entra\u00een\u00e9e<\/a> ?\u00bb, souligne Nathalie Tehio, pr\u00e9sidente de la Ligue des Droits de l\u2019Homme (LDH), d\u00e9positaire d\u2019une plainte pour \u00abcontestation de crime contre l\u2019humanit\u00e9\u00bb avec SOS Racisme.<\/p>\n<p class=\"sc-cPiKLX AiZTS text-element\">Cette plainte vise ainsi selon elle \u00e0 poser la question de <a href=\"https:\/\/www.liberation.fr\/international\/afrique\/salut-nazi-delon-musk-retour-sur-une-enfance-sud-africaine-impregnee-par-une-culture-raciste-20250122_IPYP6ER2ARCFTGYO5E7URC52B4\/\" target=\"_blank\" rel=\"noreferrer nofollow noopener\" title=\"https:\/\/www.liberation.fr\/international\/afrique\/salut-nazi-delon-musk-retour-sur-une-enfance-sud-africaine-impregnee-par-une-culture-raciste-20250122_IPYP6ER2ARCFTGYO5E7URC52B4\/\">la \u00abresponsabilit\u00e9\u00bb d\u2019Elon Musk<\/a>, propri\u00e9taire de la plateforme, qui \u00aba d\u00e9cid\u00e9 de ne plus mod\u00e9rer\u00bb. \u00abEt l\u00e0, on voit qu\u2019il n\u2019y a pas de mod\u00e9ration, alors que c\u2019est une \u00e9vidence que c\u2019est un contenu manifestement illicite\u00bb, pointe-t-elle. De son c\u00f4t\u00e9, SOS Racisme estime que \u00abla plateforme X d\u00e9montre une nouvelle fois son incapacit\u00e9 ou son refus \u00e0 pr\u00e9venir la diffusion de contenus n\u00e9gationnistes par ses propres outils\u00bb.<\/p>\n<p class=\"sc-cPiKLX AiZTS text-element\">Toutefois, confront\u00e9e \u00e0 l\u2019internaute qui a d\u00e9nonc\u00e9 ses propos et partag\u00e9 les captures d\u2019\u00e9cran sur lesquelles sont lisibles les all\u00e9gations n\u00e9gationnistes, l\u2019intelligence artificielle a r\u00e9ussi \u00e0 retourner sa veste, rel\u00e8ve <a href=\"https:\/\/www.lefigaro.fr\/secteur\/high-tech\/revisionnisme-sur-auschwitz-grok-l-ia-d-elon-musk-reecrit-encore-l-histoire-20251119\" target=\"_blank\" rel=\"noreferrer nofollow noopener\" title=\"https:\/\/www.lefigaro.fr\/secteur\/high-tech\/revisionnisme-sur-auschwitz-grok-l-ia-d-elon-musk-reecrit-encore-l-histoire-20251119\">Le Figaro<\/a>. Grok a ainsi affirm\u00e9 par la suite que les captures d\u2019\u00e9crans de ses d\u00e9clarations \u00e9taient \u00abfalsifi\u00e9es pour (lui) faire dire des absurdit\u00e9s\u00bb, soutenant cette fois-ci que \u00abl\u2019Holocauste est un g\u00e9nocide historique av\u00e9r\u00e9, document\u00e9 par des archives nazies, t\u00e9moignages et preuves massives.\u00bb<\/p>\n<p class=\"sc-cPiKLX AiZTS text-element\">Plus de six millions de Juifs europ\u00e9ens ont effectivement \u00e9t\u00e9 extermin\u00e9s par le r\u00e9gime nazi durant la Seconde guerre mondiale. Au camp d\u2019extermination d\u2019Auschwitz, plus de 1,1 million de personnes ont \u00e9t\u00e9 assassin\u00e9es par les Nazis dont une grande majorit\u00e9 de Juifs.<\/p>\n<p class=\"sc-cPiKLX AiZTS text-element\"><b>Mise \u00e0 jour<\/b> \u00e0 20 h 49 avec le signalement \u00e0 la justice et la saisine de l\u2019Arcom par le gouvernement.<\/p>\n","protected":false},"excerpt":{"rendered":"Avec des propos n\u00e9gationnistes et r\u00e9visionnistes, l\u2019intelligence artificielle Grok d\u00e9rape \u00e0 nouveau. Cette fois-ci, l\u2019agent conversationnel int\u00e9gr\u00e9 au&hellip;\n","protected":false},"author":2,"featured_media":545611,"comment_status":"","ping_status":"","sticky":false,"template":"","format":"standard","meta":{"footnotes":""},"categories":[4],"tags":[11,6155,46,1011,27,12,25,16427],"class_list":{"0":"post-545610","1":"post","2":"type-post","3":"status-publish","4":"format-standard","5":"has-post-thumbnail","7":"category-france","8":"tag-actualites","9":"tag-antisemitisme","10":"tag-elon-musk","11":"tag-fr","12":"tag-france","13":"tag-news","14":"tag-republique-francaise","15":"tag-x-twitter"},"share_on_mastodon":{"url":"https:\/\/pubeurope.com\/@fr\/115578765505016909","error":""},"_links":{"self":[{"href":"https:\/\/www.europesays.com\/fr\/wp-json\/wp\/v2\/posts\/545610","targetHints":{"allow":["GET"]}}],"collection":[{"href":"https:\/\/www.europesays.com\/fr\/wp-json\/wp\/v2\/posts"}],"about":[{"href":"https:\/\/www.europesays.com\/fr\/wp-json\/wp\/v2\/types\/post"}],"author":[{"embeddable":true,"href":"https:\/\/www.europesays.com\/fr\/wp-json\/wp\/v2\/users\/2"}],"replies":[{"embeddable":true,"href":"https:\/\/www.europesays.com\/fr\/wp-json\/wp\/v2\/comments?post=545610"}],"version-history":[{"count":0,"href":"https:\/\/www.europesays.com\/fr\/wp-json\/wp\/v2\/posts\/545610\/revisions"}],"wp:featuredmedia":[{"embeddable":true,"href":"https:\/\/www.europesays.com\/fr\/wp-json\/wp\/v2\/media\/545611"}],"wp:attachment":[{"href":"https:\/\/www.europesays.com\/fr\/wp-json\/wp\/v2\/media?parent=545610"}],"wp:term":[{"taxonomy":"category","embeddable":true,"href":"https:\/\/www.europesays.com\/fr\/wp-json\/wp\/v2\/categories?post=545610"},{"taxonomy":"post_tag","embeddable":true,"href":"https:\/\/www.europesays.com\/fr\/wp-json\/wp\/v2\/tags?post=545610"}],"curies":[{"name":"wp","href":"https:\/\/api.w.org\/{rel}","templated":true}]}}