{"id":545626,"date":"2025-11-19T22:56:11","date_gmt":"2025-11-19T22:56:11","guid":{"rendered":"https:\/\/www.europesays.com\/fr\/545626\/"},"modified":"2025-11-19T22:56:11","modified_gmt":"2025-11-19T22:56:11","slug":"les-olympiades-une-histoire-vraie-pour-le-film-avec-noemie-merlant-sur-arte","status":"publish","type":"post","link":"https:\/\/www.europesays.com\/fr\/545626\/","title":{"rendered":"Les Olympiades\u00a0: une histoire vraie pour le film avec No\u00e9mie Merlant sur Arte\u00a0?"},"content":{"rendered":"<p>\n\t\t\t\t\t\tPubli\u00e9 le 19\/11\/2025 \u00e0 20:39<\/p>\n<p>Arte propose <strong> Les Olympiades<\/strong>  en prime time ce mercredi 19 novembre 2025. Ce film r\u00e9alis\u00e9 en noir et blanc par <strong>Jacques Audiard<\/strong>, avec au casting <strong>No\u00e9mie Merlant<\/strong>, est-il inspir\u00e9 d\u2019une histoire vraie\u00a0?<\/p>\n<p><a href=\"https:\/\/toutelatele.ouest-france.fr\/simple-comme-sylvain-la-realisation-n-a-pas-voulu-montrer-le-corps-nu-de-l-actrice-magalie-lepine-blondeau-pour-une-raison-bien-precise-180822\" class=\"spip_in\" rel=\"nofollow noopener\" target=\"_blank\">Une semaine apr\u00e8s la diffusion de <strong> Simple comme Sylvain<\/strong> <\/a>, Arte mise une nouvelle fois sur du cin\u00e9ma pour sa case du mercredi soir. Ce 19 novembre 2025, la cha\u00eene propose en prime time <strong> Les Olympiades<\/strong> , un long-m\u00e9trage sign\u00e9 <strong>Jacques Audiard<\/strong> et datant de 2021.<\/p>\n<p>L\u2019histoire du film se d\u00e9roule dans le quartier des Olympiades \u00e0 Paris, o\u00f9 quatre trentenaires aux vies incertaines voient leurs destins se croiser. \u00c9milie, t\u00e9l\u00e9conseill\u00e8re dipl\u00f4m\u00e9e, s\u2019installe en colocation avec Camille, professeur en devenir mais d\u00e9sabus\u00e9.<\/p>\n<p>Nora, venue \u00e9tudier le droit, se perd entre ses rencontres r\u00e9elles et virtuelles, notamment avec la myst\u00e9rieuse Amber Sweet. Entre quiproquos et d\u00e9sirs num\u00e9riques, leurs vies amoureuses et amicales se m\u00ealent dans un Paris moderne et connect\u00e9.<\/p>\n<p>Pourquoi Jacques Audiard a donn\u00e9 comme titre \u00ab\u00a0Les Olympiades\u00a0\u00bb \u00e0 son film\u00a0?<\/p>\n<p>Au casting des Olympiades, on retrouve <strong>Lucie Zhang<\/strong> dans le r\u00f4le d\u2019\u00c9milie et <strong>Makita Samba<\/strong> dans celui de Camille. <a href=\"https:\/\/toutelatele.ouest-france.fr\/les-ames-soeurs-une-histoire-vraie-pour-le-film-avec-noemie-merlant-et-benjamin-voisin-180594\" class=\"spip_in\" rel=\"nofollow noopener\" target=\"_blank\"><strong>No\u00e9mie Merlant<\/strong><\/a> incarne Nora et <strong>Jehnny Beth<\/strong> pr\u00eate ses traits au personnage d\u2019Amber Sweet. Le reste de la distribution est compl\u00e9t\u00e9 par <strong>Oc\u00e9ane Ca\u00efraty, Ana\u00efde Rozam<\/strong> et <strong>Xing Xing<\/strong> Cheng. Sorti le 3 novembre 2021, le film a r\u00e9alis\u00e9 194 786 entr\u00e9es.<\/p>\n<p>Par ailleurs, Jacques Audiard, <a href=\"https:\/\/toutelatele.ouest-france.fr\/les-cesar-emilia-perez-et-l-amour-ouf-favoris-ultime-record-d-audience-pour-canal-173525\" class=\"spip_in\" rel=\"nofollow noopener\" target=\"_blank\">qui a notamment r\u00e9alis\u00e9 <strong> Emilia Perez<\/strong> <\/a>, a donn\u00e9 \u00e0 son film le titre <strong> \u00ab\u00a0Les Olympiades\u00a0\u00bb<\/strong>  pour une raison bien pr\u00e9cise. Le r\u00e9alisateur explique\u00a0: \u00ab\u00a0Les Olympiades est un quartier de tours au milieu du 13e arrondissement de Paris, entre la rue de Tolbiac et l\u2019avenue d\u2019Ivry. Ce quartier correspond \u00e0 un plan de r\u00e9novation du quartier dans les ann\u00e9es 70, d\u2019o\u00f9 son homog\u00e9n\u00e9it\u00e9 architecturale vraiment constatable\u00a0\u00bb.<\/p>\n<p>Il ajoute\u00a0: \u00ab\u00a0En souvenir des Jeux olympiques d\u2019hiver de Grenoble de 1968, chaque tour porte le nom d\u2019une ville olympique\u00a0: Sapporo, Mexico, Ath\u00e8nes, Helsinki, Tokyo\u2026 Et les rues, des noms de discipline olympique\u00a0: rue du Javelot, rue du Disque\u2026 Les Olympiades est un quartier tr\u00e8s original, exotique, vivant, socialement et culturellement m\u00e9lang\u00e9. Les personnages du film y vivent et s\u2019y croisent. Le terme \u00ab\u00a0olympiades\u00a0\u00bb renvoie \u00e9galement \u00e0 l\u2019id\u00e9e d\u2019exploits sportifs et donc, si on a l\u2019esprit mal tourn\u00e9, \u00e0 la vie amoureuse des personnages\u00a0\u00bb.<\/p>\n<p>Les Olympiades\u00a0: une histoire adapt\u00e9e des nouvelles d\u2019Adrian Tomine<\/p>\n<p><strong> Les Olympiades<\/strong>  n\u2019est pas inspir\u00e9 d\u2019une histoire vraie. Ce film choral est l\u2019adaptation de trois nouvelles de l\u2019auteur de bande dessin\u00e9e am\u00e9ricain <strong>Adrian Tomine<\/strong>. \u00c0 propos de ce choix, Jacques Audiard d\u00e9clare\u00a0: \u00ab\u00a0Tomine propose des r\u00e9cits concis, pleins de r\u00e9el, avec des personnages de paum\u00e9s, en qu\u00eate de quelque chose qu\u2019ils ne peuvent totalement d\u00e9finir\u00a0\u00bb.<\/p>\n<p>Le r\u00e9alisateur, <a href=\"https:\/\/toutelatele.ouest-france.fr\/de-rouille-et-d-os-marion-cotillard-a-du-mentir-pour-obtenir-le-role-de-stephanie-177332\" class=\"spip_in\" rel=\"nofollow noopener\" target=\"_blank\">\u00e0 qui l\u2019on doit notamment <strong> De rouille et d\u2019os<\/strong> <\/a>, d\u00e9veloppe\u00a0: \u00ab\u00a0C\u2019est tout cela qui m\u2019a plu. De plus, son dessin tr\u00e8s simple et efficace ne d\u00e9tourne pas de l\u2019action et semble d\u00e9j\u00e0 d\u00e9signer le cin\u00e9ma, presque comme un story-board. Et puis, un peu comme Eric Rohmer, Adrian Tomine est un moraliste\u00a0: \u00e0 la fin de ses histoires les personnages semblent avoir appris quelque chose sur la vie et sur eux-m\u00eames\u00a0\u00bb.<\/p>\n<p>Les Olympiades\u00a0: comment le projet du film est-il n\u00e9\u00a0?<\/p>\n<p>Concernant la naissance du film et l\u2019id\u00e9e de l\u2019adaptation des trois nouvelles de Tomine, Jacques Audiard avoue\u00a0: \u00ab\u00a0J\u2019ai de plus en plus l\u2019impression que l\u2019expression \u2018chercher un sujet\u2026\u2019 n\u2019a pas beaucoup de sens et que \u2018chercher un sujet\u2019 est sans doute le plus s\u00fbr moyen de ne pas en trouver ou en trouver un mauvais. On ne cherche pas de sujet, mais on pense \u00e0 des formes, \u00e0 quelque chose d\u2019un peu g\u00e9n\u00e9ral, constitu\u00e9 de lumi\u00e8res, de rythmes, de couleurs, de sons, de types de personnages, de th\u00e8mes&#8230;\u00a0\u00bb<\/p>\n<p>Il pr\u00e9cise\u00a0: \u00ab\u00a0Par exemple, sortant des \u2018Fr\u00e8res Sisters\u2019, je me suis mis naturellement \u00e0 penser son oppos\u00e9, donc une histoire urbaine, des personnages citadins, un espace g\u00e9ographique limit\u00e9 (le 13e arrondissement), pas de couleur, peu d\u2019action\u2026 Et un beau jour, une amie me parle de l\u2019\u0153uvre d\u2019Adrian Tomine, que je ne connais pas. Je lis et l\u00e0, toutes ces formes qui s\u2019agitaient en moi commencent \u00e0 se cristalliser et peu \u00e0 peu \u00e7a devient \u2018Les Olympiades\u2019\u00a0\u00bb.<\/p>\n<p><strong> Les Olympiades<\/strong>  est \u00e0 retrouver en prime time ce mercredi 19 novembre 2025 sur <a href=\"https:\/\/toutelatele.ouest-france.fr\/arte-015\" rel=\"nofollow noopener\" target=\"_blank\">Arte<\/a>.<\/p>\n","protected":false},"excerpt":{"rendered":"Publi\u00e9 le 19\/11\/2025 \u00e0 20:39 Arte propose Les Olympiades en prime time ce mercredi 19 novembre 2025. Ce&hellip;\n","protected":false},"author":2,"featured_media":545627,"comment_status":"","ping_status":"","sticky":false,"template":"","format":"standard","meta":{"footnotes":""},"categories":[1354],"tags":[58,59,1346,1011,27,1360],"class_list":{"0":"post-545626","1":"post","2":"type-post","3":"status-publish","4":"format-standard","5":"has-post-thumbnail","7":"category-films","8":"tag-divertissement","9":"tag-entertainment","10":"tag-films","11":"tag-fr","12":"tag-france","13":"tag-movies"},"share_on_mastodon":{"url":"https:\/\/pubeurope.com\/@fr\/115578836433909759","error":""},"_links":{"self":[{"href":"https:\/\/www.europesays.com\/fr\/wp-json\/wp\/v2\/posts\/545626","targetHints":{"allow":["GET"]}}],"collection":[{"href":"https:\/\/www.europesays.com\/fr\/wp-json\/wp\/v2\/posts"}],"about":[{"href":"https:\/\/www.europesays.com\/fr\/wp-json\/wp\/v2\/types\/post"}],"author":[{"embeddable":true,"href":"https:\/\/www.europesays.com\/fr\/wp-json\/wp\/v2\/users\/2"}],"replies":[{"embeddable":true,"href":"https:\/\/www.europesays.com\/fr\/wp-json\/wp\/v2\/comments?post=545626"}],"version-history":[{"count":0,"href":"https:\/\/www.europesays.com\/fr\/wp-json\/wp\/v2\/posts\/545626\/revisions"}],"wp:featuredmedia":[{"embeddable":true,"href":"https:\/\/www.europesays.com\/fr\/wp-json\/wp\/v2\/media\/545627"}],"wp:attachment":[{"href":"https:\/\/www.europesays.com\/fr\/wp-json\/wp\/v2\/media?parent=545626"}],"wp:term":[{"taxonomy":"category","embeddable":true,"href":"https:\/\/www.europesays.com\/fr\/wp-json\/wp\/v2\/categories?post=545626"},{"taxonomy":"post_tag","embeddable":true,"href":"https:\/\/www.europesays.com\/fr\/wp-json\/wp\/v2\/tags?post=545626"}],"curies":[{"name":"wp","href":"https:\/\/api.w.org\/{rel}","templated":true}]}}