{"id":545634,"date":"2025-11-19T23:02:33","date_gmt":"2025-11-19T23:02:33","guid":{"rendered":"https:\/\/www.europesays.com\/fr\/545634\/"},"modified":"2025-11-19T23:02:33","modified_gmt":"2025-11-19T23:02:33","slug":"apres-les-licenciements-les-conditions-de-travail-chez-rockstar-gta-6-sont-jugees-deraisonnables-actu","status":"publish","type":"post","link":"https:\/\/www.europesays.com\/fr\/545634\/","title":{"rendered":"Apr\u00e8s les licenciements, les conditions de travail chez Rockstar (GTA 6) sont jug\u00e9es \u00ab\u00a0d\u00e9raisonnables\u00a0\u00bb &#8211; Actu"},"content":{"rendered":"<p class=\"gk__text__p\"><img decoding=\"async\" data-lazyload=\"\" src=\"https:\/\/www.europesays.com\/fr\/wp-content\/uploads\/2025\/11\/apres-les-licenciements-les-conditions-de-travail-chez-rockstar-gta-6-sont-jugees-deraisonnables-9d9.jpeg\" width=\"283\" alt=\"\" class=\"gk__text__img--right\" data-gt-lightbox-id=\"lightbox-standalone\" data-gt-index=\"3052769384\"\/>Des mauvaises conditions de travail chez <strong>Rockstar<\/strong> ? C\u2019est du moins ce qu\u2019indiquent les propos relay\u00e9s par <a target=\"_blank\" href=\"https:\/\/www.dexerto.com\/gta\/fired-gta-6-devs-speak-out-about-working-conditions-at-rockstar-at-protests-outside-offices-3284831\/\" rel=\"noopener noreferrer\">Dexerto<\/a> suite \u00e0 la derni\u00e8re manifestation \u00e9cossaise qui a permis \u00e0 des employ\u00e9s de scander leur col\u00e8re en partant du si\u00e8ge de <a href=\"https:\/\/www.gamekult.com\/societe\/rockstar-north-529.html\" target=\"_blank\" rel=\"noopener\">Rockstar North<\/a> jusqu\u2019au Parlement \u00e9cossais. Un ancien employ\u00e9 y a en effet pris la parole publiquement. Et au-del\u00e0 des cons\u00e9quences <a href=\"https:\/\/www.gamekult.com\/actualite\/presque-6-mois-avant-gta-6-rockstar-est-accuse-d-avoir-licencie-plus-d-une-trentaine-d-employes-pour-leur-activite-syndicale-3050866514.html\" target=\"_blank\" rel=\"noopener\">des licenciements<\/a> dont on a r\u00e9cemment parl\u00e9 &#8211; dont la l\u00e9gitimit\u00e9 sera a priori \u00e9valu\u00e9e par un juge suite <a href=\"https:\/\/www.gamekult.com\/actualite\/rockstar-est-desormais-poursuivi-en-justice-pour-licenciement-abusif-lie-a-des-activites-syndicales-3050866704.html\" target=\"_blank\" rel=\"noopener\">aux plaintes des concern\u00e9s<\/a> -, il a tenu \u00e0 s\u2019exprimer sur ce qu\u2019est devenu <strong>Rockstar<\/strong> et ce que cela implique : \u201c<a href=\"https:\/\/www.gamekult.com\/jeux\/grand-theft-auto-6-3050884217.html\" target=\"_blank\" rel=\"noopener\">Grand Theft Auto 6<\/a> va rapporter des milliards, c&rsquo;est ind\u00e9niable. Les actionnaires vont s&rsquo;enrichir, des fortunes vont se construire. Mais je veux que les gens pensent au co\u00fbt humain : les personnes \u00e9puis\u00e9es, les carri\u00e8res bris\u00e9es, les vies boulevers\u00e9es.\u201d Le bonhomme pointe du doigt une entreprise qui privil\u00e9gie le profit des actionnaires face \u00e0 la sant\u00e9 de ses employ\u00e9s, *\u201cune machine \u00e0 g\u00e9n\u00e9rer des milliards de dollars de valeur pour ses actionnaires \u00e9trangers dans un secteur gangren\u00e9 par l&rsquo;exploitation du travail, les pratiques d\u00e9loyales et les conditions de travail inacceptables.\u201d *<\/p>\n<p>        <img decoding=\"async\" src=\"https:\/\/www.europesays.com\/fr\/wp-content\/uploads\/2025\/11\/logo-gkawards-216x153.png\" \/><\/p>\n<p>Donnez votre avis !<br \/>Votez aux GK Awards 2025<\/p>\n<p>            <a href=\"https:\/\/www.gamekult.com\/utilisateur\/gk-awards\/gk-awards-2025.html\" target=\"_blank\" rel=\"noopener\">Participer<\/a><\/p>\n<p class=\"gk__text__p\"><img decoding=\"async\" data-lazyload=\"\" src=\"https:\/\/www.europesays.com\/fr\/wp-content\/uploads\/2025\/11\/apres-les-licenciements-les-conditions-de-travail-chez-rockstar-gta-6-sont-jugees-deraisonnables-ee7.jpeg\" width=\"283\" alt=\"\" class=\"gk__text__img--left\" data-gt-lightbox-id=\"lightbox-standalone\" data-gt-index=\"3052769386\"\/>Comme le souligne l\u2019ancien employ\u00e9, ce n\u2019est pas vraiment surprenant de voir de telles conditions \u00eatre d\u00e9nonc\u00e9es dans une bo\u00eete comme <strong>Rockstar<\/strong>, tant ce syst\u00e8me de travail est ancr\u00e9 dans la culture de toute l&rsquo;industrie. Si cela va bien au-del\u00e0 de <strong>Rockstar<\/strong>, alors \u00e0 quoi bon en parler ? Et bien c\u2019est simple : c\u2019est en ouvrant la discussion, en t\u00e9moignant, en prenant de la place m\u00e9diatiquement que certains pourront peut-\u00eatre faire un pas vers une application plus stricte des droits des travailleurs. Cela pourrait advenir puisque les politiques commencent \u00e0 s\u2019int\u00e9resser au sujet. Un membre du Parlement \u00e9cossais et un employ\u00e9 du gouvernement \u00e9cossais ont en effet pris la parole lors de la dite manifestation. Et du c\u00f4t\u00e9 <a href=\"https:\/\/www.gamekult.com\/actualite\/apres-les-soupcons-de-licenciements-abusifs-rockstar-gta-se-retrouve-face-au-parlement-britannique-3050866737.html\" target=\"_blank\" rel=\"noopener\">du Parlement britannique<\/a> aussi, on s\u2019int\u00e9resse \u00e0 cette histoire. C\u2019est d\u00e9j\u00e0 plut\u00f4t bon signe pour les manifestants. Mais changer quelque chose d\u2019autant ancr\u00e9, \u00e7a prend du temps.<\/p>\n<blockquote class=\"twitter-tweet\" align=\"center\">\n<p lang=\"en\" dir=\"ltr\">Fired GTA 6 devs held a protest outside the Rockstar offices in Edinburgh and the Scottish Parliament<\/p>\n<p>\u00ab\u00a0GTA 6 will make billions&#8230; But I want people to think of the human cost\u00a0\u00bb <a href=\"https:\/\/t.co\/pssbIt30LK\">pic.twitter.com\/pssbIt30LK<\/a><\/p>\n<p>\u2014 Dexerto (@Dexerto) <a href=\"https:\/\/twitter.com\/Dexerto\/status\/1990857470000967749?ref_src=twsrc%5Etfw\" target=\"_blank\" rel=\"noopener\">November 18, 2025<\/a><\/p><\/blockquote>\n<p>La fameuse culture du crunch<\/p>\n<p class=\"gk__text__p\">Surtout que ce n\u2019est pas la premi\u00e8re fois que des \u00e9chos nous parviennent concernant de mauvaises conditions de travail c\u00f4t\u00e9 Rockstar. En 2018, Jason Schreier sortait <a href=\"https:\/\/www.gamekult.com\/actualite\/kotaku-revient-sur-les-conditions-de-travail-chez-rockstar-3050810681.html\" target=\"_blank\" rel=\"noopener\">une enqu\u00eate sur ces derni\u00e8res<\/a> et les nombreux t\u00e9moignages recueillis \u00e9taient assez accablants. Le journaliste fait d&rsquo;ailleurs parti de ceux qui ont r\u00e9cemment relay\u00e9 ces fameux licenciements jug\u00e9s abusifs. Pour dire \u00e0 quel point le crunch \u00e9tait dans la culture de l\u2019entreprise \u00e0 l\u2019\u00e9poque : son co-fondateur, Dan Houser, ne voyait absolument aucun probl\u00e8me au fait de dire en public que dans sa bo\u00eete on avait \u201cdes semaines de cent heures.\u201d Encore une fois, les travailleurs ne sont pas sortis de l\u2019auberge. Il va en falloir du temps pour s&rsquo;assurer que <strong>Rockstar<\/strong> et les autres proposent \u00ab\u00a0les meilleures conditions de travail possibles, bas\u00e9es sur l\u2019excellence, la bienveillance et l\u2019esprit d\u2019\u00e9quipe\u00a0\u00bb* promises par le porte-parole Alan Lewis.<\/p>\n<p><script async src=\"https:\/\/platform.twitter.com\/widgets.js\" charset=\"utf-8\"><\/script><\/p>\n","protected":false},"excerpt":{"rendered":"Des mauvaises conditions de travail chez Rockstar ? C\u2019est du moins ce qu\u2019indiquent les propos relay\u00e9s par Dexerto&hellip;\n","protected":false},"author":2,"featured_media":545635,"comment_status":"","ping_status":"","sticky":false,"template":"","format":"standard","meta":{"footnotes":""},"categories":[7],"tags":[1011,27,43,40,41,39,42,44],"class_list":{"0":"post-545634","1":"post","2":"type-post","3":"status-publish","4":"format-standard","5":"has-post-thumbnail","7":"category-sciences-et-technologies","8":"tag-fr","9":"tag-france","10":"tag-science","11":"tag-science-and-technology","12":"tag-sciences","13":"tag-sciences-et-technologies","14":"tag-technologies","15":"tag-technology"},"share_on_mastodon":{"url":"https:\/\/pubeurope.com\/@fr\/115578861058526843","error":""},"_links":{"self":[{"href":"https:\/\/www.europesays.com\/fr\/wp-json\/wp\/v2\/posts\/545634","targetHints":{"allow":["GET"]}}],"collection":[{"href":"https:\/\/www.europesays.com\/fr\/wp-json\/wp\/v2\/posts"}],"about":[{"href":"https:\/\/www.europesays.com\/fr\/wp-json\/wp\/v2\/types\/post"}],"author":[{"embeddable":true,"href":"https:\/\/www.europesays.com\/fr\/wp-json\/wp\/v2\/users\/2"}],"replies":[{"embeddable":true,"href":"https:\/\/www.europesays.com\/fr\/wp-json\/wp\/v2\/comments?post=545634"}],"version-history":[{"count":0,"href":"https:\/\/www.europesays.com\/fr\/wp-json\/wp\/v2\/posts\/545634\/revisions"}],"wp:featuredmedia":[{"embeddable":true,"href":"https:\/\/www.europesays.com\/fr\/wp-json\/wp\/v2\/media\/545635"}],"wp:attachment":[{"href":"https:\/\/www.europesays.com\/fr\/wp-json\/wp\/v2\/media?parent=545634"}],"wp:term":[{"taxonomy":"category","embeddable":true,"href":"https:\/\/www.europesays.com\/fr\/wp-json\/wp\/v2\/categories?post=545634"},{"taxonomy":"post_tag","embeddable":true,"href":"https:\/\/www.europesays.com\/fr\/wp-json\/wp\/v2\/tags?post=545634"}],"curies":[{"name":"wp","href":"https:\/\/api.w.org\/{rel}","templated":true}]}}