{"id":545638,"date":"2025-11-19T23:05:18","date_gmt":"2025-11-19T23:05:18","guid":{"rendered":"https:\/\/www.europesays.com\/fr\/545638\/"},"modified":"2025-11-19T23:05:18","modified_gmt":"2025-11-19T23:05:18","slug":"la-journaliste-traitee-de-truie-par-trump-la-cherche-assume-la-maison-blanche","status":"publish","type":"post","link":"https:\/\/www.europesays.com\/fr\/545638\/","title":{"rendered":"La journaliste trait\u00e9e de \u00ab\u00a0truie\u00a0\u00bb par Trump l\u2019a \u00ab\u00a0cherch\u00e9\u00a0\u00bb assume la Maison-Blanche"},"content":{"rendered":"<p>La pol\u00e9mique enfle \u00e0 Washington apr\u00e8s que <a href=\"https:\/\/www.20minutes.fr\/monde\/etats-unis\/4186473-20251119-etats-unis-tais-truie-menace-violente-colere-trump-contre-deux-journalistes\" target=\"_blank\" class=\"c-link c-link--is-underlined\" rel=\"noopener\">Donald Trump a trait\u00e9 une journaliste de \u00ab\u00a0truie\u00a0\u00bb<\/a> (\u00ab piggy\u00a0\u00bb en Anglais) lors d\u2019un \u00e9change tendu \u00e0 bord de l\u2019avion pr\u00e9sidentiel Air Force One. Un \u00e9pisode qui relance les critiques sur ses attaques r\u00e9p\u00e9t\u00e9es contre la presse.<\/p>\n<p>Selon un responsable de la <a href=\"https:\/\/www.20minutes.fr\/dossier\/maison_blanche\" target=\"_blank\" class=\"c-link c-link--is-underlined\" rel=\"noopener\">Maison-Blanche<\/a>, qui affirme que Catherine Lucey de Bloomberg \u00ab\u00a0s\u2019est conduite d\u2019une mani\u00e8re qui n\u2019\u00e9tait pas convenable ni professionnelle\u00a0\u00bb, l\u2019escalade verbale du pr\u00e9sident serait la cons\u00e9quence d\u2019un \u00e9change jug\u00e9 trop insistant. \u00ab\u00a0Quand on cherche la bagarre, on la trouve\u00a0\u00bb, a-t-il d\u00e9clar\u00e9 sous couvert d\u2019anonymat. Pourtant, d\u2019apr\u00e8s les usages \u00e9tablis, les journalistes haussent r\u00e9guli\u00e8rement la voix pour poser leurs questions lorsque <a href=\"https:\/\/www.20minutes.fr\/dossier\/donald_trump\" target=\"_blank\" class=\"c-link c-link--is-underlined\" rel=\"noopener\">Donald Trump<\/a> improvise des points presse dans l\u2019avion ou dans le Bureau ovale.<\/p>\n<\/p>\n<p>\u00ab\u00a0Tais-toi. Tais-toi la truie\u00a0!\u00a0\u00bb<\/p>\n<p>L\u2019incident, devenu viral mardi, s\u2019est produit alors que Donald Trump r\u00e9pondait \u00e0 plusieurs questions sur l\u2019<a href=\"https:\/\/www.20minutes.fr\/societe\/affaire-epstein\/\" target=\"_blank\" class=\"c-link c-link--is-underlined\" rel=\"noopener\">affaire Epstein<\/a>, dossier embarrassant pour son administration. Visiblement irrit\u00e9, il a assur\u00e9 ne \u00ab\u00a0rien savoir\u00a0\u00bb des crimes du financier, avant que Catherine Lucey ne tente de le relancer sur sa d\u00e9cision de ne pas publier certains documents d\u2019enqu\u00eate. Le pr\u00e9sident l\u2019a alors interrompue, s\u2019est pench\u00e9 vers elle, l\u2019a point\u00e9e du doigt et a lanc\u00e9\u00a0: \u00ab\u00a0Tais-toi. Tais-toi la truie\u00a0!\u00a0\u00bb<\/p>\n<p><a href=\"https:\/\/www.20minutes.fr\/monde\/etats-unis\/\" target=\"_blank\" class=\"c-link c-btn c-btn--primary\" rel=\"noopener\">Notre dossier sur les Etats-Unis<\/a><\/p>\n<p>Cette attaque s\u2019inscrit dans une s\u00e9rie de confrontations ouvertes avec la presse depuis son retour \u00e0 la Maison-Blanche, et m\u00eame durant la campagne pr\u00e9sidentielle de\u00a02024. Mardi encore, le pr\u00e9sident s\u2019en est pris \u00e0 Mary Bruce d\u2019<a href=\"https:\/\/www.20minutes.fr\/dossier\/abc\" target=\"_blank\" class=\"c-link c-link--is-underlined\" rel=\"noopener\">ABC News<\/a> apr\u00e8s qu\u2019elle l\u2019a interrog\u00e9 sur d\u2019\u00e9ventuels conflits d\u2019int\u00e9r\u00eats en Arabie saoudite et sur le scandale Epstein, alors qu\u2019il recevait Mohammed ben Salmane dans le Bureau ovale. \u00ab\u00a0Vous \u00eates une personne horrible\u00a0\u00bb, lui a-t-il lanc\u00e9, qualifiant ensuite sa cha\u00eene de \u00ab\u00a0fake news\u00a0\u00bb.<\/p>\n","protected":false},"excerpt":{"rendered":"La pol\u00e9mique enfle \u00e0 Washington apr\u00e8s que Donald Trump a trait\u00e9 une journaliste de \u00ab\u00a0truie\u00a0\u00bb (\u00ab piggy\u00a0\u00bb en&hellip;\n","protected":false},"author":2,"featured_media":545639,"comment_status":"","ping_status":"","sticky":false,"template":"","format":"standard","meta":{"footnotes":""},"categories":[5],"tags":[47,11,14751,75,73,842,1011,27,14,78,74,12,28],"class_list":{"0":"post-545638","1":"post","2":"type-post","3":"status-publish","4":"format-standard","5":"has-post-thumbnail","7":"category-international","8":"tag-actualite","9":"tag-actualites","10":"tag-affaire-epstein","11":"tag-donald-trump","12":"tag-etats-unis","13":"tag-fake-news","14":"tag-fr","15":"tag-france","16":"tag-international","17":"tag-maison-blanche","18":"tag-monde","19":"tag-news","20":"tag-world"},"share_on_mastodon":{"url":"https:\/\/pubeurope.com\/@fr\/115578871836160201","error":""},"_links":{"self":[{"href":"https:\/\/www.europesays.com\/fr\/wp-json\/wp\/v2\/posts\/545638","targetHints":{"allow":["GET"]}}],"collection":[{"href":"https:\/\/www.europesays.com\/fr\/wp-json\/wp\/v2\/posts"}],"about":[{"href":"https:\/\/www.europesays.com\/fr\/wp-json\/wp\/v2\/types\/post"}],"author":[{"embeddable":true,"href":"https:\/\/www.europesays.com\/fr\/wp-json\/wp\/v2\/users\/2"}],"replies":[{"embeddable":true,"href":"https:\/\/www.europesays.com\/fr\/wp-json\/wp\/v2\/comments?post=545638"}],"version-history":[{"count":0,"href":"https:\/\/www.europesays.com\/fr\/wp-json\/wp\/v2\/posts\/545638\/revisions"}],"wp:featuredmedia":[{"embeddable":true,"href":"https:\/\/www.europesays.com\/fr\/wp-json\/wp\/v2\/media\/545639"}],"wp:attachment":[{"href":"https:\/\/www.europesays.com\/fr\/wp-json\/wp\/v2\/media?parent=545638"}],"wp:term":[{"taxonomy":"category","embeddable":true,"href":"https:\/\/www.europesays.com\/fr\/wp-json\/wp\/v2\/categories?post=545638"},{"taxonomy":"post_tag","embeddable":true,"href":"https:\/\/www.europesays.com\/fr\/wp-json\/wp\/v2\/tags?post=545638"}],"curies":[{"name":"wp","href":"https:\/\/api.w.org\/{rel}","templated":true}]}}