{"id":545640,"date":"2025-11-19T23:06:12","date_gmt":"2025-11-19T23:06:12","guid":{"rendered":"https:\/\/www.europesays.com\/fr\/545640\/"},"modified":"2025-11-19T23:06:12","modified_gmt":"2025-11-19T23:06:12","slug":"des-chiens-qui-avaient-la-rage-au-proces-du-tabassage-fatal-de-romain-schlick-son-meilleur-ami-explose","status":"publish","type":"post","link":"https:\/\/www.europesays.com\/fr\/545640\/","title":{"rendered":"\u00ab Des chiens qui avaient la rage \u00bb : au proc\u00e8s du tabassage fatal de Romain Schlick, son meilleur ami explose"},"content":{"rendered":"<p class=\"paragraph text_align_left lp-f-body-02\">La voix de Maneles M.G., jeune homme baraqu\u00e9 de 27 ans, chevrote encore quand il \u00e9voque celui qu\u2019il appelle son \u00ab fr\u00e8re de c\u0153ur \u00bb, <a href=\"https:\/\/www.leparisien.fr\/faits-divers\/proces-romain-20-ans-battu-a-mort-pour-quelques-decibels-de-trop-17-11-2025-JR2AYBHTLZHBFH5E4GSMD3GP7A.php\" target=\"_blank\" rel=\"noreferrer nofollow noopener\">Romain Schlick<\/a>. Celui avec qui il a grandi dans le petit village de Laneuveville-en-Saulnois (<a href=\"https:\/\/www.leparisien.fr\/moselle-57\/\" target=\"_blank\" rel=\"noreferrer nofollow noopener\">Moselle<\/a>), \u00ab la personne avec qui j\u2019\u00e9changeais le plus et qui a laiss\u00e9 un \u00e9norme vide \u00bb depuis son d\u00e9c\u00e8s, confie-t-il. \u00ab Dire quelques mots sur Romain \u00bb \u00e9tait primordial en pr\u00e9ambule de sa d\u00e9position ce 19 novembre \u00e0 la barre de cour criminelle de la Moselle.<\/p>\n<p class=\"paragraph text_align_left lp-f-body-02\">Sur l\u2019exp\u00e9dition dont son appartement a \u00e9t\u00e9 cible au cours de la soir\u00e9e du 13 juin 2020 par Matthieu N. et ses comparses, visant \u00e0 \u00ab laver l\u2019honneur \u00bb soi-disant bafou\u00e9 de la compagne de ce dernier \u2014 voisine du 3e \u00e9tage de l\u2019immeuble o\u00f9 vit Maneles \u2014 et r\u00e9gler son probl\u00e8me de nuisances sonores, Maneles dit : \u00ab Si j\u2019avais ouvert \u00e0 des chiens qui avaient la rage, \u00e7\u2019aurait \u00e9t\u00e9 la m\u00eame chose. \u00bb <\/p>\n","protected":false},"excerpt":{"rendered":"La voix de Maneles M.G., jeune homme baraqu\u00e9 de 27 ans, chevrote encore quand il \u00e9voque celui qu\u2019il&hellip;\n","protected":false},"author":2,"featured_media":545641,"comment_status":"","ping_status":"","sticky":false,"template":"","format":"standard","meta":{"footnotes":""},"categories":[4],"tags":[11,459,118,1011,27,12,25],"class_list":{"0":"post-545640","1":"post","2":"type-post","3":"status-publish","4":"format-standard","5":"has-post-thumbnail","7":"category-france","8":"tag-actualites","9":"tag-departements-horsidfo","10":"tag-faits-divers","11":"tag-fr","12":"tag-france","13":"tag-news","14":"tag-republique-francaise"},"share_on_mastodon":{"url":"https:\/\/pubeurope.com\/@fr\/115578875799343159","error":""},"_links":{"self":[{"href":"https:\/\/www.europesays.com\/fr\/wp-json\/wp\/v2\/posts\/545640","targetHints":{"allow":["GET"]}}],"collection":[{"href":"https:\/\/www.europesays.com\/fr\/wp-json\/wp\/v2\/posts"}],"about":[{"href":"https:\/\/www.europesays.com\/fr\/wp-json\/wp\/v2\/types\/post"}],"author":[{"embeddable":true,"href":"https:\/\/www.europesays.com\/fr\/wp-json\/wp\/v2\/users\/2"}],"replies":[{"embeddable":true,"href":"https:\/\/www.europesays.com\/fr\/wp-json\/wp\/v2\/comments?post=545640"}],"version-history":[{"count":0,"href":"https:\/\/www.europesays.com\/fr\/wp-json\/wp\/v2\/posts\/545640\/revisions"}],"wp:featuredmedia":[{"embeddable":true,"href":"https:\/\/www.europesays.com\/fr\/wp-json\/wp\/v2\/media\/545641"}],"wp:attachment":[{"href":"https:\/\/www.europesays.com\/fr\/wp-json\/wp\/v2\/media?parent=545640"}],"wp:term":[{"taxonomy":"category","embeddable":true,"href":"https:\/\/www.europesays.com\/fr\/wp-json\/wp\/v2\/categories?post=545640"},{"taxonomy":"post_tag","embeddable":true,"href":"https:\/\/www.europesays.com\/fr\/wp-json\/wp\/v2\/tags?post=545640"}],"curies":[{"name":"wp","href":"https:\/\/api.w.org\/{rel}","templated":true}]}}