{"id":545675,"date":"2025-11-19T23:46:26","date_gmt":"2025-11-19T23:46:26","guid":{"rendered":"https:\/\/www.europesays.com\/fr\/545675\/"},"modified":"2025-11-19T23:46:26","modified_gmt":"2025-11-19T23:46:26","slug":"nice-le-parquet-fait-appel-de-la-relaxe-de-deux-policiers-accuses-dinjures-racistes","status":"publish","type":"post","link":"https:\/\/www.europesays.com\/fr\/545675\/","title":{"rendered":"Nice\u00a0: le parquet fait appel de la relaxe de deux policiers, accus\u00e9s d\u2019injures racistes"},"content":{"rendered":"<p class=\"paragraph text_align_left lp-f-body-02\">Ils sont suspect\u00e9s <a href=\"https:\/\/www.leparisien.fr\/faits-divers\/tu-vas-rentrer-dans-ton-pays-prison-et-interdiction-definitive-dexercer-requises-contre-cinq-policiers-nicois-pour-discrimination-24-10-2025-ABZRZWGLDFAPLNM6ALSWQH335Q.php\" target=\"_self\" rel=\"nofollow noopener\">d\u2019avoir prof\u00e9r\u00e9 des injures racistes et commis des violences psychologiques<\/a> lors de l\u2019interpellation de deux trafiquants de drogue pr\u00e9sum\u00e9s. Et seront rejug\u00e9s : Damien Martinelli, le procureur de la R\u00e9publique de Nice (<a href=\"https:\/\/www.leparisien.fr\/alpes-maritimes-06\/\" target=\"_self\" rel=\"nofollow noopener\">Alpes-Maritimes<\/a>), a fait appel la semaine derni\u00e8re de la relaxe de ces deux agents par le tribunal correctionnel, comme r\u00e9v\u00e9l\u00e9 par <a href=\"https:\/\/france3-regions.franceinfo.fr\/provence-alpes-cote-d-azur\/alpes-maritimes\/nice\/policiers-juges-pour-des-propos-racistes-a-nice-le-procureur-fait-appel-des-deux-relaxes-3251863.html\" target=\"_self\" rel=\"nofollow noopener\">France 3 Provence-Alpes-C\u00f4te d\u2019Azur<\/a>.<\/p>\n<p class=\"paragraph text_align_left lp-f-body-02\">Le 10 novembre, trois de leurs coll\u00e8gues avaient \u00e9t\u00e9 condamn\u00e9s \u00e0 12 mois de prison avec sursis et six mois d\u2019interdiction d\u2019exercer leurs fonctions. Le parquet avait requis de la prison avec sursis et une interdiction d\u00e9finitive d\u2019exercer pour les cinq hommes.<\/p>\n<p class=\"paragraph text_align_left lp-f-body-02\">Le 22 juillet, ces policiers avaient interpell\u00e9 deux jeunes hommes soup\u00e7onn\u00e9s de trafic de stup\u00e9fiants dans le quartier sensible des Moulins, dans l\u2019ouest de Nice, et les avaient embarqu\u00e9s dans une fourgonnette.<\/p>\n<p class=\"title-embed-dailymotion lp-color-text lp-f-subtitle-04\">Vid\u00e9oMeurtre d&rsquo;Hichem dans le Var : une marche blanche en hommage au Tunisien \u00e0 Marseille<\/p>\n<p>Leur voix absente de l\u2019enregistrement<\/p>\n<p class=\"paragraph text_align_left lp-f-body-02\">Discr\u00e8tement, l\u2019un des suspects avait activ\u00e9 le dictaphone de son t\u00e9l\u00e9phone, enregistrant plus d\u2019une demi-heure d\u2019<a href=\"https:\/\/www.leparisien.fr\/politique\/un-racisme-generalise-dans-la-police-bruno-retailleau-annonce-porter-plainte-apres-les-propos-dune-elue-lfi-31-07-2025-4DS3QN2INNBQHJ7TKUQ6QOYBOI.php\" target=\"_self\" rel=\"nofollow noopener\">insultes racistes<\/a>, de moqueries, de violences et d\u2019humiliations.<\/p>\n<p class=\"lp-card-podcast-highlighting__title  lp-f-subtitle-05\">[2\/2] Mus\u00e9e Marmottan\u00a0: le vol spectaculaire d\u2019un chef-d\u2019\u0153uvre de Monet<\/p>\n<p class=\"lp-card-podcast-highlighting__description lp-f-ui-05\">Crime story raconte chaque semaine les grandes affaires criminelles.<\/p>\n<p><a class=\"lp-card-podcast-highlighting__call-to-action\" data-page-type=\"HP\" data-block-name=\"podcast-highlight\">\u00c9couter<\/a><\/p>\n<p class=\"paragraph text_align_left lp-f-body-02\"><a href=\"https:\/\/www.nicematin.com\/societe\/justice\/sale-bougnoule-retourne-dans-ton-pays-le-procureur-de-nice-fait-appel-apres-la-relaxe-de-deux-policiers-poursuivis-pour-propos-racistes-10657290\" target=\"_self\" rel=\"nofollow noopener\">Nice-Matin<\/a> en d\u00e9voile une partie : \u00ab sale bougnoule \u00bb, \u00ab t\u2019es l\u00e0 pour violer les Fran\u00e7aises \u00bb, \u00ab suceur de chameaux \u00bb ou encore \u00ab retourne dans ton pays de merde \u00bb.<\/p>\n<p class=\"paragraph text_align_left lp-f-body-02\">Les trois policiers condamn\u00e9s se trouvaient \u00e0 l\u2019arri\u00e8re de la fourgonnette, tandis que les deux relax\u00e9s se trouvaient \u00e0 l\u2019avant. On n\u2019entend pas leur voix sur l\u2019enregistrement et ils ont assur\u00e9 lors du proc\u00e8s ne jamais avoir eu conscience des agissements de leurs coll\u00e8gues.<\/p>\n","protected":false},"excerpt":{"rendered":"Ils sont suspect\u00e9s d\u2019avoir prof\u00e9r\u00e9 des injures racistes et commis des violences psychologiques lors de l\u2019interpellation de deux&hellip;\n","protected":false},"author":2,"featured_media":545676,"comment_status":"","ping_status":"","sticky":false,"template":"","format":"standard","meta":{"footnotes":""},"categories":[2819],"tags":[1111,11,459,1777,674,118,1011,27,12,2401,882,25],"class_list":{"0":"post-545675","1":"post","2":"type-post","3":"status-publish","4":"format-standard","5":"has-post-thumbnail","7":"category-nice","8":"tag-actu","9":"tag-actualites","10":"tag-departements-horsidfo","11":"tag-eu","12":"tag-europe","13":"tag-faits-divers","14":"tag-fr","15":"tag-france","16":"tag-news","17":"tag-nice","18":"tag-provence-alpes-cote-dazur","19":"tag-republique-francaise"},"share_on_mastodon":{"url":"https:\/\/pubeurope.com\/@fr\/115579032902751239","error":""},"_links":{"self":[{"href":"https:\/\/www.europesays.com\/fr\/wp-json\/wp\/v2\/posts\/545675","targetHints":{"allow":["GET"]}}],"collection":[{"href":"https:\/\/www.europesays.com\/fr\/wp-json\/wp\/v2\/posts"}],"about":[{"href":"https:\/\/www.europesays.com\/fr\/wp-json\/wp\/v2\/types\/post"}],"author":[{"embeddable":true,"href":"https:\/\/www.europesays.com\/fr\/wp-json\/wp\/v2\/users\/2"}],"replies":[{"embeddable":true,"href":"https:\/\/www.europesays.com\/fr\/wp-json\/wp\/v2\/comments?post=545675"}],"version-history":[{"count":0,"href":"https:\/\/www.europesays.com\/fr\/wp-json\/wp\/v2\/posts\/545675\/revisions"}],"wp:featuredmedia":[{"embeddable":true,"href":"https:\/\/www.europesays.com\/fr\/wp-json\/wp\/v2\/media\/545676"}],"wp:attachment":[{"href":"https:\/\/www.europesays.com\/fr\/wp-json\/wp\/v2\/media?parent=545675"}],"wp:term":[{"taxonomy":"category","embeddable":true,"href":"https:\/\/www.europesays.com\/fr\/wp-json\/wp\/v2\/categories?post=545675"},{"taxonomy":"post_tag","embeddable":true,"href":"https:\/\/www.europesays.com\/fr\/wp-json\/wp\/v2\/tags?post=545675"}],"curies":[{"name":"wp","href":"https:\/\/api.w.org\/{rel}","templated":true}]}}