{"id":545701,"date":"2025-11-20T00:04:20","date_gmt":"2025-11-20T00:04:20","guid":{"rendered":"https:\/\/www.europesays.com\/fr\/545701\/"},"modified":"2025-11-20T00:04:20","modified_gmt":"2025-11-20T00:04:20","slug":"tirs-policiers-a-la-gare-montparnasse-lhomme-au-couteau-place-en-detention-provisoire","status":"publish","type":"post","link":"https:\/\/www.europesays.com\/fr\/545701\/","title":{"rendered":"Tirs policiers \u00e0 la gare Montparnasse : l&rsquo;homme au couteau plac\u00e9 en d\u00e9tention provisoire"},"content":{"rendered":"<ul class=\"jsx-862013697 ArticleChapo__List\">\n<li class=\"jsx-862013697 ArticleChapo__List_Item flex\">L&rsquo;homme arm\u00e9 d&rsquo;un couteau qui a \u00e9t\u00e9 neutralis\u00e9 vendredi \u00e0 la gare Montparnasse, \u00e0 Paris, a \u00e9t\u00e9 mis en examen mercredi.<\/li>\n<li class=\"jsx-862013697 ArticleChapo__List_Item flex\">Il avait \u00e9t\u00e9 bless\u00e9 \u00e0 la cuisse par les tirs d&rsquo;un policier, qui ont \u00e9galement atteint au pied un passant.<\/li>\n<\/ul>\n<p><a href=\"https:\/\/www.tf1info.fr\/actualite\/paris-un-homme-arme-d-un-couteau-neutralise-par-la-police-tir-a-la-gare-montparnasse-14429\/\" rel=\"noopener\" class=\"jsx-484472199 Link jsx-1428418400 jsx-609604686\" target=\"_blank\"><\/p>\n<p style=\"font-weight:400\" class=\"jsx-1837267516\">Suivez la couverture compl\u00e8te<\/p>\n<p style=\"font-weight:800\" class=\"jsx-1837267516\">Paris : un homme arm\u00e9 d&rsquo;un couteau neutralis\u00e9 par la police \u00e0 la gare Montparnasse<\/p>\n<p><\/a><\/p>\n<p data-module=\"article-paragraph\" class=\"jsx-3046738180 Paragraph\">L&rsquo;homme qui s&rsquo;est mutil\u00e9 au couteau et a \u00e9t\u00e9 bless\u00e9 par le <a href=\"https:\/\/www.tf1info.fr\/justice-faits-divers\/coups-de-feu-homme-arme-et-menacant-a-la-gare-montparnasse-ce-que-l-on-sait-apres-l-intervention-policiere-2406800.html\" target=\"_blank\" rel=\"noopener\">tir d&rsquo;un policier vendredi \u00e0 la gare Montparnasse<\/a> \u00e0 Paris a \u00e9t\u00e9 mis en examen et plac\u00e9 mercredi en d\u00e9tention provisoire, a indiqu\u00e9 le parquet \u00e0 l&rsquo;AFP. Le minist\u00e8re public avait ouvert un peu plus t\u00f4t une information judiciaire notamment pour violence sur personne d\u00e9positaire de l&rsquo;autorit\u00e9 publique, avec usage d&rsquo;une arme, n&rsquo;ayant pas entra\u00een\u00e9 d&rsquo;incapacit\u00e9 de travail.<\/p>\n<p data-module=\"article-paragraph\" class=\"jsx-3046738180 Paragraph Paragraph__End\">Les d\u00e9bats se sont tenus dans l&rsquo;apr\u00e8s-midi \u00ab\u00a0\u00e0 l&rsquo;h\u00f4pital\u00a0\u00bb, \u00e9tant donn\u00e9 l&rsquo;\u00e9tat de sant\u00e9 de cet homme de 44 ans, bless\u00e9 \u00e0 la gorge par les coups de couteau qu&rsquo;il s&rsquo;est port\u00e9, et dont la cuisse a \u00e9t\u00e9 travers\u00e9e par la balle de la police. \u00ab\u00a0Il est ressorti des conclusions de l&rsquo;examen psychiatrique que le suspect pr\u00e9sentait des traits de personnalit\u00e9 antisociale, une faible tol\u00e9rance \u00e0 la frustration, ces traits \u00e9tant exacerb\u00e9s en p\u00e9riode d&rsquo;alcoolisation (jusqu&rsquo;\u00e0 2 litres de whisky par jour, selon les d\u00e9clarations de l&rsquo;int\u00e9ress\u00e9)\u00a0\u00bb, a pr\u00e9cis\u00e9 le parquet.<\/p>\n<p>Le policier \u00ab\u00a0en \u00e9tat de choc\u00a0\u00bb<\/p>\n<p data-module=\"article-paragraph\" class=\"jsx-3046738180 Paragraph\">Vendredi, le quadrag\u00e9naire arrivait en train de Rennes \u00e0 la gare parisienne, o\u00f9 il \u00e9tait attendu par les forces de l&rsquo;ordre dans le cadre d&rsquo;une enqu\u00eate pour violences conjugales, apr\u00e8s avoir d\u00e9j\u00e0 \u00e9t\u00e9 condamn\u00e9 en septembre. Dans son sac, ont \u00e9t\u00e9 retrouv\u00e9s \u00ab\u00a0un couteau de cuisine, un cutter, une bouteille d&rsquo;alcool et un pistolet \u00e0 billes sans munitions\u00a0\u00bb.<\/p>\n<p data-module=\"article-paragraph\" class=\"jsx-3046738180 Paragraph Paragraph__End\">Le policier qui a fait usage de son arme a d&rsquo;abord \u00e9t\u00e9 transport\u00e9 \u00ab\u00a0\u00e0 l&rsquo;h\u00f4pital en \u00e9tat de choc\u00a0\u00bb. Entendu en garde \u00e0 vue, il a expliqu\u00e9 avoir vu \u00ab\u00a0l&rsquo;homme arriver face \u00e0 lui\u00a0\u00bb et lui avoir \u00ab\u00a0intim\u00e9 \u00e0 quatre reprises de l\u00e2cher son arme\u00a0\u00bb.<\/p>\n<p><a href=\"https:\/\/www.tf1info.fr\/justice-faits-divers\/video-lci-un-homme-arme-neutralise-par-la-police-a-montparnasse-tout-de-suite-il-y-a-eu-un-mouvement-de-foule-2406782.html\" rel=\"noopener\" class=\"jsx-3308031228 Link flex\" target=\"_blank\"><img decoding=\"async\" src=\"https:\/\/www.europesays.com\/fr\/wp-content\/uploads\/2025\/11\/gare-montparnasse-paris-14-novembre-2025-542c49-0@1x.jpeg\" alt=\"AFP\" loading=\"lazy\" importance=\"low\" fetchpriority=\"low\" class=\"\" aria-hidden=\"true\"\/><\/p>\n<p class=\"jsx-3657663356 ReadMoreArticle__Title\">Lire aussi<\/p>\n<p class=\"jsx-3657663356\">Homme arm\u00e9 neutralis\u00e9 par la police \u00e0 la gare Montparnasse : \u00ab\u00a0Tout de suite, il y a eu un mouvement de foule\u00a0\u00bb<\/p>\n<p><\/a><\/p>\n<p data-module=\"article-paragraph\" class=\"jsx-3046738180 Paragraph\">Lorsqu&rsquo;il l&rsquo;a vu commencer \u00e0 se mutiler, il lui a encore demand\u00e9 \u00ab\u00a0deux fois d&rsquo;arr\u00eater avant de tirer en direction de ses jambes\u00a0\u00bb. Ses d\u00e9clarations ont \u00e9t\u00e9 \u00ab\u00a0corrobor\u00e9es par l&rsquo;exploitation de sa cam\u00e9ra-pi\u00e9ton\u00a0\u00bb, a pr\u00e9cis\u00e9 le parquet. Sa garde \u00e0 vue a \u00e9t\u00e9 lev\u00e9e \u00e0 l&rsquo;issue de l&rsquo;audition, son arme a \u00e9t\u00e9 saisie.<\/p>\n<p data-module=\"article-paragraph\" class=\"jsx-3046738180 Paragraph Paragraph__End\">Un passant, quinquag\u00e9naire, a aussi \u00e9t\u00e9 bless\u00e9 \u00e0 un pied par un tir policier.<\/p>\n<p>La r\u00e9daction de TF1info<\/p>\n","protected":false},"excerpt":{"rendered":"L&rsquo;homme arm\u00e9 d&rsquo;un couteau qui a \u00e9t\u00e9 neutralis\u00e9 vendredi \u00e0 la gare Montparnasse, \u00e0 Paris, a \u00e9t\u00e9 mis&hellip;\n","protected":false},"author":2,"featured_media":534159,"comment_status":"","ping_status":"","sticky":false,"template":"","format":"standard","meta":{"footnotes":""},"categories":[1888],"tags":[1111,1928,11,1927,1921,1777,674,1011,27,8037,1922,2954,12,1926,626,65384,1925,1072,25,2803,133,2953],"class_list":{"0":"post-545701","1":"post","2":"type-post","3":"status-publish","4":"format-standard","5":"has-post-thumbnail","7":"category-paris","8":"tag-actu","9":"tag-actu-paris","10":"tag-actualites","11":"tag-actualites-paris","12":"tag-article-video","13":"tag-eu","14":"tag-europe","15":"tag-fr","16":"tag-france","17":"tag-gare-montparnasse","18":"tag-info","19":"tag-justice-et-faits-divers","20":"tag-news","21":"tag-news-paris","22":"tag-paris","23":"tag-paris-un-homme-arme-dun-couteau-neutralise-par-la-police-a-la-gare-montparnasse","24":"tag-paris-news","25":"tag-police","26":"tag-republique-francaise","27":"tag-transport","28":"tag-video","29":"tag-video-police"},"share_on_mastodon":{"url":"https:\/\/pubeurope.com\/@fr\/115579104382078789","error":""},"_links":{"self":[{"href":"https:\/\/www.europesays.com\/fr\/wp-json\/wp\/v2\/posts\/545701","targetHints":{"allow":["GET"]}}],"collection":[{"href":"https:\/\/www.europesays.com\/fr\/wp-json\/wp\/v2\/posts"}],"about":[{"href":"https:\/\/www.europesays.com\/fr\/wp-json\/wp\/v2\/types\/post"}],"author":[{"embeddable":true,"href":"https:\/\/www.europesays.com\/fr\/wp-json\/wp\/v2\/users\/2"}],"replies":[{"embeddable":true,"href":"https:\/\/www.europesays.com\/fr\/wp-json\/wp\/v2\/comments?post=545701"}],"version-history":[{"count":0,"href":"https:\/\/www.europesays.com\/fr\/wp-json\/wp\/v2\/posts\/545701\/revisions"}],"wp:featuredmedia":[{"embeddable":true,"href":"https:\/\/www.europesays.com\/fr\/wp-json\/wp\/v2\/media\/534159"}],"wp:attachment":[{"href":"https:\/\/www.europesays.com\/fr\/wp-json\/wp\/v2\/media?parent=545701"}],"wp:term":[{"taxonomy":"category","embeddable":true,"href":"https:\/\/www.europesays.com\/fr\/wp-json\/wp\/v2\/categories?post=545701"},{"taxonomy":"post_tag","embeddable":true,"href":"https:\/\/www.europesays.com\/fr\/wp-json\/wp\/v2\/tags?post=545701"}],"curies":[{"name":"wp","href":"https:\/\/api.w.org\/{rel}","templated":true}]}}