{"id":545708,"date":"2025-11-20T00:08:31","date_gmt":"2025-11-20T00:08:31","guid":{"rendered":"https:\/\/www.europesays.com\/fr\/545708\/"},"modified":"2025-11-20T00:08:31","modified_gmt":"2025-11-20T00:08:31","slug":"alors-que-les-bombardements-russes-sintensifient-zelensky-tente-de-relancer-les-pourparlers-en-turquie-liberation","status":"publish","type":"post","link":"https:\/\/www.europesays.com\/fr\/545708\/","title":{"rendered":"alors que les bombardements russes s\u2019intensifient, Zelensky tente de relancer les pourparlers en Turquie \u2013 Lib\u00e9ration"},"content":{"rendered":"<p class=\"sc-cPiKLX AiZTS text-element\"><a href=\"https:\/\/www.liberation.fr\/international\/europe\/scandale-de-corruption-en-ukraine-zelensky-face-a-son-rubicon-20251112_YSE3Z2I6DFDC3OHSWHRR5PDB24\/\" target=\"_blank\" rel=\"noreferrer nofollow noopener\" title=\"https:\/\/www.liberation.fr\/international\/europe\/scandale-de-corruption-en-ukraine-zelensky-face-a-son-rubicon-20251112_YSE3Z2I6DFDC3OHSWHRR5PDB24\/\">Alors qu\u2019un s\u00e9isme politique<\/a> secoue l\u2019Ukraine, <a href=\"https:\/\/www.liberation.fr\/tags\/volodymyr-zelensky\/\" target=\"_blank\" rel=\"noreferrer nofollow noopener\" title=\"https:\/\/www.liberation.fr\/tags\/volodymyr-zelensky\/\">Volodymyr Zelensky<\/a> a continu\u00e9 cette semaine sa tourn\u00e9e diplomatique. A <a href=\"https:\/\/www.liberation.fr\/international\/europe\/macron-et-zelensky-signent-un-accord-pour-lachat-futur-de-100-rafale-20251117_XC475M4FLVC3RD2CQBLD6AIJ4I\/\" target=\"_blank\" rel=\"nofollow noopener\" title=\"https:\/\/www.liberation.fr\/international\/europe\/macron-et-zelensky-signent-un-accord-pour-lachat-futur-de-100-rafale-20251117_XC475M4FLVC3RD2CQBLD6AIJ4I\/\">Paris, lundi 17 novembre, il s\u2019est fait promettre des avions Rafale<\/a> ; \u00e0 Madrid, mardi, il a s\u00e9curis\u00e9 615 millions d\u2019euros en aides militaires. Et \u00e0 Ankara, ce mercredi, il entendait relancer des n\u00e9gociations avec Moscou, jamais vraiment sorties de l\u2019impasse. Avec son homologue turc, <a href=\"https:\/\/www.liberation.fr\/tags\/recep-tayyip-erdogan\/\" target=\"_blank\" rel=\"noreferrer nofollow noopener\" title=\"https:\/\/www.liberation.fr\/tags\/recep-tayyip-erdogan\/\">Recep Tayyip Erdogan<\/a>, en l\u2019absence des Russes, Volodymyr Zelensky esp\u00e9rait \u00abr\u00e9<\/p>\n","protected":false},"excerpt":{"rendered":"Alors qu\u2019un s\u00e9isme politique secoue l\u2019Ukraine, Volodymyr Zelensky a continu\u00e9 cette semaine sa tourn\u00e9e diplomatique. A Paris, lundi&hellip;\n","protected":false},"author":2,"featured_media":545709,"comment_status":"","ping_status":"","sticky":false,"template":"","format":"standard","meta":{"footnotes":""},"categories":[1591],"tags":[11,1887,12,1885,1886,132,3496,220,297,134],"class_list":{"0":"post-545708","1":"post","2":"type-post","3":"status-publish","4":"format-standard","5":"has-post-thumbnail","7":"category-russie","8":"tag-actualites","9":"tag-federation-de-russie","10":"tag-news","11":"tag-russia","12":"tag-russian-federation","13":"tag-russie","14":"tag-turquie","15":"tag-ukraine","16":"tag-ukraine-la-crise","17":"tag-volodymyr-zelensky"},"share_on_mastodon":{"url":"https:\/\/pubeurope.com\/@fr\/115579119510890426","error":""},"_links":{"self":[{"href":"https:\/\/www.europesays.com\/fr\/wp-json\/wp\/v2\/posts\/545708","targetHints":{"allow":["GET"]}}],"collection":[{"href":"https:\/\/www.europesays.com\/fr\/wp-json\/wp\/v2\/posts"}],"about":[{"href":"https:\/\/www.europesays.com\/fr\/wp-json\/wp\/v2\/types\/post"}],"author":[{"embeddable":true,"href":"https:\/\/www.europesays.com\/fr\/wp-json\/wp\/v2\/users\/2"}],"replies":[{"embeddable":true,"href":"https:\/\/www.europesays.com\/fr\/wp-json\/wp\/v2\/comments?post=545708"}],"version-history":[{"count":0,"href":"https:\/\/www.europesays.com\/fr\/wp-json\/wp\/v2\/posts\/545708\/revisions"}],"wp:featuredmedia":[{"embeddable":true,"href":"https:\/\/www.europesays.com\/fr\/wp-json\/wp\/v2\/media\/545709"}],"wp:attachment":[{"href":"https:\/\/www.europesays.com\/fr\/wp-json\/wp\/v2\/media?parent=545708"}],"wp:term":[{"taxonomy":"category","embeddable":true,"href":"https:\/\/www.europesays.com\/fr\/wp-json\/wp\/v2\/categories?post=545708"},{"taxonomy":"post_tag","embeddable":true,"href":"https:\/\/www.europesays.com\/fr\/wp-json\/wp\/v2\/tags?post=545708"}],"curies":[{"name":"wp","href":"https:\/\/api.w.org\/{rel}","templated":true}]}}