{"id":545715,"date":"2025-11-20T00:12:20","date_gmt":"2025-11-20T00:12:20","guid":{"rendered":"https:\/\/www.europesays.com\/fr\/545715\/"},"modified":"2025-11-20T00:12:20","modified_gmt":"2025-11-20T00:12:20","slug":"allemagne-retour-sur-le-proces-de-nuremberg-a-lorigine-de-la-justice-internationale-il-y-a-80-ans","status":"publish","type":"post","link":"https:\/\/www.europesays.com\/fr\/545715\/","title":{"rendered":"Allemagne: retour sur le proc\u00e8s de Nuremberg, \u00e0 l&rsquo;origine de la justice internationale il y a 80 ans"},"content":{"rendered":"<p>\n                                                Il y a 80 ans, le 20 novembre 1945, s\u2019ouvrait \u00e0 Nuremberg, en Allemagne, un proc\u00e8s historique contre des responsables du IIIe Reich nazi qui a capitul\u00e9 en mai de la m\u00eame ann\u00e9e. Les quatre alli\u00e9s vainqueurs de la Seconde Guerre mondiale n\u2019ont pas opt\u00e9 pour une justice exp\u00e9ditive, mais ont cr\u00e9\u00e9 un tribunal militaire international charg\u00e9 de juger les criminels nazis dans le respect de l\u2019\u00c9tat de droit. Des concepts in\u00e9dits, comme les crimes contre l\u2019humanit\u00e9, sont pos\u00e9s. Ils fondent les bases du droit p\u00e9nal international contemporain.                    <\/p>\n<p>Ils sont 21 haut dignitaires du r\u00e9gime nazi sur le banc des accus\u00e9s dans la salle 600 du tribunal de Nuremberg, ce 20 novembre 1945 : Hermann G\u00f6ring, le num\u00e9ro deux de Hitler, Rudolf Hess, la main droite du F\u00fchrer, Rosenberg, l\u2019id\u00e9ologue du r\u00e9gime ou encore l\u2019architecte de Hitler, Albert Speer. \u00a0<\/p>\n<p>Les accus\u00e9s plaident tous non coupables, se retranchent derri\u00e8re des ordres re\u00e7us et des situations particuli\u00e8res et affirment ne pas avoir connu les horreurs commises par le r\u00e9gime nazi. Leurs avocats savent que la culpabilit\u00e9 de leurs clients ne fait pas de doute en raison des preuves irr\u00e9futables. Un film sur l\u2019horreur des camps d\u2019extermination, des images encore peu connues \u00e0 l\u2019\u00e9poque, marquent le proc\u00e8s.\u00a0<\/p>\n<p>Si les accus\u00e9s ont d\u00e9nonc\u00e9 la justice des vainqueurs, trois d\u2019entre eux sont acquitt\u00e9s lorsque les verdicts sont prononc\u00e9s le 1er octobre 1946. Douze sont condamn\u00e9s \u00e0 mort et ex\u00e9cut\u00e9s par pendaison deux semaines plus tard. Les autres purgent des peines de prison.\u00a0<\/p>\n<p class=\"a-read-more\">\u00c0 lire aussi<a href=\"https:\/\/www.rfi.fr\/fr\/connaissances\/20251119-nuremberg-20-novembre-1945-proc\u00e8s-de-24-dignitaires-et-de-7-institutions-nazis\" target=\"_self\" class=\"a-read-more__link\" rel=\"noopener\">Nuremberg, 20 novembre 1945: proc\u00e8s de 24 dignitaires et de 7 institutions nazis<\/a><\/p>\n<p>Douze autres proc\u00e8s auront lieu dans les ann\u00e9es suivantes dans cette m\u00eame salle. Mais la guerre froide et la reconstruction de l\u2019<a href=\"https:\/\/www.rfi.fr\/fr\/tag\/allemagne\/\" target=\"_self\" rel=\"noopener\"><strong>Allemagne<\/strong><\/a> font passer ce pass\u00e9 \u00e0 l\u2019arri\u00e8re-plan. Depuis quinze ans, un m\u00e9morial informe le public dans le b\u00e2timent et attire 160 000 visiteurs par an, les trois quarts viennent de l\u2019\u00e9tranger.\u00a0<\/p>\n<p>\u00ab Tout a chang\u00e9. On est conscient aujourd\u2019hui de l\u2019importance de ce proc\u00e8s pour le travail historique sur les crimes du III\u00e8me Reich.\u00a0Je suis toujours surprise par l\u2019int\u00e9r\u00eat et les connaissances de nos visiteurs\u00a0\u00bb, d\u00e9clare Nina Lutz, la directrice du m\u00e9morial.<\/p>\n<p>Comme le montre l\u2019exemple de ces jeunes Allemands : \u00ab On voit d\u2019un c\u00f4t\u00e9 que le proc\u00e8s \u00e9tait \u00e9quitable, mais aussi que des criminels ont \u00e9t\u00e9 acquitt\u00e9s. Esp\u00e9rons que cela sera diff\u00e9rent \u00e0 l\u2019avenir, on pense \u00e0 l\u2019Ukraine par exemple \u00bb, analyse un jeune homme.\u00a0\u00ab Je n\u2019avais pas conscience de l\u2019importance du proc\u00e8s pour le droit p\u00e9nal international \u00bb, admet un autre. \u00ab \u00c7a montre qu\u2019on peut faire quelque chose contre ces crimes, mais le monde doit travailler ensemble \u00bb, ajoute un troisi\u00e8me.<\/p>\n<p>Le proc\u00e8s de Nuremberg n\u2019est pas qu\u2019un chapitre historique essentiel apr\u00e8s la chute du III\u00e8me Reich. Il marque une c\u00e9sure du droit international toujours d\u2019actualit\u00e9, comme l\u2019explique Gurgen Petrossian de l\u2019acad\u00e9mie des principes de Nuremberg :\u00a0\u00ab Les principes de Nuremberg ont une importance centrale pour le droit p\u00e9nal international. Ces r\u00e8gles ont \u00e9t\u00e9 reprises dans le droit national des \u00c9tats. Nous le voyons dans des proc\u00e8s aujourd\u2019hui o\u00f9 ces m\u00eames principes sont appliqu\u00e9s. \u00bb<\/p>\n<p>Le proc\u00e8s qui a commenc\u00e9 hier \u00e0 Coblence, contre cinq hommes accus\u00e9s de crimes de guerre et de crimes contre l\u2019humanit\u00e9 sous le r\u00e9gime Assad, en <a href=\"https:\/\/www.rfi.fr\/fr\/tag\/syrie\/\" target=\"_self\" rel=\"noopener\"><strong>Syrie<\/strong><\/a>, illustre cette actualit\u00e9 de Nuremberg.<\/p>\n<p class=\"a-read-more\">\u00c0 lire aussi<a href=\"https:\/\/www.rfi.fr\/fr\/podcasts\/grand-reportage\/20201119-75-ans-apr\u00e8s-nuremberg-ou-la-naissance-du-droit-p\u00e9nal-international\" target=\"_self\" class=\"a-read-more__link\" rel=\"noopener\">75 ans apr\u00e8s: Nuremberg ou la naissance du droit p\u00e9nal international<\/a><\/p>\n","protected":false},"excerpt":{"rendered":"Il y a 80 ans, le 20 novembre 1945, s\u2019ouvrait \u00e0 Nuremberg, en Allemagne, un proc\u00e8s historique contre&hellip;\n","protected":false},"author":2,"featured_media":545716,"comment_status":"","ping_status":"","sticky":false,"template":"","format":"standard","meta":{"footnotes":""},"categories":[1587],"tags":[11,672,1804,1805,1803,1777,674,1801,937,12,2436,1802,935],"class_list":{"0":"post-545715","1":"post","2":"type-post","3":"status-publish","4":"format-standard","5":"has-post-thumbnail","7":"category-allemagne","8":"tag-actualites","9":"tag-allemagne","10":"tag-bundesrepublik-deutschland","11":"tag-de","12":"tag-deutschland","13":"tag-eu","14":"tag-europe","15":"tag-germany","16":"tag-histoire","17":"tag-news","18":"tag-reportage-international","19":"tag-republique-federale-dallemagne","20":"tag-seconde-guerre-mondiale"},"share_on_mastodon":{"url":"https:\/\/pubeurope.com\/@fr\/115579135256043851","error":""},"_links":{"self":[{"href":"https:\/\/www.europesays.com\/fr\/wp-json\/wp\/v2\/posts\/545715","targetHints":{"allow":["GET"]}}],"collection":[{"href":"https:\/\/www.europesays.com\/fr\/wp-json\/wp\/v2\/posts"}],"about":[{"href":"https:\/\/www.europesays.com\/fr\/wp-json\/wp\/v2\/types\/post"}],"author":[{"embeddable":true,"href":"https:\/\/www.europesays.com\/fr\/wp-json\/wp\/v2\/users\/2"}],"replies":[{"embeddable":true,"href":"https:\/\/www.europesays.com\/fr\/wp-json\/wp\/v2\/comments?post=545715"}],"version-history":[{"count":0,"href":"https:\/\/www.europesays.com\/fr\/wp-json\/wp\/v2\/posts\/545715\/revisions"}],"wp:featuredmedia":[{"embeddable":true,"href":"https:\/\/www.europesays.com\/fr\/wp-json\/wp\/v2\/media\/545716"}],"wp:attachment":[{"href":"https:\/\/www.europesays.com\/fr\/wp-json\/wp\/v2\/media?parent=545715"}],"wp:term":[{"taxonomy":"category","embeddable":true,"href":"https:\/\/www.europesays.com\/fr\/wp-json\/wp\/v2\/categories?post=545715"},{"taxonomy":"post_tag","embeddable":true,"href":"https:\/\/www.europesays.com\/fr\/wp-json\/wp\/v2\/tags?post=545715"}],"curies":[{"name":"wp","href":"https:\/\/api.w.org\/{rel}","templated":true}]}}