{"id":545727,"date":"2025-11-20T00:20:15","date_gmt":"2025-11-20T00:20:15","guid":{"rendered":"https:\/\/www.europesays.com\/fr\/545727\/"},"modified":"2025-11-20T00:20:15","modified_gmt":"2025-11-20T00:20:15","slug":"le-staff-de-montpellier-sous-forte-pression","status":"publish","type":"post","link":"https:\/\/www.europesays.com\/fr\/545727\/","title":{"rendered":"Le staff de Montpellier sous forte pression !"},"content":{"rendered":"<p data-start=\"329\" data-end=\"665\">Montpellier attaque le deuxi\u00e8me bloc du Top 14 avec une forme d\u2019urgence. Apr\u00e8s un d\u00e9but de saison irr\u00e9gulier et une d\u00e9faite frustrante contre Clermont \u00e0 domicile (7-9), le MHR se d\u00e9place \u00e0 B\u00e9ziers pour affronter Perpignan ce samedi (16h35).<\/p>\n<p data-start=\"329\" data-end=\"665\">Dans les coulisses, une r\u00e9alit\u00e9 s\u2019impose : le staff montpelli\u00e9rain n\u2019a plus beaucoup de jokers.<\/p>\n<p data-start=\"667\" data-end=\"727\"><strong data-start=\"671\" data-end=\"727\">Un d\u00e9but de saison trop fragile pour \u00eatre tranquille<\/strong><\/p>\n<p data-start=\"728\" data-end=\"1110\">Montpellier a montr\u00e9 de belles choses contre des cadors \u2014 Toulouse (44-14) et La Rochelle (37-13) \u2014 mais a laiss\u00e9 filer trop de points \u00e0 l\u2019ext\u00e9rieur : Montauban (22-22), Toulon (27-17), Stade Fran\u00e7ais (35-12). R\u00e9sultat : la marche vers le Top 6 s\u2019est d\u00e9j\u00e0 compliqu\u00e9e.<\/p>\n<p data-start=\"728\" data-end=\"1110\">Les dirigeants ne tirent pas encore la sonnette d\u2019alarme, mais tout le monde sait que la patience a des limites.<\/p>\n<p data-start=\"1112\" data-end=\"1356\">Cette saison encore, plusieurs clubs ont d\u00e9j\u00e0 chang\u00e9 d\u2019entra\u00eeneurs. Montpellier n\u2019est pas dans l\u2019\u0153il du cyclone\u2026 mais pas totalement \u00e0 l\u2019abri non plus comme l\u2019indique <a href=\"https:\/\/www.midilibre.fr\/2025\/11\/19\/usap-mhr-conscient-de-lenjeu-de-la-rencontre-le-staff-montpellierain-attendu-au-tournant-13060848.php\" rel=\"nofollow noopener\" target=\"_blank\">Midi Libre<\/a>.<\/p>\n<p data-start=\"1358\" data-end=\"1413\"><strong data-start=\"1362\" data-end=\"1413\">Deux matchs d\u00e9cisifs pour Caudullo et son staff<\/strong><\/p>\n<p data-start=\"1414\" data-end=\"1747\">Joan Caudullo et ses adjoints abordent deux semaines capitales : d\u00e9placement \u00e0 Perpignan puis r\u00e9ception de Bordeaux-B\u00e8gles. Un nouveau faux pas mettrait clairement leur position en danger, m\u00eame avec Bernard Laporte en soutien dans l\u2019organigramme.<\/p>\n<p data-start=\"1414\" data-end=\"1747\">\u00ab Jouons le match avant d\u2019imaginer quoi que ce soit \u00bb, temp\u00e8re un membre du staff, toujours via Midi Libre.<\/p>\n<p data-start=\"1749\" data-end=\"1922\">Les joueurs ont pris conscience de l\u2019enjeu et se sont retrouv\u00e9s autour d\u2019un repas pour resserrer les liens. L\u2019avenir de leurs entra\u00eeneurs, ils le tiennent entre leurs mains.<\/p>\n<p data-start=\"1924\" data-end=\"2164\">En interne, l\u2019ambiance est d\u00e9crite comme tr\u00e8s saine. D\u00e9sormais, c\u2019est sur le terrain que les hommes de Joan Caudullo devront r\u00e9pondre pr\u00e9sents, sans quoi un gros bouleversement pourrait avoir lieu dans l\u2019organigramme du club.<\/p>\n<p data-start=\"1924\" data-end=\"2164\"><strong>Affaire \u00e0 suivre\u2026<\/strong><\/p>\n","protected":false},"excerpt":{"rendered":"Montpellier attaque le deuxi\u00e8me bloc du Top 14 avec une forme d\u2019urgence. Apr\u00e8s un d\u00e9but de saison irr\u00e9gulier&hellip;\n","protected":false},"author":2,"featured_media":545728,"comment_status":"","ping_status":"","sticky":false,"template":"","format":"standard","meta":{"footnotes":""},"categories":[1416],"tags":[1011,27,479,1468,60],"class_list":{"0":"post-545727","1":"post","2":"type-post","3":"status-publish","4":"format-standard","5":"has-post-thumbnail","7":"category-rugby","8":"tag-fr","9":"tag-france","10":"tag-rugby","11":"tag-rugby-football","12":"tag-sports"},"share_on_mastodon":{"url":"https:\/\/pubeurope.com\/@fr\/115579167400528794","error":""},"_links":{"self":[{"href":"https:\/\/www.europesays.com\/fr\/wp-json\/wp\/v2\/posts\/545727","targetHints":{"allow":["GET"]}}],"collection":[{"href":"https:\/\/www.europesays.com\/fr\/wp-json\/wp\/v2\/posts"}],"about":[{"href":"https:\/\/www.europesays.com\/fr\/wp-json\/wp\/v2\/types\/post"}],"author":[{"embeddable":true,"href":"https:\/\/www.europesays.com\/fr\/wp-json\/wp\/v2\/users\/2"}],"replies":[{"embeddable":true,"href":"https:\/\/www.europesays.com\/fr\/wp-json\/wp\/v2\/comments?post=545727"}],"version-history":[{"count":0,"href":"https:\/\/www.europesays.com\/fr\/wp-json\/wp\/v2\/posts\/545727\/revisions"}],"wp:featuredmedia":[{"embeddable":true,"href":"https:\/\/www.europesays.com\/fr\/wp-json\/wp\/v2\/media\/545728"}],"wp:attachment":[{"href":"https:\/\/www.europesays.com\/fr\/wp-json\/wp\/v2\/media?parent=545727"}],"wp:term":[{"taxonomy":"category","embeddable":true,"href":"https:\/\/www.europesays.com\/fr\/wp-json\/wp\/v2\/categories?post=545727"},{"taxonomy":"post_tag","embeddable":true,"href":"https:\/\/www.europesays.com\/fr\/wp-json\/wp\/v2\/tags?post=545727"}],"curies":[{"name":"wp","href":"https:\/\/api.w.org\/{rel}","templated":true}]}}