{"id":545729,"date":"2025-11-20T00:21:11","date_gmt":"2025-11-20T00:21:11","guid":{"rendered":"https:\/\/www.europesays.com\/fr\/545729\/"},"modified":"2025-11-20T00:21:11","modified_gmt":"2025-11-20T00:21:11","slug":"coupe-davis-moutet-regrette-profondement-ce-choix-sports","status":"publish","type":"post","link":"https:\/\/www.europesays.com\/fr\/545729\/","title":{"rendered":"Coupe Davis : Moutet \u00ab regrette profond\u00e9ment ce choix \u00bb : Sports"},"content":{"rendered":"<p class=\"date\">\n                                                            Fabien Le Floc&rsquo;h, Media365 : publi\u00e9 le mercredi 19 novembre 2025 \u00e0 23h31\n                                                    <\/p>\n<p>Corentin Moutet s&rsquo;est excus\u00e9 sur ses r\u00e9seaux sociaux pour son geste aussi insens\u00e9 que rat\u00e9 lors de sa d\u00e9faite contre le Belge Rapha\u00ebl Collignon (2-6, 7-5, 7-5) ce mardi en Coupe Davis.<\/p>\n<p>C&rsquo;est un coup qui va le poursuivre toute sa vie et qui risque de hanter ses nuits encore longtemps. <a href=\"https:\/\/sports.orange.fr\/tennis\/article\/bleus-moutet-je-me-dis-que-je-suis-un-clown-exclu-CNT000002lMhhh.html\" rel=\"nofollow noopener\" target=\"_blank\">Corentin Moutet s&rsquo;\u00e9tait d\u00e9j\u00e0 trait\u00e9 de \u00ab clown \u00bb mardi soir<\/a> apr\u00e8s sa tentative rat\u00e9e demi-vol\u00e9e entre les jambes \u00e0 6-5, 15A au deuxi\u00e8me set <a href=\"https:\/\/sports.orange.fr\/tennis\/article\/coupe-davis-moutet-reste-un-magicien-pour-les-belges-exclu-CNT000002lNf2F.html\" rel=\"nofollow noopener\" target=\"_blank\">face au Belge Rapha\u00ebl Collignon (2-6, 7-5, 7-5)<\/a>. \u00ab Le c\u0153ur lourd \u00bb, le joueur fran\u00e7ais a publi\u00e9 un communiqu\u00e9 sur son compte Instagram pour s&rsquo;excuser aupr\u00e8s de tout le monde.<\/p>\n<p>\u00ab J&rsquo;aurais voulu offrir mieux \u00e0 mon pays, \u00e0 mes co\u00e9quipiers, \u00e0 tout le staff. Je regrette profond\u00e9ment ce choix, ce coup, a-t-il \u00e9crit dans un long message ce mercredi. Je suis un joueur instinctif, c&rsquo;est ce qui m&rsquo;a construit, mais parfois cet instinct me trahit. Et quand \u00e7a arrive, je suis le premier \u00e0 tomber avec. Aujourd&rsquo;hui, j&rsquo;ai l&rsquo;impression d&rsquo;avoir failli \u00e0 ma mission. J&rsquo;ai voulu tout donner, j&rsquo;ai tout laiss\u00e9 sur le court&#8230; \u00bb<\/p>\n<p>\u00ab Je reviendrai plus fort \u00bb<\/p>\n<p>\u00ab J&rsquo;aurais voulu \u00eatre meilleur, \u00eatre l&rsquo;homme dont l&rsquo;\u00e9quipe avait besoin \u00e0 ce moment-l\u00e0, a-t-il expliqu\u00e9. Mais je suis d\u00e9sol\u00e9. D\u00e9sol\u00e9 pour ceux qui nous soutiennent, d\u00e9sol\u00e9 pour mes co\u00e9quipiers, d\u00e9sol\u00e9 de ne pas avoir r\u00e9ussi comme je l&rsquo;avais esp\u00e9r\u00e9. \u00bb Il est toutefois difficile de savoir quel impact ce geste rat\u00e9 aura sur la carri\u00e8re de Corentin Moutet, et principalement en \u00e9quipe de France. <a href=\"https:\/\/sports.orange.fr\/tennis\/article\/coupe-davis-les-regrets-de-rinderknech-CNT000002lNmGk.html\" rel=\"nofollow noopener\" target=\"_blank\">Pas s\u00fbr sur ses co\u00e9quipiers<\/a>, ou son s\u00e9lectionneur Paul-Henri Mathieu, ne pardonnent facilement une telle excentricit\u00e9 \u00e0 ce moment du match. M\u00eame si la d\u00e9faite face \u00e0 la Belgique n&rsquo;est pas enti\u00e8rement de sa faute, \u00e9videmment.<\/p>\n<p>Le 35e joueur mondial, qui venait de faire ses d\u00e9buts en \u00e9quipe de France au mois de septembre dernier, doit surtout esp\u00e9rer que cette rencontre face au Belge, 85e joueur ATP, ne soit pas sa derni\u00e8re sous le maillot bleu. \u00ab Je reviendrai plus fort, pour vous, pour l&rsquo;\u00e9quipe, pour mon drapeau \u00bb, a-t-il \u00e9crit en conclusion de son message. Mais ce pourrait bien ne pas \u00eatre de son ressort.<\/p>\n","protected":false},"excerpt":{"rendered":"Fabien Le Floc&rsquo;h, Media365 : publi\u00e9 le mercredi 19 novembre 2025 \u00e0 23h31 Corentin Moutet s&rsquo;est excus\u00e9 sur&hellip;\n","protected":false},"author":2,"featured_media":545730,"comment_status":"","ping_status":"","sticky":false,"template":"","format":"standard","meta":{"footnotes":""},"categories":[1415],"tags":[1011,27,60,1467],"class_list":{"0":"post-545729","1":"post","2":"type-post","3":"status-publish","4":"format-standard","5":"has-post-thumbnail","7":"category-tennis","8":"tag-fr","9":"tag-france","10":"tag-sports","11":"tag-tennis"},"share_on_mastodon":{"url":"https:\/\/pubeurope.com\/@fr\/115579170495429898","error":""},"_links":{"self":[{"href":"https:\/\/www.europesays.com\/fr\/wp-json\/wp\/v2\/posts\/545729","targetHints":{"allow":["GET"]}}],"collection":[{"href":"https:\/\/www.europesays.com\/fr\/wp-json\/wp\/v2\/posts"}],"about":[{"href":"https:\/\/www.europesays.com\/fr\/wp-json\/wp\/v2\/types\/post"}],"author":[{"embeddable":true,"href":"https:\/\/www.europesays.com\/fr\/wp-json\/wp\/v2\/users\/2"}],"replies":[{"embeddable":true,"href":"https:\/\/www.europesays.com\/fr\/wp-json\/wp\/v2\/comments?post=545729"}],"version-history":[{"count":0,"href":"https:\/\/www.europesays.com\/fr\/wp-json\/wp\/v2\/posts\/545729\/revisions"}],"wp:featuredmedia":[{"embeddable":true,"href":"https:\/\/www.europesays.com\/fr\/wp-json\/wp\/v2\/media\/545730"}],"wp:attachment":[{"href":"https:\/\/www.europesays.com\/fr\/wp-json\/wp\/v2\/media?parent=545729"}],"wp:term":[{"taxonomy":"category","embeddable":true,"href":"https:\/\/www.europesays.com\/fr\/wp-json\/wp\/v2\/categories?post=545729"},{"taxonomy":"post_tag","embeddable":true,"href":"https:\/\/www.europesays.com\/fr\/wp-json\/wp\/v2\/tags?post=545729"}],"curies":[{"name":"wp","href":"https:\/\/api.w.org\/{rel}","templated":true}]}}