{"id":545735,"date":"2025-11-20T00:27:12","date_gmt":"2025-11-20T00:27:12","guid":{"rendered":"https:\/\/www.europesays.com\/fr\/545735\/"},"modified":"2025-11-20T00:27:12","modified_gmt":"2025-11-20T00:27:12","slug":"kate-et-william-hyper-classes-en-tenues-assorties-pour-leur-premier-tapis-rouge-en-2-ans-photos","status":"publish","type":"post","link":"https:\/\/www.europesays.com\/fr\/545735\/","title":{"rendered":"Kate et William hyper classes en tenues assorties pour leur premier tapis rouge en 2 ans (Photos)"},"content":{"rendered":"<p><img loading=\"lazy\" decoding=\"async\" src=\"https:\/\/www.europesays.com\/fr\/wp-content\/uploads\/2025\/11\/bestimage_00733010_000007-273x410.jpg\" alt=\"Le prince William et la prince de Galles, et Catherine (Kate) Middleton au Royal Variety Performance au Royal Albert Hall \u00e0 Londres\" class=\"pinit-here\" width=\"273\" height=\"410\"\/><\/p>\n<p>\u00a9 Bestimage<\/p>\n<ul class=\"lists_legend\">\n<li class=\"active\">\n<p>\nLe prince William et la prince de Galles, et Catherine (Kate)<br \/>\nMiddleton au Royal Variety Performance au Royal Albert Hall \u00e0<br \/>\nLondres\n<\/p>\n<p>Le prince William, , et Kate<br \/>\nMiddleton, princesse de Galles, assistent au Royal Variety<br \/>\nPerformance au Royal Albert Hall \u00e0 Londres, le 19 novembre<\/p>\n<\/li>\n<li class=\"\">\n<p>\nKate et William assortis sur le tapis rouge\n<\/p>\n<p>Pour leur retour sur le tapis rouge<br \/>\napr\u00e8s deux ans d&rsquo;absence, le prince et la princesse de Galles<br \/>\navaient choisi des tenues assorties<\/p>\n<\/li>\n<li class=\"\">\n<p>\nKate Middleton \u00e0 la soir\u00e9e du\n<\/p>\n<p>En 2024, l&rsquo;association a cr\u00e9\u00e9 une<br \/>\n\u00e9quipe d\u00e9di\u00e9e \u00e0 l&rsquo;aide psychologique, une cause que William et Kate<br \/>\nMiddleton ont tous deux \u00e9rig\u00e9e en priorit\u00e9 dans leurs fonctions<br \/>\nroyales.<\/p>\n<\/li>\n<li class=\"\">\n<p>\nWilliam et Kate au Royal Albert Hall\n<\/p>\n<p>Les parents de George, Charlotte et<br \/>\nLouis avaient invit\u00e9 la princesse h\u00e9riti\u00e8re Victoria et le prince<br \/>\nDaniel de Su\u00e8de \u00e0 la soir\u00e9e<\/p>\n<\/li>\n<li class=\"\">\n<p>\nLe prince William et son \u00e9pouse Kate\n<\/p>\n<p>Le prince William et Kate Middleton<br \/>\nportaient tous les deux des pi\u00e8ces en velour.<\/p>\n<\/li>\n<li class=\"\">\n<p>\nLe prince William, prince de Galles, et Catherine (Kate)<br \/>\nMiddleton, princesse de Galles, assistent au Royal Variety<br \/>\nPerformance au Royal Albert Hall \u00e0 Londres\n<\/p>\n<p>Classe et glamour, le couple \u00e9tait<br \/>\nassorti pour leur retour \u00e0 l&rsquo;\u00e9v\u00e9nement. Ils n&rsquo;avaient pas particip\u00e9<br \/>\n\u00e0 la c\u00e9r\u00e9monie l&rsquo;an dernier, car Kate Middleton luttait contre son<br \/>\ncancer<\/p>\n<\/li>\n<\/ul>\n<p>Le prince et la princesse de Galles ont fait leur premi\u00e8re<br \/>\napparition sur le tapis rogue depuis novembre 2023, au<br \/>\n<strong>Royal Variety Performance 2025<\/strong>. C\u2019\u00e9tait la sixi\u00e8me<br \/>\nfois que les parents de George, Charlotte et Louis participaient \u00e0<br \/>\ncet \u00e9v\u00e9nement.<\/p>\n<p>Kate Middleton et le prince William avaient pour l\u2019occasion<br \/>\nchoisie des tenues coordonn\u00e9es et tr\u00e8s glamours.<\/p>\n<p>Kate et William font sensation pour une cause qui leur est<br \/>\nch\u00e8re<\/p>\n<p>Ce 19 novembre, au Royal Albert Hall avait lieu la collecte de<br \/>\nfonds annuelle pour la Royal Variety Charity, qui soutient les<br \/>\nprofessionnels du secteur du spectacle en difficult\u00e9. En 2024,<br \/>\nl&rsquo;association a cr\u00e9\u00e9 une \u00e9quipe d\u00e9di\u00e9e \u00e0 l&rsquo;aide psychologique, une<br \/>\ncause que <a href=\"https:\/\/www.closermag.fr\/royautes\/kate-et-william-comment-ont-ils-parle-du-cancer-de-leur-mere-a-charlotte-et-louis-3592954\" rel=\"nofollow noopener\" target=\"_blank\"><br \/>\nWilliam et Kate Middleton<\/a> ont tous deux \u00e9rig\u00e9e en priorit\u00e9 dans<br \/>\nleurs fonctions royales.<\/p>\n<p>Pour cette soir\u00e9e, la future reine portait une robe de velours<br \/>\nvert \u00e0 manches courtes et d\u00e9collet\u00e9 en V. La <a href=\"https:\/\/www.closermag.fr\/royautes\/kate-middleton-nous-sommes-ensemble-physiquement-mais-ces-mots-lourds-de-sens-de-la-femme-de-william-3594236\" rel=\"nofollow noopener\" target=\"_blank\"><br \/>\nprincesse de Galles<\/a> avait choisi de laisser ses cheveux l\u00e2ch\u00e9s<br \/>\npour cette soir\u00e9e et portait de somptueuses boucles d&rsquo;oreilles<br \/>\npendantes. Le prince William portait de son c\u00f4t\u00e9 un n\u0153ud papillon<br \/>\nnoir et une veste de costume en velours. La derni\u00e8re apparition du<br \/>\ncouple princier au Royal Variety Performance remontait \u00e0 2023. Le<br \/>\nprince et la princesse de Galles ont invit\u00e9 la princesse h\u00e9riti\u00e8re<br \/>\nVictoria et le prince Daniel de Su\u00e8de \u00e0 la soir\u00e9e, qui \u00e9taient en<br \/>\nvisite au Royaume-Uni.<\/p>\n<blockquote class=\"twitter-tweet\"><p><a class=\"twitter-link\" rel=\"noindex, nofollow noopener\" href=\"https:\/\/twitter.com\/HelloCanada\/status\/1991245455880016038\" target=\"_blank\"><\/p><\/blockquote>\n<p>Kate et William de retour sur le tapis<br \/>\nrouge apr\u00e8s deux ans d\u2019absence<\/p>\n<p>En 2024, la princesse Kate n&rsquo;avait fait que quelques apparitions<br \/>\npubliques apr\u00e8s avoir annonc\u00e9 qu&rsquo;elle suivait un traitement contre<br \/>\nle cancer. Kate Middleton avait en effet r\u00e9duit ses engagements<br \/>\npendant une grande partie de l&rsquo;ann\u00e9e. En janvier 2025, elle avait<br \/>\nannonc\u00e9 \u00eatre en r\u00e9mission.<\/p>\n<p>L\u2019an dernier, c\u2019est donc le roi <a href=\"https:\/\/www.closermag.fr\/royautes\/charles-iii-vous-permettra-bientot-de-lui-rendre-visite-a-buckingham-palace-3593713\" rel=\"nofollow noopener\" target=\"_blank\"><br \/>\nCharles III<\/a> qui avait repr\u00e9sent\u00e9 la famille royale au Royal<br \/>\nVariety Performance. Il avait assist\u00e9 seul \u00e0 l&rsquo;\u00e9v\u00e9nement apr\u00e8s<br \/>\nl&rsquo;annulation de derni\u00e8re minute de la reine Camilla, qui souffrait<br \/>\nd&rsquo;une infection pulmonaire persistante. Depuis 1921, ann\u00e9e o\u00f9 le<br \/>\nroi George V est devenu m\u00e9c\u00e8ne \u00e0 vie du Royal Variety Performance,<br \/>\nla pr\u00e9sence des membres de la famille royale est une tradition. \u00ab<br \/>\nLe m\u00e9c\u00e9nat \u00e0 vie du monarque r\u00e9gnant se poursuit encore<br \/>\naujourd&rsquo;hui, t\u00e9moignant du soutien et de l&rsquo;affection constants de<br \/>\nla famille royale pour le monde du spectacle \u00bb, peut-on lire<br \/>\nsur le site de l&rsquo;\u00e9v\u00e9nement.<\/p>\n<p><script async src=\"https:\/\/platform.twitter.com\/widgets.js\" charset=\"utf-8\"><\/script><\/p>\n","protected":false},"excerpt":{"rendered":"\u00a9 Bestimage Le prince William et la prince de Galles, et Catherine (Kate) Middleton au Royal Variety Performance&hellip;\n","protected":false},"author":2,"featured_media":545736,"comment_status":"","ping_status":"","sticky":false,"template":"","format":"standard","meta":{"footnotes":""},"categories":[1359],"tags":[58,59,1011,27,1638,6585,5858,973,3936],"class_list":{"0":"post-545735","1":"post","2":"type-post","3":"status-publish","4":"format-standard","5":"has-post-thumbnail","7":"category-people","8":"tag-divertissement","9":"tag-entertainment","10":"tag-fr","11":"tag-france","12":"tag-has_diapo","13":"tag-kate-et-william","14":"tag-kate-middleton","15":"tag-people","16":"tag-prince-william"},"share_on_mastodon":{"url":"https:\/\/pubeurope.com\/@fr\/115579195093049016","error":""},"_links":{"self":[{"href":"https:\/\/www.europesays.com\/fr\/wp-json\/wp\/v2\/posts\/545735","targetHints":{"allow":["GET"]}}],"collection":[{"href":"https:\/\/www.europesays.com\/fr\/wp-json\/wp\/v2\/posts"}],"about":[{"href":"https:\/\/www.europesays.com\/fr\/wp-json\/wp\/v2\/types\/post"}],"author":[{"embeddable":true,"href":"https:\/\/www.europesays.com\/fr\/wp-json\/wp\/v2\/users\/2"}],"replies":[{"embeddable":true,"href":"https:\/\/www.europesays.com\/fr\/wp-json\/wp\/v2\/comments?post=545735"}],"version-history":[{"count":0,"href":"https:\/\/www.europesays.com\/fr\/wp-json\/wp\/v2\/posts\/545735\/revisions"}],"wp:featuredmedia":[{"embeddable":true,"href":"https:\/\/www.europesays.com\/fr\/wp-json\/wp\/v2\/media\/545736"}],"wp:attachment":[{"href":"https:\/\/www.europesays.com\/fr\/wp-json\/wp\/v2\/media?parent=545735"}],"wp:term":[{"taxonomy":"category","embeddable":true,"href":"https:\/\/www.europesays.com\/fr\/wp-json\/wp\/v2\/categories?post=545735"},{"taxonomy":"post_tag","embeddable":true,"href":"https:\/\/www.europesays.com\/fr\/wp-json\/wp\/v2\/tags?post=545735"}],"curies":[{"name":"wp","href":"https:\/\/api.w.org\/{rel}","templated":true}]}}