{"id":545738,"date":"2025-11-20T00:30:27","date_gmt":"2025-11-20T00:30:27","guid":{"rendered":"https:\/\/www.europesays.com\/fr\/545738\/"},"modified":"2025-11-20T00:30:27","modified_gmt":"2025-11-20T00:30:27","slug":"lea-salame-son-compagnon-dans-le-viseur-de-cyril-hanouna-et-il-le-tacle-violemment","status":"publish","type":"post","link":"https:\/\/www.europesays.com\/fr\/545738\/","title":{"rendered":"L\u00e9a Salam\u00e9 : son compagnon dans le viseur de Cyril Hanouna et il le tacle violemment !"},"content":{"rendered":"<p>Ce mardi 18 novembre, Eric Zemmour et Rapha\u00ebl Glucksmann \u00e9tait<br \/>\nface \u00e0 face dans l\u2019\u00e9mission \u00ab\u00a0La Grande confrontation\u00a0\u00bb sur<br \/>\nLCI. le d\u00e9put\u00e9 europ\u00e9en a r\u00e9pondu \u00e0 des questions avant de d\u00e9battre<br \/>\navec le leader de Reconqu\u00eate.<\/p>\n<p>Le lendemain dans TBT9, Cyril Hanouna a donn\u00e9 son avis cash sur<br \/>\nle compagnon de L\u00e9a Salam\u00e9. Et l\u2019animateur n\u2019y est pas all\u00e9 de<br \/>\nmains mortes.<\/p>\n<p>Cyril Hanouna tacle violemment Rapha\u00ebl Glucksmann<\/p>\n<p>Ce 18 novembre,\u00a0<strong>Rapha\u00ebl Glucksmann<\/strong> a<br \/>\nparticip\u00e9 \u00e0 l\u2019\u00e9mission La Grande Confrontation\u00a0sur<br \/>\nLCI. Celui qui est souvent \u00e9voqu\u00e9 pour la pr\u00e9sidentielle 2027, a<br \/>\nr\u00e9pondu aux questions de t\u00e9l\u00e9spectateurs, sur la r\u00e9forme des<br \/>\nretraites, l\u2019agriculture, la justice fiscale ou encore l\u2019Ukraine.<br \/>\nMais en plateau, le ton est rapidement mont\u00e9 lors de sa<br \/>\nconfrontation avec\u00a0<strong>\u00c9ric Zemmour<\/strong>. Les deux<br \/>\nhommes politiques ont eu des <strong>\u00e9changes tendus<\/strong>,<br \/>\nobligeant <a href=\"https:\/\/www.closermag.fr\/politique\/eric-zemmour-et-raphael-glucksmann-manquent-de-se-sauter-dessus-david-pujadas-les-separe-3594223\" target=\"_blank\" rel=\"noopener\"><br \/>\nDavid Pujadas<\/a> \u00e0 s\u2019interposer physiquement. Le lendemain,<br \/>\n<a href=\"https:\/\/www.closermag.fr\/people\/cyril-hanouna-oeil-au-beurre-noir-bras-fracture-ses-chroniqueurs-sous-le-choc-3593952\" target=\"_blank\" rel=\"noopener\"><br \/>\nCyril Hanouna<\/a> et ses chroniqueurs \u00e9voquaient ce d\u00e9bat houleux<br \/>\ndans Tout beau, tout n9uf.<\/p>\n<p><strong>\u00a0\u00ab\u00a0<\/strong>Eric Zemmour il sait tr\u00e8s bien qu&rsquo;il<br \/>\nne va pas \u00eatre pr\u00e9sident mais maintenant il essaie de faire 6-7%.<br \/>\nEt Rapha\u00ebl Glucksmann, excusez-moi, pour l&rsquo;instant il n&rsquo;est pas<br \/>\ndans les favoris\u00a0\u00bb a d\u2019abord soulign\u00e9 Cyril Hanouna.<br \/>\nL\u2019animateur a ensuite compar\u00e9 l\u2019eurod\u00e9put\u00e9 avec une autre figure de<br \/>\nla gauche : Jean-Luc M\u00e9lenchon. Il a alors avou\u00e9 que, m\u00eame s\u2019il ne<br \/>\npartage pas ses id\u00e9es, le leader de La France insoumise a selon lui<br \/>\nun certain charisme. \u00ab\u00a0M\u00e9lenchon, qu&rsquo;on aime ou qu&rsquo;on n&rsquo;aime<br \/>\npas, quand ils arrivent sur un plateau, je suis d\u00e9sol\u00e9 mais il se<br \/>\npasse un truc. <strong>C&rsquo;est pas Rapha\u00ebl<br \/>\nGlucksmann\u00a0\u00bb<\/strong>\u00a0a-t-il alors lanc\u00e9. Le trublion du<br \/>\nPAF ne s\u2019est pas arr\u00eat\u00e9 l\u00e0 et a ensuite tacl\u00e9 \u00e0 plusieurs reprises<br \/>\nle compagnon de <a href=\"https:\/\/www.closermag.fr\/tv_tele_realite\/lea-salame-au-bataclan-le-derapage-de-trop-et-ca-risque-de-couter-cher-3593665\" target=\"_blank\" rel=\"noopener\"><br \/>\nL\u00e9a Salam\u00e9<\/a>.<\/p>\n<blockquote class=\"twitter-tweet\"><p><a class=\"twitter-link\" rel=\"noindex, nofollow noopener\" href=\"https:\/\/twitter.com\/TBT9_W9\/status\/1991224973269090357\" target=\"_blank\"><\/p><\/blockquote>\n<p>Le compagnon de L\u00e9a Salam\u00e9 en prend<br \/>\npour son grade dans TBT9<\/p>\n<p>Cyril Hanouna a continu\u00e9 de d\u00e9zinguer <a href=\"https:\/\/www.closermag.fr\/people\/lea-salame-bientot-premiere-dame-de-france-raphael-glucksmann-pret-a-lexploit-pour-lui-offrir-le-titre-3584402\" target=\"_blank\" rel=\"noopener\"><br \/>\nRapha\u00ebl Glucksmann<\/a>, devant ses chroniqueurs qui acquies\u00e7aient.<br \/>\n\u00ab\u00a0M\u00e9lenchon, il arrive sur un plateau, c&rsquo;est un<br \/>\n<strong>monstre<\/strong>. T&rsquo;es pas d&rsquo;accord avec M\u00e9lenchon, au<br \/>\nmoins tu peux dire \u00a0\u2018je suis d&rsquo;accord ou je suis pas d&rsquo;accord<br \/>\navec M\u00e9lenchon\u2019. Mais M\u00e9lenchon propose des choses. Rapha\u00ebl<br \/>\nGlucksmann, c&rsquo;est <strong>une limace\u00a0\u00bb<\/strong>\u00a0a-t-il<br \/>\nl\u00e2ch\u00e9.<\/p>\n<p>L\u2019animateur a ensuite imit\u00e9 le d\u00e9put\u00e9 europ\u00e9en, avec un sourire<br \/>\nniais. \u00ab\u00a0Glucksmann tu lui mets une \u00e9charpe il va \u00e0 Miss France.<br \/>\n(&#8230;) \u00a0\u2018Je veux un meilleur univers, je veux que les<br \/>\ncoquelicots parlent\u2019\u00a0\u00bb a-t-il ensuite d\u00e9clar\u00e9, en se moquant du<br \/>\nleader de Place publique. \u00ab\u00a0C\u2019est une belle <strong>coquille<br \/>\nvide\u00a0\u00bb<\/strong>\u00a0a rench\u00e9ri Gilles Verdez.<\/p>\n<p><script async src=\"https:\/\/platform.twitter.com\/widgets.js\" charset=\"utf-8\"><\/script><\/p>\n","protected":false},"excerpt":{"rendered":"Ce mardi 18 novembre, Eric Zemmour et Rapha\u00ebl Glucksmann \u00e9tait face \u00e0 face dans l\u2019\u00e9mission \u00ab\u00a0La Grande confrontation\u00a0\u00bb&hellip;\n","protected":false},"author":2,"featured_media":545739,"comment_status":"","ping_status":"","sticky":false,"template":"","format":"standard","meta":{"footnotes":""},"categories":[1356],"tags":[1083,58,59,1011,27,3806,15923,252,1364],"class_list":{"0":"post-545738","1":"post","2":"type-post","3":"status-publish","4":"format-standard","5":"has-post-thumbnail","7":"category-television","8":"tag-cyril-hanouna","9":"tag-divertissement","10":"tag-entertainment","11":"tag-fr","12":"tag-france","13":"tag-lea-salame","14":"tag-raphael-glucksmann","15":"tag-television","16":"tag-tv"},"share_on_mastodon":{"url":"https:\/\/pubeurope.com\/@fr\/115579205908068064","error":""},"_links":{"self":[{"href":"https:\/\/www.europesays.com\/fr\/wp-json\/wp\/v2\/posts\/545738","targetHints":{"allow":["GET"]}}],"collection":[{"href":"https:\/\/www.europesays.com\/fr\/wp-json\/wp\/v2\/posts"}],"about":[{"href":"https:\/\/www.europesays.com\/fr\/wp-json\/wp\/v2\/types\/post"}],"author":[{"embeddable":true,"href":"https:\/\/www.europesays.com\/fr\/wp-json\/wp\/v2\/users\/2"}],"replies":[{"embeddable":true,"href":"https:\/\/www.europesays.com\/fr\/wp-json\/wp\/v2\/comments?post=545738"}],"version-history":[{"count":0,"href":"https:\/\/www.europesays.com\/fr\/wp-json\/wp\/v2\/posts\/545738\/revisions"}],"wp:featuredmedia":[{"embeddable":true,"href":"https:\/\/www.europesays.com\/fr\/wp-json\/wp\/v2\/media\/545739"}],"wp:attachment":[{"href":"https:\/\/www.europesays.com\/fr\/wp-json\/wp\/v2\/media?parent=545738"}],"wp:term":[{"taxonomy":"category","embeddable":true,"href":"https:\/\/www.europesays.com\/fr\/wp-json\/wp\/v2\/categories?post=545738"},{"taxonomy":"post_tag","embeddable":true,"href":"https:\/\/www.europesays.com\/fr\/wp-json\/wp\/v2\/tags?post=545738"}],"curies":[{"name":"wp","href":"https:\/\/api.w.org\/{rel}","templated":true}]}}