{"id":545742,"date":"2025-11-20T00:33:17","date_gmt":"2025-11-20T00:33:17","guid":{"rendered":"https:\/\/www.europesays.com\/fr\/545742\/"},"modified":"2025-11-20T00:33:17","modified_gmt":"2025-11-20T00:33:17","slug":"wicked-partie-ii-deux-steelbooks-4k-en-france-steelbookpro","status":"publish","type":"post","link":"https:\/\/www.europesays.com\/fr\/545742\/","title":{"rendered":"Wicked Partie II : deux steelbooks 4K en France \u00ab Steelbookpro"},"content":{"rendered":"<p>\t\t    \t\t\t\tWicked Partie II : deux steelbooks 4K en France<\/p>\n<p>\u00a0<\/p>\n<p>\u2014 19 novembre 2025 \u2014 Le film \u00ab\u00a0<strong>Wicked Partie II<\/strong>\u00a0\u00bb aura droit \u00e0<strong> deux<\/strong> steelbooks<strong> 4K <\/strong>en<strong> France<\/strong>\u00a0dont un <strong>sp\u00e9cial fnac<\/strong>. Pas encore de visuel.<\/p>\n<p>Editeur : <strong>Universal<\/strong><\/p>\n<p>Prix\u00a0: <strong>34,99 \u20ac + 5 \u20ac offert <\/strong>pour le sp\u00e9cial fnac\u00a0 (blu-ray 4K + blu-ray)<\/p>\n<p style=\"text-align: center;\"><a href=\"https:\/\/steelbookpro.fr\/2024\/11\/22\/wicked-steelbook-4k\/\" data-wpel-link=\"internal\" rel=\"nofollow noopener\" target=\"_blank\"><strong>VOIR STEELBOOK WICKED PARTIE I<\/strong><\/a> (rupture)<\/p>\n<p>\u00a0<\/p>\n<p style=\"text-align: center;\"><strong>Audio<\/strong>: <a href=\"https:\/\/www.europesays.com\/fr\/wp-content\/uploads\/2025\/06\/Drapeau-FR.png\" data-slb-active=\"1\" data-slb-asset=\"929685350\" data-slb-internal=\"0\" data-slb-group=\"97425\" data-wpel-link=\"internal\"><img loading=\"lazy\" decoding=\"async\" class=\"alignnone size-full wp-image-93609\" src=\"https:\/\/www.europesays.com\/fr\/wp-content\/uploads\/2025\/06\/Drapeau-FR.png\" alt=\"\" width=\"15\" height=\"10\" \/><\/a><br \/><strong>Sous-titres<\/strong>: <a href=\"https:\/\/www.europesays.com\/fr\/wp-content\/uploads\/2025\/06\/Drapeau-FR.png\" data-slb-active=\"1\" data-slb-asset=\"929685350\" data-slb-internal=\"0\" data-slb-group=\"97425\" data-wpel-link=\"internal\"><img loading=\"lazy\" decoding=\"async\" class=\"alignnone size-full wp-image-93609\" src=\"https:\/\/www.europesays.com\/fr\/wp-content\/uploads\/2025\/06\/Drapeau-FR.png\" alt=\"\" width=\"15\" height=\"10\" \/><\/a><\/p>\n<p>\u00a0<\/p>\n<p style=\"text-align: center;\"><a href=\"https:\/\/www.europesays.com\/fr\/wp-content\/uploads\/2025\/11\/wicked-partie-ii-df7b658bbd.jpg\" data-slb-active=\"1\" data-slb-asset=\"1741509187\" data-slb-internal=\"0\" data-slb-group=\"97425\" data-wpel-link=\"internal\"><img loading=\"lazy\" decoding=\"async\" class=\"alignnone  wp-image-97427\" src=\"https:\/\/www.europesays.com\/fr\/wp-content\/uploads\/2025\/11\/wicked-partie-ii-df7b658bbd.jpg\" alt=\"\" width=\"313\" height=\"470\"   \/><\/a><\/p>\n<p style=\"text-align: center;\">Une affiche<\/p>\n<p style=\"text-align: center;\"><b>Pr\u00e9commandez* Wicked Partie II STEELBOOK 4K <\/b><strong>sp\u00e9cial fnac :<\/strong><\/p>\n<p style=\"text-align: center;\"><a href=\"https:\/\/www.awin1.com\/cread.php?awinmid=12665&amp;awinaffid=206233&amp;ued=https%3A%2F%2Fwww.fnac.com%2Fa22341356%2FWicked-Partie-II-Edition-Limitee-Speciale-Fnac-Steelbook-Blu-ray-4K-Ultra-HD-Ariana-Grande-Blu-ray-4K\" data-wpel-link=\"external\" target=\"_blank\" rel=\"nofollow external noopener noreferrer\" class=\"ext-link\"><img loading=\"lazy\" decoding=\"async\" class=\"alignnone wp-image-94475\" src=\"https:\/\/www.europesays.com\/fr\/wp-content\/uploads\/2025\/11\/bouton-acheter-fnac-1.png\" alt=\"\" width=\"161\" height=\"67\" \/><\/a><\/p>\n<p style=\"text-align: center;\"><b>Pr\u00e9commandez* Wicked Partie II STEELBOOK 4K <\/b><strong>FR :<\/strong><\/p>\n<p style=\"text-align: center;\"><a href=\"https:\/\/www.awin1.com\/cread.php?awinmid=12665&amp;awinaffid=206233&amp;ued=https%3A%2F%2Fwww.fnac.com%2Fa22341077%2FWicked-Partie-II-Blu-ray-4K-Ultra-HD-Ariana-Grande-Blu-ray-4K\" data-wpel-link=\"external\" target=\"_blank\" rel=\"nofollow external noopener noreferrer\" class=\"ext-link\"><img loading=\"lazy\" decoding=\"async\" class=\"alignnone wp-image-94475\" src=\"https:\/\/www.europesays.com\/fr\/wp-content\/uploads\/2025\/11\/bouton-acheter-fnac-1.png\" alt=\"\" width=\"161\" height=\"67\" \/><\/a><\/p>\n<p>\u00a0<\/p>\n<p>* liens r\u00e9mun\u00e9r\u00e9s par Amazon, fnac, zavvi, Leclerc ou Cultura en cas d\u2019achat (<a href=\"https:\/\/steelbookpro.fr\/affiliation\/\" data-wpel-link=\"internal\" rel=\"nofollow noopener\" target=\"_blank\">en savoir plus<\/a>)<br \/>\u00a0<\/p>\n","protected":false},"excerpt":{"rendered":"Wicked Partie II : deux steelbooks 4K en France \u00a0 \u2014 19 novembre 2025 \u2014 Le film \u00ab\u00a0Wicked&hellip;\n","protected":false},"author":2,"featured_media":189191,"comment_status":"","ping_status":"","sticky":false,"template":"","format":"standard","meta":{"footnotes":""},"categories":[1354],"tags":[58,59,1346,1011,27,1360],"class_list":{"0":"post-545742","1":"post","2":"type-post","3":"status-publish","4":"format-standard","5":"has-post-thumbnail","7":"category-films","8":"tag-divertissement","9":"tag-entertainment","10":"tag-films","11":"tag-fr","12":"tag-france","13":"tag-movies"},"share_on_mastodon":{"url":"https:\/\/pubeurope.com\/@fr\/115579219268892684","error":""},"_links":{"self":[{"href":"https:\/\/www.europesays.com\/fr\/wp-json\/wp\/v2\/posts\/545742","targetHints":{"allow":["GET"]}}],"collection":[{"href":"https:\/\/www.europesays.com\/fr\/wp-json\/wp\/v2\/posts"}],"about":[{"href":"https:\/\/www.europesays.com\/fr\/wp-json\/wp\/v2\/types\/post"}],"author":[{"embeddable":true,"href":"https:\/\/www.europesays.com\/fr\/wp-json\/wp\/v2\/users\/2"}],"replies":[{"embeddable":true,"href":"https:\/\/www.europesays.com\/fr\/wp-json\/wp\/v2\/comments?post=545742"}],"version-history":[{"count":0,"href":"https:\/\/www.europesays.com\/fr\/wp-json\/wp\/v2\/posts\/545742\/revisions"}],"wp:featuredmedia":[{"embeddable":true,"href":"https:\/\/www.europesays.com\/fr\/wp-json\/wp\/v2\/media\/189191"}],"wp:attachment":[{"href":"https:\/\/www.europesays.com\/fr\/wp-json\/wp\/v2\/media?parent=545742"}],"wp:term":[{"taxonomy":"category","embeddable":true,"href":"https:\/\/www.europesays.com\/fr\/wp-json\/wp\/v2\/categories?post=545742"},{"taxonomy":"post_tag","embeddable":true,"href":"https:\/\/www.europesays.com\/fr\/wp-json\/wp\/v2\/tags?post=545742"}],"curies":[{"name":"wp","href":"https:\/\/api.w.org\/{rel}","templated":true}]}}