{"id":545761,"date":"2025-11-20T00:43:23","date_gmt":"2025-11-20T00:43:23","guid":{"rendered":"https:\/\/www.europesays.com\/fr\/545761\/"},"modified":"2025-11-20T00:43:23","modified_gmt":"2025-11-20T00:43:23","slug":"un-sacre-privilege-pour-le-petit-poucet-de-la-coupe-de-france-coupe-de-france-8e-tour-saint-etienne-us-ecotay-moingt","status":"publish","type":"post","link":"https:\/\/www.europesays.com\/fr\/545761\/","title":{"rendered":"Un sacr\u00e9 privil\u00e8ge pour le petit Poucet de la Coupe de France &#8211; Coupe de France &#8211; 8e tour &#8211; Saint-\u00c9tienne-US Ecotay Moingt"},"content":{"rendered":"<p>Le bapt\u00eame du Chaudron.<\/p>\n<p>Les 29 et 30 novembre prochains, la Coupe de France reprend ses droits \u00e0 l\u2019occasion du huiti\u00e8me tour. Tombeuse de l\u2019Entente Nord Loz\u00e8re (R2) au tour pr\u00e9c\u00e9dent (4-4, 4-3 aux TAB), <strong>l\u2019US Ecotay Moingt (R3) est le tout-petit de ce huiti\u00e8me tour.<\/strong> Apr\u00e8s le tirage au sort, les Lig\u00e9riens joueront <strong>l\u2019AS Saint-\u00c9tienne<\/strong> (Ligue 2), en prime time sur Bein Sports, le samedi 29 novembre \u00e0 20h30.<\/p>\n<p>Directeur sportif du club st\u00e9phanois, <a target=\"_blank\" href=\"https:\/\/www.sofoot.com\/breves\/le-numero-24-de-loic-perrin-retire-a-las-saint-etienne-france\" rel=\"nofollow noopener\">la l\u00e9gende Lo\u00efc Perrin<\/a> a rendu visite ce mardi soir aux joueurs de R\u00e9gional 3, avant leur entra\u00eenement, pour leur annoncer une tr\u00e8s belle nouvelle : \u00ab\u00a0<strong>Le club a accept\u00e9 de faire le match \u00e0 Geoffroy-Guichard.<\/strong> Je vous l\u2019annonce officiellement.\u00a0\u00bb<\/p>\n<blockquote class=\"twitter-tweet\">\n<p lang=\"fr\" dir=\"ltr\">\ud83d\udc9a Une f\u00eate, \u00e0 la maison, et en prime time !<br \/>\nL\u2019ASSE est tr\u00e8s heureuse de donner rendez-vous \u00e0 l\u2019US Ecotay-Moingt dans le Chaudron ! \ud83e\udd79\ud83c\udfe0 <a target=\"_blank\" href=\"https:\/\/t.co\/BcouiowYR9\" rel=\"nofollow\">pic.twitter.com\/BcouiowYR9<\/a><\/p>\n<p>\u2014 AS Saint-\u00c9tienne (@ASSEofficiel) <a target=\"_blank\" href=\"https:\/\/twitter.com\/ASSEofficiel\/status\/1990876637391466775?ref_src=twsrc%5Etfw\" rel=\"nofollow noopener\">November 18, 2025<\/a><\/p><\/blockquote>\n<p>Le plus grand moment de leur carri\u00e8re<\/p>\n<p>Alors qu\u2019elle abrite dans son effectif de nombreux \u00ab\u00a0supporters et abonn\u00e9s\u202f\u00bb\u00a0de l\u2019AS Saint-\u00c9tienne, l\u2019US Ecotay Moingt aura l\u2019occasion de jouer dans l\u2019<a target=\"_blank\" href=\"https:\/\/www.sofoot.com\/articles\/un-homme-un-stade-geoffroy-guichard\" rel=\"nofollow noopener\">un des stades les plus mythiques du pays<\/a>, devant plus de 40 000 personnes. \u00ab\u00a0On voulait vous offrir cette opportunit\u00e9, a continu\u00e9 Lo\u00efc Perrin. En esp\u00e9rant que \u00e7a reste pour vous le plus grand moment de votre carri\u00e8re. J\u2019esp\u00e8re que \u00e7a vous fait plaisir. Encore une fois, f\u00e9licitations pour votre beau parcours.\u00a0\u00bb<\/p>\n<p>Interrog\u00e9 par le m\u00e9dia <a target=\"_blank\" href=\"https:\/\/www.francebleu.fr\/sports\/football\/un-reve-de-gamin-ecotay-moingt-se-qualifie-et-affrontera-l-asse-dans-un-derby-de-la-loire-en-coupe-de-france-5043790\" rel=\"nofollow noopener\">Ici Saint-\u00c9tienne Loire<\/a> \u00e0 la fin du septi\u00e8me tour, le buteur d\u2019Ecotay Moingt Beno\u00eet Brunon a d\u00e9clar\u00e9 que son r\u00eave, \u00ab\u00a0c\u2019\u00e9tait de\u00a0jouer pour les Verts. On va les affronter, \u00e7a va \u00eatre quelque chose de magnifique.\u00a0\u00bb<\/p>\n<p>Il est pr\u00eat \u00e0 <a target=\"_blank\" href=\"https:\/\/www.sofoot.com\/breves\/fekir-le-geste-en-soi-je-ne-regrette-pas-ligue-1-j12-asse-lyon-0-5\" rel=\"nofollow noopener\">montrer son maillot<\/a> aux tribunes du Chaudron.<\/p>\n<p>\t\t\t\t\t\t\t\t\t\t<a class=\"lien-connexe\" href=\"https:\/\/www.sofoot.com\/breves\/ligue-2-saint-etienne-se-relance-en-soffrant-le-leader-troyes\" rel=\"nofollow noopener\" target=\"_blank\">Saint-\u00c9tienne ram\u00e8ne Troyes sur terre<\/a>\t\t\t\t\t<script async src=\"https:\/\/platform.twitter.com\/widgets.js\" charset=\"utf-8\"><\/script><\/p>\n","protected":false},"excerpt":{"rendered":"Le bapt\u00eame du Chaudron. Les 29 et 30 novembre prochains, la Coupe de France reprend ses droits \u00e0&hellip;\n","protected":false},"author":2,"featured_media":545762,"comment_status":"","ping_status":"","sticky":false,"template":"","format":"standard","meta":{"footnotes":""},"categories":[9653],"tags":[1111,47,11,61,2430,69,65,64,1777,674,63,1011,27,68,66,12,62,70,25,4001,67],"class_list":{"0":"post-545761","1":"post","2":"type-post","3":"status-publish","4":"format-standard","5":"has-post-thumbnail","7":"category-saint-etienne","8":"tag-actu","9":"tag-actualite","10":"tag-actualites","11":"tag-actus-football","12":"tag-auvergne-rhone-alpes","13":"tag-bundesliga","14":"tag-championnats-europeens","15":"tag-equipe-de-france","16":"tag-eu","17":"tag-europe","18":"tag-football","19":"tag-fr","20":"tag-france","21":"tag-ligua","22":"tag-ligue-1","23":"tag-news","24":"tag-news-foot","25":"tag-premier-league","26":"tag-republique-francaise","27":"tag-saint-etienne","28":"tag-serie-a"},"share_on_mastodon":{"url":"https:\/\/pubeurope.com\/@fr\/115579257085282660","error":""},"_links":{"self":[{"href":"https:\/\/www.europesays.com\/fr\/wp-json\/wp\/v2\/posts\/545761","targetHints":{"allow":["GET"]}}],"collection":[{"href":"https:\/\/www.europesays.com\/fr\/wp-json\/wp\/v2\/posts"}],"about":[{"href":"https:\/\/www.europesays.com\/fr\/wp-json\/wp\/v2\/types\/post"}],"author":[{"embeddable":true,"href":"https:\/\/www.europesays.com\/fr\/wp-json\/wp\/v2\/users\/2"}],"replies":[{"embeddable":true,"href":"https:\/\/www.europesays.com\/fr\/wp-json\/wp\/v2\/comments?post=545761"}],"version-history":[{"count":0,"href":"https:\/\/www.europesays.com\/fr\/wp-json\/wp\/v2\/posts\/545761\/revisions"}],"wp:featuredmedia":[{"embeddable":true,"href":"https:\/\/www.europesays.com\/fr\/wp-json\/wp\/v2\/media\/545762"}],"wp:attachment":[{"href":"https:\/\/www.europesays.com\/fr\/wp-json\/wp\/v2\/media?parent=545761"}],"wp:term":[{"taxonomy":"category","embeddable":true,"href":"https:\/\/www.europesays.com\/fr\/wp-json\/wp\/v2\/categories?post=545761"},{"taxonomy":"post_tag","embeddable":true,"href":"https:\/\/www.europesays.com\/fr\/wp-json\/wp\/v2\/tags?post=545761"}],"curies":[{"name":"wp","href":"https:\/\/api.w.org\/{rel}","templated":true}]}}