{"id":545787,"date":"2025-11-20T01:02:14","date_gmt":"2025-11-20T01:02:14","guid":{"rendered":"https:\/\/www.europesays.com\/fr\/545787\/"},"modified":"2025-11-20T01:02:14","modified_gmt":"2025-11-20T01:02:14","slug":"om-greenwood-perdu-de-zerbi-a-commis-lirreparable-avant-nice","status":"publish","type":"post","link":"https:\/\/www.europesays.com\/fr\/545787\/","title":{"rendered":"OM : Greenwood perdu, De Zerbi a commis l\u2019irr\u00e9parable avant Nice !"},"content":{"rendered":"<p><strong>Lionel Charbonnier conseille \u00e0 Roberto De Zerbi de faire attention \u00e0 ses choix tactiques. Notamment avec Mason Greenwood (24 ans), un sensible qui ne pourrait pas avoir compris pourquoi le coach de l\u2019OM s\u2019est pass\u00e9 de lui sur certains matches.<\/strong><\/p>\n<p>L\u2019<a href=\"https:\/\/www.butfootballclub.fr\/1629826-om-mercato-griezmann-a-marseille-cet-hiver-il-dit-oui\/\" target=\"_blank\" rel=\"noopener\">OM<\/a> a un p\u00e9rilleux d\u00e9placement \u00e0 Nice en ouverture de la 13e journ\u00e9e de Ligue 1 (20h45). En plus d\u2019une infirmerie pleine, Roberto De Zerbi devra composer avec les possibles \u00e9tats d\u2019\u00e2me de Mason Greenwood. Selon Lionel Charbonnier, la gestion r\u00e9cente du joueur de 24 ans par le technicien italien pourrait avoir des cons\u00e9quences directes sur la dynamique de l\u2019\u00e9quipe. \u00ab De Zerbi est trop investi, trop supporter, pratiquement joueur. Son esprit d\u2019analyse est compl\u00e8tement biais\u00e9 et \u00e7a, les joueurs s\u2019en rendent compte \u00bb, explique-t-il sur RMC Sport.\u00a0<\/p>\n<p>Le champion du monde 98 met notamment en avant le match perdu en Ligue des Champions par l\u2019<a href=\"https:\/\/www.butfootballclub.fr\/1629811-om-gros-coup-dur-pour-aguerd-lhecatombe-continue-avant-nice\/\" target=\"_blank\" rel=\"noopener\">OM<\/a> contre le Sporting Lisbonne (1-2), o\u00f9 Greenwood avait \u00e9t\u00e9 remplac\u00e9 \u00e0 la pause alors qu\u2019il \u00e9tait le meilleur sur le terrain. \u00ab De Zerbi a perdu Greenwood \u00e0 la pause \u00e0 Lisbonne alors que c\u2019\u00e9tait son meilleur joueur. \u00c7a, les joueurs ne comprendront jamais pourquoi on les sort alors qu\u2019ils sont en pleine bourre \u00bb, d\u00e9plore Charbonnier.<\/p>\n<p>\u00ab\u00a0De Zerbi a perdu Greenwood\u00a0\u00bb<\/p>\n<p>Le probl\u00e8me, selon lui, est accentu\u00e9 par les comparaisons constantes avec l\u2019ann\u00e9e pr\u00e9c\u00e9dente. \u00ab En plus, De Zerbi a compar\u00e9 Greenwood \u00e0 celui de l\u2019ann\u00e9e derni\u00e8re sauf qu\u2019il n\u2019a plus rien \u00e0 voir cette ann\u00e9e ! \u00c7a, le joueur ne comprend pas, poursuit-il. Comme par hasard, Greenwood s\u2019est remis en question mais tu n\u2019as pas retrouv\u00e9 le m\u00eame joueur le match d\u2019apr\u00e8s. D\u00e9j\u00e0, tu joues avec un joueur amoindri\u2026 Pour moi, De Zerbi s\u2019est tromp\u00e9.\u00a0\u00bb<\/p>\n<p>Charbonnier conclut sur les cons\u00e9quences possibles pour l\u2019<a href=\"https:\/\/www.butfootballclub.fr\/1629686-om-mercato-benatia-pret-a-chiper-le-meilleur-plan-de-lasse-en-janvier\/\" target=\"_blank\" rel=\"noopener\">OM<\/a> : \u00ab Des joueurs, tu peux en perdre comme \u00e7a un, deux ou trois. \u00c0 l\u2019OM, \u00e7a va tr\u00e8s vite. Et on se rend compte que la dynamique est rompue. \u00bb L\u2019avertissement est clair : De Zerbi doit calibrer ses d\u00e9cisions, surtout avec des talents sensibles comme Greenwood, pour ne pas mettre en p\u00e9ril l\u2019\u00e9quilibre de son \u00e9quipe.<\/p>\n","protected":false},"excerpt":{"rendered":"Lionel Charbonnier conseille \u00e0 Roberto De Zerbi de faire attention \u00e0 ses choix tactiques. Notamment avec Mason Greenwood&hellip;\n","protected":false},"author":2,"featured_media":545788,"comment_status":"","ping_status":"","sticky":false,"template":"","format":"standard","meta":{"footnotes":""},"categories":[2819],"tags":[1111,11,448,1777,674,63,1011,27,66,3388,12,2401,882,25,10662],"class_list":{"0":"post-545787","1":"post","2":"type-post","3":"status-publish","4":"format-standard","5":"has-post-thumbnail","7":"category-nice","8":"tag-actu","9":"tag-actualites","10":"tag-champions-league","11":"tag-eu","12":"tag-europe","13":"tag-football","14":"tag-fr","15":"tag-france","16":"tag-ligue-1","17":"tag-matchs","18":"tag-news","19":"tag-nice","20":"tag-provence-alpes-cote-dazur","21":"tag-republique-francaise","22":"tag-transferts"},"share_on_mastodon":{"url":"https:\/\/pubeurope.com\/@fr\/115579331806898559","error":""},"_links":{"self":[{"href":"https:\/\/www.europesays.com\/fr\/wp-json\/wp\/v2\/posts\/545787","targetHints":{"allow":["GET"]}}],"collection":[{"href":"https:\/\/www.europesays.com\/fr\/wp-json\/wp\/v2\/posts"}],"about":[{"href":"https:\/\/www.europesays.com\/fr\/wp-json\/wp\/v2\/types\/post"}],"author":[{"embeddable":true,"href":"https:\/\/www.europesays.com\/fr\/wp-json\/wp\/v2\/users\/2"}],"replies":[{"embeddable":true,"href":"https:\/\/www.europesays.com\/fr\/wp-json\/wp\/v2\/comments?post=545787"}],"version-history":[{"count":0,"href":"https:\/\/www.europesays.com\/fr\/wp-json\/wp\/v2\/posts\/545787\/revisions"}],"wp:featuredmedia":[{"embeddable":true,"href":"https:\/\/www.europesays.com\/fr\/wp-json\/wp\/v2\/media\/545788"}],"wp:attachment":[{"href":"https:\/\/www.europesays.com\/fr\/wp-json\/wp\/v2\/media?parent=545787"}],"wp:term":[{"taxonomy":"category","embeddable":true,"href":"https:\/\/www.europesays.com\/fr\/wp-json\/wp\/v2\/categories?post=545787"},{"taxonomy":"post_tag","embeddable":true,"href":"https:\/\/www.europesays.com\/fr\/wp-json\/wp\/v2\/tags?post=545787"}],"curies":[{"name":"wp","href":"https:\/\/api.w.org\/{rel}","templated":true}]}}