{"id":545825,"date":"2025-11-20T01:25:12","date_gmt":"2025-11-20T01:25:12","guid":{"rendered":"https:\/\/www.europesays.com\/fr\/545825\/"},"modified":"2025-11-20T01:25:12","modified_gmt":"2025-11-20T01:25:12","slug":"usa-la-journaliste-traitee-de-truie-par-trump-la-cherche","status":"publish","type":"post","link":"https:\/\/www.europesays.com\/fr\/545825\/","title":{"rendered":"USA: la journaliste trait\u00e9e de \u00ab\u00a0truie\u00a0\u00bb par Trump l&rsquo;a \u00ab\u00a0cherch\u00e9\u00a0\u00bb"},"content":{"rendered":"<p class=\"lede\">\u00ab\u00a0Quand on cherche la bagarre, on la trouve\u00a0\u00bb: la Maison Blanche a persist\u00e9 mercredi apr\u00e8s que Donald Trump a trait\u00e9 une journaliste de \u00ab\u00a0truie\u00a0\u00bb (\u00ab\u00a0piggy\u00a0\u00bb) dans l&rsquo;avion pr\u00e9sidentiel, un propos sexiste qui suscite une vive indignation.<\/p>\n<p>\u00ab\u00a0Cette journaliste s&rsquo;est conduite d&rsquo;une mani\u00e8re qui n&rsquo;\u00e9tait pas convenable ni professionnelle par rapport \u00e0 ses coll\u00e8gues dans l&rsquo;avion. Quand on cherche la bagarre, on la trouve\u00a0\u00bb, a comment\u00e9 un responsable de la Maison Blanche sollicit\u00e9 par l&rsquo;AFP, qui a requis l&rsquo;anonymat.<\/p>\n<p>La mani\u00e8re dont la journaliste Catherine Lucey, de l&rsquo;agence de presse am\u00e9ricaine Bloomberg, avait interpell\u00e9 Donald Trump vendredi \u00e0 bord de l&rsquo;Air Force One n&rsquo;avait toutefois rien d&rsquo;inhabituel.<\/p>\n<p>Lorsque le pr\u00e9sident am\u00e9ricain r\u00e9pond \u00e0 des questions, que ce soit dans son avion ou dans le Bureau ovale, les journalistes rivalisent toujours pour attirer son attention, en haussant la voix et parfois en se coupant la parole les uns les autres.<\/p>\n<p>C&rsquo;est ce qui s&rsquo;est pass\u00e9 pendant cet \u00e9change, devenu r\u00e9ellement viral mardi.<\/p>\n<p>Donald Trump, qui comme \u00e0 son habitude \u00e9tait venu passer quelques minutes dans la cabine d&rsquo;Air Force One r\u00e9serv\u00e9e \u00e0 la presse, a \u00e9t\u00e9 interrog\u00e9 sur l&rsquo;affaire Epstein, dans laquelle son gouvernement se trouve emp\u00eatr\u00e9 depuis plusieurs mois.<\/p>\n<p>Il a r\u00e9pondu, visiblement agac\u00e9, ne rien savoir des crimes sexuels du financier qu&rsquo;il avait c\u00f4toy\u00e9 de nombreuses ann\u00e9es et qui s&rsquo;est suicid\u00e9 en prison avant son proc\u00e8s.<\/p>\n<p>C&rsquo;est alors que la journaliste de Bloomberg a cherch\u00e9 \u00e0 relancer le pr\u00e9sident avec une question sur son refus de publier les documents d&rsquo;enqu\u00eate.<\/p>\n<p>\u00ab\u00a0Personne horrible\u00a0\u00bb<\/p>\n<p>Il l&rsquo;a interrompue, s&rsquo;est pench\u00e9 vers elle, l&rsquo;a point\u00e9e du doigt et lui a lanc\u00e9: \u00ab\u00a0Tais-toi. Tais-toi la truie!\u00a0\u00bb (\u00ab\u00a0Quiet, quiet piggy\u00a0\u00bb).<\/p>\n<p>Donald Trump multiplie depuis janvier les attaques verbales contre les journalistes repr\u00e9sentant des m\u00e9dias qu&rsquo;il juge hostiles.<\/p>\n<p>Contact\u00e9e par l&rsquo;AFP pour une r\u00e9action, l&rsquo;association qui repr\u00e9sente les correspondants \u00e0 la Maison Blanche (WHCA) n&rsquo;a pas imm\u00e9diatement r\u00e9pondu.<\/p>\n<p>Mardi, le pr\u00e9sident am\u00e9ricain a aussi attaqu\u00e9 Mary Bruce, d&rsquo;ABC News.<\/p>\n<p>\u00ab\u00a0Vous \u00eates une personne horrible\u00a0\u00bb, a ass\u00e9n\u00e9 Donald Trump, qualifiant sa cha\u00eene de \u00ab\u00a0fake news\u00a0\u00bb et estimant que le m\u00e9dia devrait \u00eatre priv\u00e9 de licence.<\/p>\n<p>La journaliste lui a pos\u00e9 des questions sur de possibles conflits d&rsquo;int\u00e9r\u00eat en Arabie saoudite et sur le scandale Jeffrey Epstein, alors que le pr\u00e9sident am\u00e9ricain recevait dans le Bureau ovale le prince h\u00e9ritier saoudien, Mohammed ben Salmane.<\/p>\n<p>Elle a aussi \u00e9voqu\u00e9 l&rsquo;assassinat du journaliste Jamal Khashoggi, ce qui a d\u00e9clench\u00e9 la fureur de Donald Trump. Il lui a reproch\u00e9 de chercher \u00e0 \u00ab\u00a0embarrasser\u00a0\u00bb le dirigeant saoudien, qui avait \u00e9t\u00e9 mis en cause par les services de renseignement am\u00e9ricains dans ce meurtre.<\/p>\n<p>La Maison Blanche est repartie \u00e0 la charge contre ABC mercredi, en la qualifiant dans un communiqu\u00e9 d'\u00a0\u00bbop\u00e9ration de communication d\u00e9mocrate qui se fait passer pour une cha\u00eene de t\u00e9l\u00e9vision.\u00a0\u00bb<\/p>\n<p>La cha\u00eene, vis\u00e9e par l&rsquo;une des nombreuses actions en justice lanc\u00e9es par le pr\u00e9sident am\u00e9ricain contre des m\u00e9dias, avait accept\u00e9 en fin d&rsquo;ann\u00e9e derni\u00e8re de lui verser 15 millions de dollars de d\u00e9dommagements pour mettre fin \u00e0 des poursuites pour diffamation.<\/p>\n<p>Cet article a \u00e9t\u00e9 publi\u00e9 automatiquement. Sources : ats \/ afp<\/p>\n","protected":false},"excerpt":{"rendered":"\u00ab\u00a0Quand on cherche la bagarre, on la trouve\u00a0\u00bb: la Maison Blanche a persist\u00e9 mercredi apr\u00e8s que Donald Trump&hellip;\n","protected":false},"author":2,"featured_media":545826,"comment_status":"","ping_status":"","sticky":false,"template":"","format":"standard","meta":{"footnotes":""},"categories":[1589],"tags":[11,73,1866,12,1864,1865,1863,308],"class_list":{"0":"post-545825","1":"post","2":"type-post","3":"status-publish","4":"format-standard","5":"has-post-thumbnail","7":"category-etats-unis","8":"tag-actualites","9":"tag-etats-unis","10":"tag-etats-unis-damerique","11":"tag-news","12":"tag-united-states","13":"tag-united-states-of-america","14":"tag-us","15":"tag-usa"},"share_on_mastodon":{"url":"https:\/\/pubeurope.com\/@fr\/115579422203547215","error":""},"_links":{"self":[{"href":"https:\/\/www.europesays.com\/fr\/wp-json\/wp\/v2\/posts\/545825","targetHints":{"allow":["GET"]}}],"collection":[{"href":"https:\/\/www.europesays.com\/fr\/wp-json\/wp\/v2\/posts"}],"about":[{"href":"https:\/\/www.europesays.com\/fr\/wp-json\/wp\/v2\/types\/post"}],"author":[{"embeddable":true,"href":"https:\/\/www.europesays.com\/fr\/wp-json\/wp\/v2\/users\/2"}],"replies":[{"embeddable":true,"href":"https:\/\/www.europesays.com\/fr\/wp-json\/wp\/v2\/comments?post=545825"}],"version-history":[{"count":0,"href":"https:\/\/www.europesays.com\/fr\/wp-json\/wp\/v2\/posts\/545825\/revisions"}],"wp:featuredmedia":[{"embeddable":true,"href":"https:\/\/www.europesays.com\/fr\/wp-json\/wp\/v2\/media\/545826"}],"wp:attachment":[{"href":"https:\/\/www.europesays.com\/fr\/wp-json\/wp\/v2\/media?parent=545825"}],"wp:term":[{"taxonomy":"category","embeddable":true,"href":"https:\/\/www.europesays.com\/fr\/wp-json\/wp\/v2\/categories?post=545825"},{"taxonomy":"post_tag","embeddable":true,"href":"https:\/\/www.europesays.com\/fr\/wp-json\/wp\/v2\/tags?post=545825"}],"curies":[{"name":"wp","href":"https:\/\/api.w.org\/{rel}","templated":true}]}}