{"id":545827,"date":"2025-11-20T01:26:16","date_gmt":"2025-11-20T01:26:16","guid":{"rendered":"https:\/\/www.europesays.com\/fr\/545827\/"},"modified":"2025-11-20T01:26:16","modified_gmt":"2025-11-20T01:26:16","slug":"nigel-farage-nie-avoir-tenu-des-propos-racistes-et-antisemites-quand-il-etait-collegien","status":"publish","type":"post","link":"https:\/\/www.europesays.com\/fr\/545827\/","title":{"rendered":"Nigel Farage nie avoir tenu des propos racistes et antis\u00e9mites quand il \u00e9tait coll\u00e9gien"},"content":{"rendered":"<p>\n    Un porte-parole du parti Reform UK a qualifi\u00e9 ces t\u00e9moignages d\u2019\u00abaccusations enti\u00e8rement infond\u00e9es\u00bb, estimant qu\u2019il n\u2019y avait \u00abaucune preuve pour corroborer ces souvenirs contestables datant d\u2019il y a pr\u00e8s de 50 ans\u00bb.<\/p>\n<p class=\"fig-paragraph\">Le chef du parti anti-immigration Reform UK,\u00a0<a href=\"http:\/\/www.lefigaro.fr\/flash-actu\/royaume-uni-un-migrant-condamne-a-5-ans-de-prison-pour-avoir-menace-de-mort-nigel-farage-20251014\" data-fig-type=\"NewsFlash\" data-gtm-custom-categorie=\"navigation\" data-gtm-custom-action=\"crossclick\" data-gtm-custom-label=\"Contextuel\" data-gtm-event=\"customEventSPE\" data-fig-domain=\"LEFIGARO\" rel=\"nofollow noopener\" target=\"_blank\">Nigel Farage<\/a>, donn\u00e9 en t\u00eate dans les sondages d&rsquo;opinion au\u00a0<a href=\"http:\/\/www.lefigaro.fr\/international\/le-royaume-uni-n-est-pas-en-etat-de-se-defendre-en-cas-de-guerre-20251119\" data-fig-type=\"Article\" data-gtm-custom-categorie=\"navigation\" data-gtm-custom-action=\"crossclick\" data-gtm-custom-label=\"Contextuel\" data-gtm-event=\"customEventSPE\" data-fig-domain=\"LEFIGARO\" rel=\"nofollow noopener\" target=\"_blank\">Royaume-Uni<\/a>, rejette des accusations selon lesquelles il aurait tenu des propos racistes et antis\u00e9mites lorsqu&rsquo;il \u00e9tait coll\u00e9gien, a indiqu\u00e9 mercredi son porte-parole.<\/p>\n<p class=\"fig-paragraph\">Le journal de centre-gauche The Guardian a publi\u00e9 mardi un article accusant l&rsquo;ex-chantre du Brexit d&rsquo;avoir tenu des propos racistes et antis\u00e9mites alors qu&rsquo;il \u00e9tait \u00e9l\u00e8ve au prestigieux Dulwich College, dans le sud de Londres, dans les ann\u00e9es 1970.<\/p>\n<p>                                    <a class=\"fig-a11y-skip a11y-hidden\" href=\"#fig-a11y-skip-main-inarticle\"><br \/>\n        Passer la publicit\u00e9<br \/>\n    <\/a><\/p>\n<p class=\"fig-paragraph\">L&rsquo;article s&rsquo;appuie sur les t\u00e9moignages d&rsquo;une douzaine d&rsquo;anciens \u00e9l\u00e8ves, dont celui du r\u00e9alisateur Peter Ettedgui. \u00abJe n&rsquo;avais jamais \u00e9t\u00e9 confront\u00e9 \u00e0 l&rsquo;antis\u00e9mitisme pendant mon enfance, alors la premi\u00e8re fois que ces propos haineux sont sortis de la bouche de Farage, cela m&rsquo;a profond\u00e9ment choqu\u00e9\u00bb, a racont\u00e9 au journal celui dont les grands-parents ont fui l&rsquo;Allemagne nazie.<\/p>\n<p>\u00abHitler avait raison\u00bb<\/p>\n<p class=\"fig-paragraph\">Sollicit\u00e9 par l&rsquo;AFP, un porte-parole du parti de Nigel Farage a qualifi\u00e9 ces t\u00e9moignages d&rsquo;\u00abaccusations enti\u00e8rement infond\u00e9es\u00bb, estimant qu&rsquo;il n&rsquo;y avait \u00abaucune preuve pour corroborer ces souvenirs contestables datant d&rsquo;il y a pr\u00e8s de 50 ans\u00bb. \u00abNous nous attendons pleinement \u00e0 ce que ces tentatives cyniques de diffamer Reform et d&rsquo;induire le public en erreur s&rsquo;intensifient \u00e0 l&rsquo;approche des prochaines \u00e9lections\u00bb, a-t-il ajout\u00e9.<\/p>\n<p class=\"fig-paragraph\">Le parti de M. Farage fait depuis plusieurs mois la course en t\u00eate dans les sondages d&rsquo;intentions de vote bien que les \u00e9lections l\u00e9gislatives ne soient pas pr\u00e9vues avant 2029. Dans le Guardian, Peter Ettedgui affirme que lorsqu&rsquo;il avait 13 ans et \u00e9tait en classe avec Nigel Farage, ce dernier s&rsquo;approchait de lui en disant \u00ab\u201cHitler avait raison\u201d ou \u201cGazez-les\u201d, ajoutant parfois un long sifflement pour imiter le bruit des chambres \u00e0 gaz\u00bb.<\/p>\n<p class=\"fig-paragraph\">Il raconte en outre avoir entendu d&rsquo;autres insultes de sa part visant des \u00e9l\u00e8ves d&rsquo;origine pakistanaise. Un autre ancien \u00e9l\u00e8ve affirme que Farage chantait une chanson raciste et faisait le salut nazi. S&rsquo;adressant \u00e0 des journalistes mercredi, un porte-parole de Reform a indiqu\u00e9 que le d\u00e9put\u00e9 ne comptait pas poursuivre le journal en justice \u00ab\u00e0 ce stade\u00bb mais que l&rsquo;option restait sur la table.<\/p>\n","protected":false},"excerpt":{"rendered":"Un porte-parole du parti Reform UK a qualifi\u00e9 ces t\u00e9moignages d\u2019\u00abaccusations enti\u00e8rement infond\u00e9es\u00bb, estimant qu\u2019il n\u2019y avait \u00abaucune&hellip;\n","protected":false},"author":2,"featured_media":545828,"comment_status":"","ping_status":"","sticky":false,"template":"","format":"standard","meta":{"footnotes":""},"categories":[1588],"tags":[11,6155,1777,674,12,10669,10162,473,1853,1851,1850,1852],"class_list":{"0":"post-545827","1":"post","2":"type-post","3":"status-publish","4":"format-standard","5":"has-post-thumbnail","7":"category-royaume-uni","8":"tag-actualites","9":"tag-antisemitisme","10":"tag-eu","11":"tag-europe","12":"tag-news","13":"tag-nigel-farage","14":"tag-racisme","15":"tag-royaume-uni","16":"tag-royaume-uni-de-grande-bretagne-et-dirlande-du-nord","17":"tag-uk","18":"tag-united-kingdom","19":"tag-united-kingdom-of-great-britain-and-northern-ireland"},"share_on_mastodon":{"url":"https:\/\/pubeurope.com\/@fr\/115579426398694464","error":""},"_links":{"self":[{"href":"https:\/\/www.europesays.com\/fr\/wp-json\/wp\/v2\/posts\/545827","targetHints":{"allow":["GET"]}}],"collection":[{"href":"https:\/\/www.europesays.com\/fr\/wp-json\/wp\/v2\/posts"}],"about":[{"href":"https:\/\/www.europesays.com\/fr\/wp-json\/wp\/v2\/types\/post"}],"author":[{"embeddable":true,"href":"https:\/\/www.europesays.com\/fr\/wp-json\/wp\/v2\/users\/2"}],"replies":[{"embeddable":true,"href":"https:\/\/www.europesays.com\/fr\/wp-json\/wp\/v2\/comments?post=545827"}],"version-history":[{"count":0,"href":"https:\/\/www.europesays.com\/fr\/wp-json\/wp\/v2\/posts\/545827\/revisions"}],"wp:featuredmedia":[{"embeddable":true,"href":"https:\/\/www.europesays.com\/fr\/wp-json\/wp\/v2\/media\/545828"}],"wp:attachment":[{"href":"https:\/\/www.europesays.com\/fr\/wp-json\/wp\/v2\/media?parent=545827"}],"wp:term":[{"taxonomy":"category","embeddable":true,"href":"https:\/\/www.europesays.com\/fr\/wp-json\/wp\/v2\/categories?post=545827"},{"taxonomy":"post_tag","embeddable":true,"href":"https:\/\/www.europesays.com\/fr\/wp-json\/wp\/v2\/tags?post=545827"}],"curies":[{"name":"wp","href":"https:\/\/api.w.org\/{rel}","templated":true}]}}